{"id":21488,"date":"2024-06-09T07:00:24","date_gmt":"2024-06-09T05:00:24","guid":{"rendered":"https:\/\/www.generationsanstabac.org\/actualites\/la-cote-divoire-est-le-deuxieme-pays-africain-a-adopter-le-paquet-neutre\/"},"modified":"2024-06-09T07:00:24","modified_gmt":"2024-06-09T05:00:24","slug":"la-cote-divoire-est-le-deuxieme-pays-africain-a-adopter-le-paquet-neutre","status":"publish","type":"actualites","link":"https:\/\/www.generationsanstabac.org\/fr\/actualites\/la-cote-divoire-est-le-deuxieme-pays-africain-a-adopter-le-paquet-neutre\/","title":{"rendered":"La C\u00f4te d\u2019Ivoire est le deuxi\u00e8me pays africain \u00e0 adopter le paquet neutre"},"content":{"rendered":"<p style=\"text-align: justify;\"><em>La C\u00f4te d&rsquo;Ivoire a adopt\u00e9, par ordonnance minist\u00e9rielle, l\u2019instauration du paquet neutre pour les produits du tabac. Cette initiative, faisant de la C\u00f4te d&rsquo;Ivoire le deuxi\u00e8me pays africain apr\u00e8s Maurice \u00e0 adopter cette mesure, vise \u00e0 r\u00e9duire l&rsquo;attractivit\u00e9 des produits du tabac et \u00e0 renforcer l\u2019efficacit\u00e9 des avertissements sanitaires en direction des fumeurs et des jeunes cibl\u00e9s par des strat\u00e9gies de marketing offensives de l\u2019industrie du tabac. <\/em><\/p>\n<p style=\"text-align: justify;\">La nouvelle r\u00e9glementation, qui entrera en vigueur en novembre 2024, imposera des paquets de tabac uniformes en couleur et en texture, \u00e9liminant toute r\u00e9f\u00e9rence publicitaire \u00e0 l\u2019univers de la marque. , Cette mesure repr\u00e9sente une avanc\u00e9e significative dans la lutte contre le marketing de tabac destin\u00e9 aux jeunes Africains.<\/p>\n<p style=\"text-align: justify;\">La C\u00f4t\u00e9 d&rsquo;Ivoire s\u2019inscrit ainsi dans l\u2019application d\u2019une des meilleures pratiques concernant deux articles fondamentaux de la Convention cadre de l\u2019OMS pour la lutte antitabac (CCLAT), que la pays a ratifi\u00e9e en 2010 : l\u2019article 11 qui porte ainsi express\u00e9ment sur les conditionnements et l\u2019\u00e9tiquetage (mentions,  avertissements sanitaires) \u00e0 apposer sur les produits du tabac, et l\u2019article 13 relatif \u00e0 l\u2019interdiction de la publicit\u00e9 et de la promotion<\/p>\n<h2 style=\"text-align: justify;\"><strong>Vers une g\u00e9n\u00e9ralisation du paquet neutre dans le monde<\/strong><\/h2>\n<p style=\"text-align: justify;\">En lien avec la g\u00e9n\u00e9ralisation des interdictions de la publicit\u00e9 en faveur du tabac dans les m\u00e9dias classiques, les fabricants de tabac ont de plus en plus utilis\u00e9 le packaging comme support publicitaire, qualifi\u00e9 de \u00ab vendeur muet \u00bb.Ils ont ains poursuivi une promotion active contribuant \u00e0 accro\u00eetre l\u2019entr\u00e9e dans le tabagisme de publics cibles : les jeunes et les femmes.<\/p>\n<p style=\"text-align: justify;\">D\u00e8s les ann\u00e9es 90, la mesure du paquet neutre a \u00e9t\u00e9 propos\u00e9e par le Canada en r\u00e9ponse \u00e0 ces strat\u00e9gies de marketing. La disposition fut v\u00e9ritablement adopt\u00e9e sur le plan international en 2008 \u00e0 la Conf\u00e9rence des parties du trait\u00e9. &lsquo;Australie a \u00e9t\u00e9 le premier pays \u00e0 adopter cette mesure en 2012, la France l\u2019a suivi en 2016 et \u00e0 ce jour, 25 pays \u00e0 travers le monde sont concern\u00e9s par cette mesure.<\/p>\n<p style=\"text-align: justify;\">Les recherches internationales ont d\u00e9montr\u00e9 l&rsquo;efficacit\u00e9 du conditionnement neutre. Dans les pays o\u00f9 cette mesure a \u00e9t\u00e9 mise en \u0153uvre, les avertissements sanitaires sur les paquets de cigarettes sont davantage remarqu\u00e9s, les pratiques de contournement des fabricants visant \u00e0 pr\u00e9senter leurs produits comme \u00e9tant moins dangereux deviennent impossible et l&rsquo;attractivit\u00e9 des produits du tabac diminue en lien avec une perception renforc\u00e9e de la dangerosit\u00e9 des produits. En Australie, le nombre de fumeurs a diminu\u00e9 depuis l&rsquo;introduction des paquets neutres. En 2013, une enqu\u00eate a \u00e9t\u00e9 men\u00e9e dans le pays aupr\u00e8s des fumeurs. Elle reposait principalement sur la perception de ces derniers sur les  paquets neutres.  Au travers de cette \u00e9tude, on d\u00e9couvre que cette mesure a permis de r\u00e9duire le nombre de jeunes commen\u00e7ant \u00e0 fumer. Le nombre de fumeurs \u00e2g\u00e9s de plus de 18 ans est pass\u00e9 de 15,9 % en 2010 \u00e0 13,3 % en 2013. Idem pour les fumeurs \u00e2g\u00e9s entre 14 et 18 ans, qui ont diminu\u00e9 de 2,3 % en trois ans (de 15,1 % \u00e0 12,8 %).<a href=\"#_ftn2\" name=\"_ftnref2\">[1]<\/a><\/p>\n<p>Selon Yolonda C. Richardson, pr\u00e9sidente de l\u2019organisme Campaign for Tobacco-Free Kids, <em>\u00ab cette mesure est un pas crucial pour prot\u00e9ger la jeunesse africaine des tactiques de marketing des grandes entreprises de tabac \u00bb<\/em>. Elle a \u00e9galement not\u00e9 que cette initiative devrait inciter d&rsquo;autres pays \u00e0 travers le monde \u00e0 adopter des mesures similaires pour r\u00e9duire la consommation de tabac et prot\u00e9ger la sant\u00e9 publique<a href=\"#_ftn1\" name=\"_ftnref1\">[2]<\/a>.<\/p>\n<h2 style=\"text-align: justify;\"><strong>La n\u00e9cessit\u00e9 de veiller \u00e0 la bonne application de la mesure<\/strong><\/h2>\n<p style=\"text-align: justify;\">La mise en \u0153uvre de l&rsquo;ordonnance minist\u00e9rielle en novembre 2024 marquera le d\u00e9but d&rsquo;une nouvelle \u00e8re de la r\u00e9glementation du tabac en C\u00f4te d&rsquo;Ivoire. Le gouvernement ivoirien devra surveiller de pr\u00e8s l&rsquo;application de ces nouvelles r\u00e8gles et s&rsquo;assurer que les fabricants de tabac respectent les exigences en mati\u00e8re d\u2019emballage neutre. Des campagnes de sensibilisation et des programmes \u00e9ducatifs seront mises en place pour informer le public des dangers du tabac et des b\u00e9n\u00e9fices des emballages neutres.<\/p>\n<p style=\"text-align: justify;\"><strong><a href=\"https:\/\/www.generationsanstabac.org\/\">\u00a9G\u00e9n\u00e9ration Sans Tabac<\/a><\/strong><\/p>\n<p style=\"text-align: right;\"><b><i>DT<\/i><\/b><\/p>\n<hr \/>\n<p style=\"text-align: justify;\"><a href=\"#_ftnref2\" name=\"_ftn2\">[1]<\/a> <a href=\"https:\/\/www.radiofrance.fr\/franceinter\/le-paquet-de-cigarettes-neutre-sur-les-rails-7427434\">https:\/\/www.radiofrance.fr\/franceinter\/le-paquet-de-cigarettes-neutre-sur-les-rails-7427434<\/a> Le paquet de cigarettes neutre sur les rails, RadioFrance, publi\u00e9 le 22 mars 2016, consult\u00e9 le 06 juin 2024<\/p>\n<p><a href=\"#_ftnref1\" name=\"_ftn1\">[2]<\/a> Communiqu\u00e9, <a href=\"https:\/\/www.tobaccofreekids.org\/press-releases\/2024_06_04_cote-divoire-to-implement-lifesaving-plain-packaging-measures\">Cote D\u2019Ivoire to Implement Lifesaving Plain Packaging Measures, Becomes Second Country in Africa to Require Plain Packs for Tobacco<\/a>, CTFK, publi\u00e9 le 4 juin 2024, consult\u00e9 le 5 juin 2024<\/p>\n<p><span style=\"color: #999999;\"><strong><a style=\"color: #999999;\" href=\"http:\/\/www.cnct.fr\/\" target=\"_blank\" rel=\"noopener noreferrer\">Comit\u00e9 national contre le tabagisme |<\/a><\/strong><\/span><\/p>\n","protected":false},"excerpt":{"rendered":"<p>La C\u00f4te d&rsquo;Ivoire a adopt\u00e9, par ordonnance minist\u00e9rielle, l\u2019instauration du paquet neutre pour les produits du tabac. Cette initiative, faisant de la C\u00f4te d&rsquo;Ivoire le deuxi\u00e8me pays africain apr\u00e8s Maurice \u00e0 adopter cette mesure, vise \u00e0 r\u00e9duire l&rsquo;attractivit\u00e9 des produits du tabac et \u00e0 renforcer l\u2019efficacit\u00e9 des avertissements sanitaires en direction des fumeurs et des jeunes cibl\u00e9s par des strat\u00e9gies de marketing offensives de l\u2019industrie du tabac.<\/p>\n","protected":false},"featured_media":12152,"template":"","tags":[],"thematique":[507],"class_list":["post-21488","actualites","type-actualites","status-publish","has-post-thumbnail","hentry","thematique-marketing-publicite"],"acf":[],"_links":{"self":[{"href":"https:\/\/www.generationsanstabac.org\/fr\/wp-json\/wp\/v2\/actualites\/21488","targetHints":{"allow":["GET"]}}],"collection":[{"href":"https:\/\/www.generationsanstabac.org\/fr\/wp-json\/wp\/v2\/actualites"}],"about":[{"href":"https:\/\/www.generationsanstabac.org\/fr\/wp-json\/wp\/v2\/types\/actualites"}],"version-history":[{"count":0,"href":"https:\/\/www.generationsanstabac.org\/fr\/wp-json\/wp\/v2\/actualites\/21488\/revisions"}],"wp:featuredmedia":[{"embeddable":true,"href":"https:\/\/www.generationsanstabac.org\/fr\/wp-json\/wp\/v2\/media\/12152"}],"wp:attachment":[{"href":"https:\/\/www.generationsanstabac.org\/fr\/wp-json\/wp\/v2\/media?parent=21488"}],"wp:term":[{"taxonomy":"post_tag","embeddable":true,"href":"https:\/\/www.generationsanstabac.org\/fr\/wp-json\/wp\/v2\/tags?post=21488"},{"taxonomy":"thematique","embeddable":true,"href":"https:\/\/www.generationsanstabac.org\/fr\/wp-json\/wp\/v2\/thematique?post=21488"}],"curies":[{"name":"wp","href":"https:\/\/api.w.org\/{rel}","templated":true}]}}