{"id":21487,"date":"2024-06-06T11:00:02","date_gmt":"2024-06-06T09:00:02","guid":{"rendered":"https:\/\/www.generationsanstabac.org\/actualites\/invitation-a-roland-garros-philip-morris-essaye-de-seduire-les-journalistes\/"},"modified":"2024-06-06T11:00:02","modified_gmt":"2024-06-06T09:00:02","slug":"invitation-a-roland-garros-philip-morris-essaye-de-seduire-les-journalistes","status":"publish","type":"actualites","link":"https:\/\/www.generationsanstabac.org\/fr\/actualites\/invitation-a-roland-garros-philip-morris-essaye-de-seduire-les-journalistes\/","title":{"rendered":"Invitation \u00e0 Roland-Garros : Philip Morris essaye de s\u00e9duire les journalistes"},"content":{"rendered":"<p style=\"text-align: justify;\"><i><span style=\"font-weight: 400;\">Un article de Politico r\u00e9v\u00e8le que le cigarettier Philip Morris organise une campagne de communication d\u2019envergure aupr\u00e8s de plus de soixante journalistes, dans le cadre du tournoi de tennis \u00e0 Roland-Garros. L\u2019objectif : soigner son image publique, et imposer ses arguments dans le d\u00e9bat public sur la r\u00e9glementation du tabac. <\/span><\/i><\/p>\n<h2 style=\"text-align: justify;\"><b>Plus de mille euros l\u2019invitation \u00e0 Roland-Garros<\/b><\/h2>\n<p style=\"text-align: justify;\"><span style=\"font-weight: 400;\">Le journal indique qu\u2019une soixantaine de journalistes de la presse nationale et sp\u00e9cialis\u00e9e est invit\u00e9e par le cigarettier pour assister aux matchs de Roland-Garros. En plus du tournoi lui-m\u00eame, le fabricant pr\u00e9voit plusieurs d\u00e9jeuners gastronomiques pr\u00e9par\u00e9s par Potel et Chabot. Ces \u201coffres hospitalit\u00e9s\u201d,  estim\u00e9es \u00e0 plus de mille euros l\u2019invitation par Politico, seront l\u2019occasion pour le fabricant de d\u00e9velopper ses th\u00e9matiques phares aupr\u00e8s des journalistes : commerce illicite, fiscalit\u00e9 et responsabilit\u00e9 sociale. Lors des demi-finales dames, la multinationale pr\u00e9voit \u00e9galement d\u2019\u00e9voquer la question du traitement m\u00e9diatique du tabac, tandis que le PDG de Philip Morris France pr\u00e9sidera le d\u00e9jeuner du samedi 8 juin, jour de la demi-finale hommes. Selon Politico, l\u2019agence de presse de Philip Morris a avanc\u00e9 que cette op\u00e9ration de communication ne donnait pas lieu \u00e0 une demande d\u2019articles. Toutefois, une op\u00e9ration de communication d\u2019une telle ampleur, <\/span><i><span style=\"font-weight: 400;\">a fortiori<\/span><\/i><span style=\"font-weight: 400;\"> \u00e0 destination des journalistes, a pour premi\u00e8re vocation d\u2019entretenir des relations privil\u00e9gi\u00e9es avec la presse et d\u2019obtenir un traitement m\u00e9diatique favorable, et indirectement, influencer le d\u00e9bat public. <\/span><\/p>\n<h2 style=\"text-align: justify;\"><b>March\u00e9s parall\u00e8les, fiscalit\u00e9 : un agenda charg\u00e9 pour le cigarettier<\/b><\/h2>\n<p style=\"text-align: justify;\"><span style=\"font-weight: 400;\">Cette invitation par le cigarettier arrive \u00e0 un moment crucial pour le cigarettier et l\u2019industrie du tabac dans son ensemble. En effet, quelques jours auparavant, une mission d\u2019\u00e9valuation parlementaire a rendu ses conclusions sur la fiscalit\u00e9 comportementale dans le domaine de la sant\u00e9 (<\/span><span style=\"font-weight: 400;\">tabac, l&rsquo;alcool, les boissons sucr\u00e9es ou \u00e9dulcor\u00e9e), appelant les pouvoirs publics \u00e0 remettre en place une trajectoire fiscale, avec pour recommandation l\u2019instauration d\u2019un paquet de cigarettes \u00e0 25 euros d\u2019ici 2040, ou encore un alignement strict de la fiscalit\u00e9 du tabac \u00e0 chauffer sur celle des cigarettes manufactur\u00e9es. Ces propositions sont un motif d\u2019inqui\u00e9tude s\u00e9rieux pour le cigarettier, d\u2019autant que le rapport relativise l\u2019importance des march\u00e9s parall\u00e8les, et le r\u00f4le des hausses de taxes dans l\u2019\u00e9volution de ceux-ci, soit le narratif habituel de l\u2019industrie du tabac. Par ailleurs, l\u2019invitation arrive quelques semaines avant la probable \u00e9tude publi\u00e9e par KPMG sur le commerce illicite, int\u00e9gralement financ\u00e9e par Philip Morris depuis plusieurs ann\u00e9es. Le manque de fiabilit\u00e9 de ce rapport, point\u00e9 par un nombre croissant de chercheurs, d\u2019acteurs de sant\u00e9 et d\u2019acteurs publics, pourrait expliquer la volont\u00e9 du fabricant de renforcer cette ann\u00e9e sa strat\u00e9gie de communication aupr\u00e8s des journalistes. <\/span><\/p>\n<h2 style=\"text-align: justify;\"><b>Roland-Garros et l\u2019industrie du tabac : une op\u00e9ration de relations publiques r\u00e9currente<\/b><\/h2>\n<p style=\"text-align: justify;\"><span style=\"font-weight: 400;\">Ce n\u2019est pas la premi\u00e8re fois que l\u2019industrie du tabac s\u2019appuie sur le tournoi de Roland-Garros pour d\u00e9ployer une strat\u00e9gie de relations publiques. En 2000, le Comit\u00e9 national contre le tabagisme avait lanc\u00e9 une proc\u00e9dure contre Philip Morris : l\u2019instruction avait r\u00e9v\u00e9l\u00e9 l\u2019existence d\u2019un contrat conclu pour trois ans entre le cigarettier et Roland Garros, pr\u00e9voyant notamment des op\u00e9rations promotionnelles. Le fabricant avait \u00e9t\u00e9 condamn\u00e9 en premi\u00e8re instance et en appel, et n\u2019avait pas pas form\u00e9 de pourvoi en cassation. <\/span><\/p>\n<p style=\"text-align: justify;\"><span style=\"font-weight: 400;\">Plus  tard, en 2013, le <a href=\"https:\/\/cnct.fr\/ressource\/communiques\/roland-garros-cigarettiers-condamnes\/\">CNCT<\/a> avait fait constater l\u2019existence d\u2019op\u00e9rations de communication pendant le tournoi par trois fabricants de tabac : Philip Morris, Davidoff, et British American Tobacco. Estim\u00e9s \u00e0 plus d\u2019un million d\u2019euros, ces contrats pr\u00e9voyaient notamment l\u2019invitation dans des loges de responsables administratifs, \u00e9lus, ou de collaborateurs minist\u00e9riels. Consid\u00e9rant une telle campagne comme une op\u00e9ration de propagande en faveur du tabac, le CNCT avait poursuivi les trois fabricants. Si la Cour d\u2019Appel de Paris avait condamn\u00e9 en 2016 les trois fabricants pour propagande en faveur du tabac, cette d\u00e9cision avait \u00e9t\u00e9 cass\u00e9e par la Cour de Cassation un an plus tard. Toutefois, suite \u00e0 cette op\u00e9ration, la loi a \u00e9t\u00e9 modifi\u00e9e pour renforcer le cadre r\u00e9glementaire, avec une stricte interdiction des actions de publicit\u00e9, parrainage et de m\u00e9c\u00e9nat.<\/span><\/p>\n<p style=\"text-align: justify;\"><strong><a href=\"https:\/\/www.generationsanstabac.org\/\">\u00a9G\u00e9n\u00e9ration Sans Tabac<\/a><\/strong><\/p>\n<p style=\"text-align: right;\"><b><i>FT<\/i><\/b><\/p>\n<hr \/>\n<p style=\"text-align: justify;\"><span style=\"color: #999999;\"><strong><a style=\"color: #999999;\" href=\"http:\/\/www.cnct.fr\/\" target=\"_blank\" rel=\"noopener noreferrer\">Comit\u00e9 national contre le tabagisme |<\/a><\/strong><\/span><\/p>\n","protected":false},"excerpt":{"rendered":"<p>Cette invitation par le cigarettier arrive \u00e0 un moment crucial pour le cigarettier et l\u2019industrie du tabac dans son ensemble. En effet, quelques jours auparavant, une mission d\u2019\u00e9valuation parlementaire a rendu ses conclusions sur la fiscalit\u00e9 comportementale dans le domaine de la sant\u00e9 (tabac, l&rsquo;alcool, les boissons sucr\u00e9es ou \u00e9dulcor\u00e9e), appelant les pouvoirs publics \u00e0 remettre en place une trajectoire fiscale, avec pour recommandation l\u2019instauration d\u2019un paquet de cigarettes \u00e0 25 euros d\u2019ici 2040, ou encore un alignement strict de la fiscalit\u00e9 du tabac \u00e0 chauffer sur celle des cigarettes manufactur\u00e9es.<\/p>\n","protected":false},"featured_media":12150,"template":"","tags":[],"thematique":[499],"class_list":["post-21487","actualites","type-actualites","status-publish","has-post-thumbnail","hentry","thematique-lobby"],"acf":[],"_links":{"self":[{"href":"https:\/\/www.generationsanstabac.org\/fr\/wp-json\/wp\/v2\/actualites\/21487","targetHints":{"allow":["GET"]}}],"collection":[{"href":"https:\/\/www.generationsanstabac.org\/fr\/wp-json\/wp\/v2\/actualites"}],"about":[{"href":"https:\/\/www.generationsanstabac.org\/fr\/wp-json\/wp\/v2\/types\/actualites"}],"version-history":[{"count":0,"href":"https:\/\/www.generationsanstabac.org\/fr\/wp-json\/wp\/v2\/actualites\/21487\/revisions"}],"wp:featuredmedia":[{"embeddable":true,"href":"https:\/\/www.generationsanstabac.org\/fr\/wp-json\/wp\/v2\/media\/12150"}],"wp:attachment":[{"href":"https:\/\/www.generationsanstabac.org\/fr\/wp-json\/wp\/v2\/media?parent=21487"}],"wp:term":[{"taxonomy":"post_tag","embeddable":true,"href":"https:\/\/www.generationsanstabac.org\/fr\/wp-json\/wp\/v2\/tags?post=21487"},{"taxonomy":"thematique","embeddable":true,"href":"https:\/\/www.generationsanstabac.org\/fr\/wp-json\/wp\/v2\/thematique?post=21487"}],"curies":[{"name":"wp","href":"https:\/\/api.w.org\/{rel}","templated":true}]}}