{"id":21484,"date":"2024-06-04T07:00:50","date_gmt":"2024-06-04T05:00:50","guid":{"rendered":"https:\/\/www.generationsanstabac.org\/actualites\/france-les-jeunes-adultes-fortement-exposes-au-tabac-sur-les-reseaux-sociaux\/"},"modified":"2024-06-04T07:00:50","modified_gmt":"2024-06-04T05:00:50","slug":"france-les-jeunes-adultes-fortement-exposes-au-tabac-sur-les-reseaux-sociaux","status":"publish","type":"actualites","link":"https:\/\/www.generationsanstabac.org\/fr\/actualites\/france-les-jeunes-adultes-fortement-exposes-au-tabac-sur-les-reseaux-sociaux\/","title":{"rendered":"France :  les jeunes adultes fortement expos\u00e9s au tabac sur les r\u00e9seaux sociaux"},"content":{"rendered":"<p><em>\u00c0 l\u2019occasion de la journ\u00e9e mondiale sans tabac qui s\u2019est tenue le 31 mai dernier, la Ligue contre le cancer a d\u00e9voil\u00e9 les r\u00e9sultats de son <\/em><a href=\"https:\/\/www.ligue-cancer.net\/sites\/default\/files\/media\/downloadable-files\/2024-05\/CP%20Journ%C3%A9e%20mondiale%20sans%20tabac%202024%20-%20%C3%89tude%20Ligue%20contre%20le%20cancer.pdf\"><em>enqu\u00eate<\/em><\/a><em> montrant l\u2019influence des plateformes et m\u00e9dias digitaux sur la consommation du tabac sur les jeunes adultes en France. 85% des jeunes adultes ont d\u00e9clar\u00e9 avoir \u00e9t\u00e9 expos\u00e9s \u00e0 un contenu montrant du tabac sur les r\u00e9seaux sociaux et 46% des r\u00e9pondants ont d\u00e9clar\u00e9 que ces contenus leur donnent envie de fumer<a href=\"#_ftn1\" name=\"_ftnref1\"><strong>[1]<\/strong><\/a>.<\/em><\/p>\n<p>Cette enqu\u00eate a \u00e9t\u00e9 conduite par YouGov aupr\u00e8s de 1 002 personnes \u00e2g\u00e9es de 18 \u00e0 34 ans en mai 2024.<\/p>\n<h2><strong>Une exposition encore plus forte pour la g\u00e9n\u00e9ration Z<\/strong><\/h2>\n<p>Selon les r\u00e9sultats de l\u2019enqu\u00eate, la grande majorit\u00e9 (85 %) des jeunes adultes \u00e2g\u00e9s de 18 \u00e0 34 ans disent avoir \u00e9t\u00e9 expos\u00e9s \u00e0 des sc\u00e8nes, des vid\u00e9os, ou des photos montrant la consommation de tabac \u00e0 travers les canaux digitaux (r\u00e9seaux sociaux, plateformes de streaming, jeux vid\u00e9o) au cours de ces six derniers mois. Cette exposition est encore plus importante apr\u00e8s des jeunes de la g\u00e9n\u00e9ration Z (personnes n\u00e9es entre 1997 et 2010), puisqu\u2019ils sont 93% a d\u00e9clar\u00e9 avoir \u00e9t\u00e9 expos\u00e9s \u00e0 des contenus mettant en avant le tabac (contre 81% chez les personnes de la g\u00e9n\u00e9ration Y \u2013n\u00e9es entre 1980 et 1996).<\/p>\n<p>Les sc\u00e8nes de consommation de tabac sont visibles notamment sur les r\u00e9seaux sociaux (63 %), sur les plateformes de streaming (52 %) et, dans une moindre proportion bien que non n\u00e9gligeable, sur les sites de jeux vid\u00e9o (39 %).<\/p>\n<p>Au total, pr\u00e8s d\u2019un tiers (32%) de l\u2019ensemble des r\u00e9pondants indique trouver \u00ab attrayants \u00bb les acteurs, influenceurs et personnages de jeux vid\u00e9o qui fument et 46 % d\u2019entre eux sont d&rsquo;accord pour dire que l&rsquo;exposition \u00e0 la consommation de tabac \u00e0 travers les plateformes et m\u00e9dias digitaux leur donne envie de fumer. La proportion passe \u00e0 70 % pour les fumeurs. Pour la g\u00e9n\u00e9ration Z, la proportion est encore plus massive avec 56% d\u2019entre eux qui d\u00e9clarent que l\u2019exposition \u00e0 la consommation de tabac \u00e0 travers ces plateformes leur donne envie de fumer.<\/p>\n<p>Le manque de r\u00e9gulation sur ces plateformes est point\u00e9 par la Ligue qui d\u00e9nonce une \u00ab banalisation \u00bb de la consommation de tabac en France. Yana Dimitrova, responsable de la pr\u00e9vention \u00e0 la Ligue appelle les \u00ab <em>responsables gouvernementaux et les pouvoirs publics \u00e0 mettre un terme \u00e0 ces placements de produit, qui sont probablement orchestr\u00e9s par les lobbys de l&rsquo;industrie du tabac \u00bb. <\/em><\/p>\n<h2><strong>Des constats similaires sur les r\u00e9seaux sociaux pour les autres produits de la nicotine<\/strong><\/h2>\n<p>Dans un rapport<a href=\"#_ftn2\" name=\"_ftnref2\"><sup>[2]<\/sup><\/a> publi\u00e9 le 31 mai \u00e9galement, le Comit\u00e9 national contre le tabagisme (CNCT) r\u00e9v\u00e8le les r\u00e9sultats de ses observatoires sur les nouveaux produits du tabac et de la nicotine. Celui-ci fait \u00e9tat d\u2019un ph\u00e9nom\u00e8ne publicitaire quantitativement tr\u00e8s important en 2023 sur les r\u00e9seaux sociaux pour les produits du vapotage et autres produits de la nicotine comme les sachets et perles de nicotine. Le CNCT a relev\u00e9 1 066 insertions publicitaires sur les r\u00e9seaux sociaux (Facebook, X et Instagram). Quel que soit le type de produits, les \u00e9l\u00e9ments relev\u00e9s d\u00e9passent tr\u00e8s souvent le simple caract\u00e8re informatif et incitent, pour nombre d\u2019entre eux, \u00e0 la consommation, selon l\u2019association. Ainsi, on retrouve comme argument de vente la mise en valeur des ar\u00f4mes sucr\u00e9s\/fruit\u00e9s et de leur grande diversit\u00e9 (41% des publicit\u00e9s relev\u00e9es), la pr\u00e9sentation du produit d\u00e9crivant les avantages de ce dernier (27%), la mise en avant d\u2019offres promotionnelles (17%).<\/p>\n<p>Les r\u00e9sultats r\u00e9v\u00e8lent \u00e9galement que la vente de ces produits \u00e0 la nicotine reste tr\u00e8s accessible aux mineurs puisque sur les quinze sites internet suivis par l\u2019association, seul un a mis en place un contr\u00f4le renforc\u00e9 de l\u2019\u00e2ge de l\u2019acheteur.<\/p>\n<p style=\"text-align: justify;\"><strong><a href=\"https:\/\/www.generationsanstabac.org\/\">\u00a9G\u00e9n\u00e9ration Sans Tabac<\/a><\/strong><\/p>\n<p style=\"text-align: right;\"><b><i>AE<\/i><\/b><\/p>\n<hr \/>\n<p><a href=\"#_ftnref1\" name=\"_ftn1\">[1]<\/a> <a href=\"https:\/\/www.francetvinfo.fr\/sante\/drogue-addictions\/lutte-contre-le-tabagisme\/la-ligue-contre-le-cancer-alerte-sur-l-exposition-des-jeunes-a-la-consommation-de-tabac-sur-internet_6570647.html\">La Ligue contre le cancer alerte sur l&rsquo;exposition des jeunes \u00e0 la consommation de tabac sur Internet<\/a>, France Info, publi\u00e9 le 28 mai 2024, consult\u00e9 le 3 juin 2024<\/p>\n<p><a href=\"#_ftnref2\" name=\"_ftn2\"><sup>[2]<\/sup><\/a> Rapport 2024 du CNCT sur les nouveaux produits du tabac et de la nicotine<\/p>\n<p><span style=\"color: #999999;\"><strong><a style=\"color: #999999;\" href=\"http:\/\/www.cnct.fr\/\" target=\"_blank\" rel=\"noopener noreferrer\">Comit\u00e9 national contre le tabagisme |<\/a><\/strong><\/span><\/p>\n","protected":false},"excerpt":{"rendered":"<p>\u00c0 l\u2019occasion de la journ\u00e9e mondiale sans tabac qui s\u2019est tenue le 31 mai dernier, la Ligue contre le cancer a d\u00e9voil\u00e9 les r\u00e9sultats de son enqu\u00eate montrant l\u2019influence des plateformes et m\u00e9dias digitaux sur la consommation du tabac sur les jeunes adultes en France. 85% des jeunes adultes ont d\u00e9clar\u00e9 avoir \u00e9t\u00e9 expos\u00e9s \u00e0 un contenu montrant du tabac sur les r\u00e9seaux sociaux et 46% des r\u00e9pondants ont d\u00e9clar\u00e9 que ces contenus leur donnent envie de fume<\/p>\n","protected":false},"featured_media":12144,"template":"","tags":[],"thematique":[507],"class_list":["post-21484","actualites","type-actualites","status-publish","has-post-thumbnail","hentry","thematique-marketing-publicite"],"acf":[],"_links":{"self":[{"href":"https:\/\/www.generationsanstabac.org\/fr\/wp-json\/wp\/v2\/actualites\/21484","targetHints":{"allow":["GET"]}}],"collection":[{"href":"https:\/\/www.generationsanstabac.org\/fr\/wp-json\/wp\/v2\/actualites"}],"about":[{"href":"https:\/\/www.generationsanstabac.org\/fr\/wp-json\/wp\/v2\/types\/actualites"}],"version-history":[{"count":0,"href":"https:\/\/www.generationsanstabac.org\/fr\/wp-json\/wp\/v2\/actualites\/21484\/revisions"}],"wp:featuredmedia":[{"embeddable":true,"href":"https:\/\/www.generationsanstabac.org\/fr\/wp-json\/wp\/v2\/media\/12144"}],"wp:attachment":[{"href":"https:\/\/www.generationsanstabac.org\/fr\/wp-json\/wp\/v2\/media?parent=21484"}],"wp:term":[{"taxonomy":"post_tag","embeddable":true,"href":"https:\/\/www.generationsanstabac.org\/fr\/wp-json\/wp\/v2\/tags?post=21484"},{"taxonomy":"thematique","embeddable":true,"href":"https:\/\/www.generationsanstabac.org\/fr\/wp-json\/wp\/v2\/thematique?post=21484"}],"curies":[{"name":"wp","href":"https:\/\/api.w.org\/{rel}","templated":true}]}}