{"id":21482,"date":"2024-06-03T06:00:49","date_gmt":"2024-06-03T04:00:49","guid":{"rendered":"https:\/\/www.generationsanstabac.org\/actualites\/le-tabagisme-coute-185-millions-deuros-au-senegal\/"},"modified":"2024-06-03T06:00:49","modified_gmt":"2024-06-03T04:00:49","slug":"le-tabagisme-coute-185-millions-deuros-au-senegal","status":"publish","type":"actualites","link":"https:\/\/www.generationsanstabac.org\/fr\/actualites\/le-tabagisme-coute-185-millions-deuros-au-senegal\/","title":{"rendered":"Le  tabagisme co\u00fbte 185 millions d\u2019euros au S\u00e9n\u00e9gal"},"content":{"rendered":"<p style=\"text-align: justify;\"><i><span style=\"font-weight: 400;\">Selon l\u2019Institut panafricain pour la citoyennet\u00e9, les consommateurs et le d\u00e9veloppement (CICODEV), le tabagisme co\u00fbte plus de 185 millions d\u2019euros par an \u00e0 l\u2019Etat du S\u00e9n\u00e9gal (122 milliards de Francs CFA). Face \u00e0 cette situation, plusieurs ONG du pays demandent la mise en place d\u2019une politique fiscale sur les produits du tabac<\/span><\/i><i><span style=\"font-weight: 400;\">. <\/span><\/i><\/p>\n<p style=\"text-align: justify;\"><span style=\"font-weight: 400;\">Les 185 millions d\u2019euros de d\u00e9penses annuelles se r\u00e9partissent en deux co\u00fbts distincts. D\u2019une part, <\/span><span style=\"font-weight: 400;\">113 millions d\u2019euros (74 milliards de Francs CFA)<\/span><span style=\"font-weight: 400;\"> sont destin\u00e9s chaque ann\u00e9e \u00e0 la prise en charge des pathologies associ\u00e9es au tabagisme, tandis que le reste (73 millions d\u2019euros, soit 48 milliards de Francs CFA) s\u2019explique par des pertes de productivit\u00e9 au travail entra\u00een\u00e9es tous les ans par la consommation de tabac. A titre de comparaison, les recettes li\u00e9es au tabac sont estim\u00e9es \u00e0 environ 37 millions d\u2019euros par an (24 milliards de Francs CFA). Ainsi, les rentr\u00e9es fiscales des produits du tabac sont trois fois inf\u00e9rieures aux d\u00e9penses des pouvoirs publics s\u00e9n\u00e9galais pour la seule prise en charge des pathologies que la consommation de ces produits entra\u00eene. Par ailleurs, ces co\u00fbts associ\u00e9s au tabagisme ne tiennent pas compte des autres externalit\u00e9s n\u00e9gatives du tabagisme, comme les co\u00fbts environnementaux associ\u00e9s au tabac (pollution des eaux, des sols, etc).  <\/span><\/p>\n<h2 style=\"text-align: justify;\"><b>45% des morts au S\u00e9n\u00e9gal sont dues aux maladies non transmissibles<\/b><\/h2>\n<p style=\"text-align: justify;\"><span style=\"font-weight: 400;\">Au regard de ce d\u00e9s\u00e9quilibre fiscal, le CICODEV et <\/span><span style=\"font-weight: 400;\">la Ligue s\u00e9n\u00e9galaise contre le tabac se sont associ\u00e9s pour demander la mise en place d\u2019une taxe sur les produits du tabac pour financer la lutte contre les maladies non transmissibles, \u00e0 l\u2019instar du cancer, des maladies cardiovasculaires, des pathologies pulmonaires, etc. Comme le rappelle le CICODEV, l\u2019ensemble des maladies non transmissibles sont responsables de 45% des d\u00e9c\u00e8s au S\u00e9n\u00e9gal, et co\u00fbtent plus de 350 millions d\u2019euros au contribuable s\u00e9n\u00e9galais. Toutefois, malgr\u00e9 l\u2019importance du tabagisme dans le d\u00e9veloppement des maladies non transmissibles et dans la mortalit\u00e9 du pays, le <\/span><a href=\"https:\/\/www.generationsanstabac.org\/actualites\/senegal-le-cicodev-reclame-un-meilleur-financement-de-la-lutte-antitabac\/\"><span style=\"font-weight: 400;\">minist\u00e8re de la Sant\u00e9<\/span><\/a><span style=\"font-weight: 400;\"> ne consacre que 40 000 euros \u00e0 la lutte contre le tabac.<\/span><\/p>\n<h2 style=\"text-align: justify;\"><b>Un pays en pointe dans la lutte contre le tabagisme <\/b><\/h2>\n<p style=\"text-align: justify;\"><span style=\"font-weight: 400;\">Malgr\u00e9 un investissement extr\u00eamement limit\u00e9 dans la lutte contre le tabagisme, le S\u00e9n\u00e9gal est l\u2019un des pays d\u2019Afrique les plus en pointe en la mati\u00e8re. Ainsi, ces derni\u00e8res ann\u00e9es, le pays a mis en place l\u2019interdiction de vente de tabac aux mineurs ou \u00e0 moins de 200 m\u00e8tres d\u2019une \u00e9cole ou d\u2019un h\u00f4pital. Le S\u00e9n\u00e9gal a \u00e9galement interdit la consommation de produits du tabac dans les lieux publics, la vente de cigarettes \u00e0 l\u2019unit\u00e9 et toute forme de publicit\u00e9 en faveur du tabac. Enfin, 7<\/span><span style=\"font-weight: 400;\">0% de la surface des paquets de tabac sont d\u00e9sormais recouverts d\u2019avertissements sanitaires. Le pays, qui a int\u00e9gr\u00e9 dans sa l\u00e9gislation l\u2019obligation de prot\u00e9ger ses politiques publiques de l\u2019influence de l\u2019industrie du tabac, est actuellement en train de r\u00e9viser sa l\u00e9gislation pour la renforcer, notamment sur les interdictions de fumer et la prise en compte des nouveaux produits.<\/span><\/p>\n","protected":false},"excerpt":{"rendered":"<p>Le S\u00e9n\u00e9gal, qui a int\u00e9gr\u00e9 dans sa l\u00e9gislation l\u2019obligation de prot\u00e9ger ses politiques publiques de l\u2019influence de l\u2019industrie du tabac, est actuellement en train de r\u00e9viser sa l\u00e9gislation pour la renforcer, notamment sur les interdictions de fumer et la prise en compte des nouveaux produits.<\/p>\n","protected":false},"featured_media":12140,"template":"","tags":[],"thematique":[491],"class_list":["post-21482","actualites","type-actualites","status-publish","has-post-thumbnail","hentry","thematique-politiques-publiques"],"acf":[],"_links":{"self":[{"href":"https:\/\/www.generationsanstabac.org\/fr\/wp-json\/wp\/v2\/actualites\/21482","targetHints":{"allow":["GET"]}}],"collection":[{"href":"https:\/\/www.generationsanstabac.org\/fr\/wp-json\/wp\/v2\/actualites"}],"about":[{"href":"https:\/\/www.generationsanstabac.org\/fr\/wp-json\/wp\/v2\/types\/actualites"}],"version-history":[{"count":0,"href":"https:\/\/www.generationsanstabac.org\/fr\/wp-json\/wp\/v2\/actualites\/21482\/revisions"}],"wp:featuredmedia":[{"embeddable":true,"href":"https:\/\/www.generationsanstabac.org\/fr\/wp-json\/wp\/v2\/media\/12140"}],"wp:attachment":[{"href":"https:\/\/www.generationsanstabac.org\/fr\/wp-json\/wp\/v2\/media?parent=21482"}],"wp:term":[{"taxonomy":"post_tag","embeddable":true,"href":"https:\/\/www.generationsanstabac.org\/fr\/wp-json\/wp\/v2\/tags?post=21482"},{"taxonomy":"thematique","embeddable":true,"href":"https:\/\/www.generationsanstabac.org\/fr\/wp-json\/wp\/v2\/thematique?post=21482"}],"curies":[{"name":"wp","href":"https:\/\/api.w.org\/{rel}","templated":true}]}}