{"id":21478,"date":"2024-06-01T06:00:49","date_gmt":"2024-06-01T04:00:49","guid":{"rendered":"https:\/\/www.generationsanstabac.org\/actualites\/le-luxembourg-renforce-la-reglementation-des-sachets-de-nicotine\/"},"modified":"2024-06-01T06:00:49","modified_gmt":"2024-06-01T04:00:49","slug":"le-luxembourg-renforce-la-reglementation-des-sachets-de-nicotine","status":"publish","type":"actualites","link":"https:\/\/www.generationsanstabac.org\/fr\/actualites\/le-luxembourg-renforce-la-reglementation-des-sachets-de-nicotine\/","title":{"rendered":"Le Luxembourg renforce la r\u00e9glementation des sachets de nicotine"},"content":{"rendered":"<p style=\"text-align: justify;\"><i><span style=\"font-weight: 400;\">Apr\u00e8s leur interdiction aux Pays-Bas et en Belgique, l\u2019avenir des sachets de nicotine pourrait \u00eatre largement compromis au Luxembourg, qui \u00e9tudie la possibilit\u00e9 de fortement limiter la teneur nicotinique de ces produits, dans un souci de sant\u00e9 publique et de protection des jeunes g\u00e9n\u00e9rations. <\/span><\/i><\/p>\n<p style=\"text-align: justify;\"><span style=\"font-weight: 400;\">Ces produits reprennent le principe du snus, interdit dans l\u2019ensemble de l\u2019Union europ\u00e9enne \u00e0 l\u2019exception de la Su\u00e8de, mais sans tabac. Ils se pr\u00e9sentent comme des petits sachets blancs, contenant de la nicotine, que le consommateur place entre sa l\u00e8vre et sa gencive, laissant le produit agir pendant 20 minutes \u00e0 une heure. Comme les cigarettes \u00e9lectroniques jetables (puffs), ces sachets sont d\u00e9clin\u00e9s en diff\u00e9rentes saveurs (menthe, chocolat, melon, Cola, myrtille, etc.). <\/span><\/p>\n<h2 style=\"text-align: justify;\"><b>Un alignement sur les produits du tabac<\/b><\/h2>\n<p style=\"text-align: justify;\"><span style=\"font-weight: 400;\">La ministre luxembourgeoise de la Sant\u00e9, Martine Deprez, a pr\u00e9sent\u00e9, mercredi 22 mai, les amendements gouvernementaux relatifs \u00e0 la r\u00e9glementation des sachets de nicotine aux d\u00e9put\u00e9s de la commission de la Sant\u00e9. Ces amendements pr\u00e9voient d\u2019aligner la r\u00e9glementation des sachets de nicotine sur celle appliqu\u00e9e actuellement au tabac. Ainsi, la  vente de sachets de nicotine devrait \u00eatre interdite aux mineurs de moins de 18 ans, ainsi que la publicit\u00e9 ou la distribution gratuite de ces produits au haut potentiel addictif. Le gouvernement a par ailleurs indiqu\u00e9 souhaiter mettre en place une politique fiscale dissuasive destin\u00e9e \u00e0 pr\u00e9venir l\u2019entr\u00e9e des jeunes dans la consommation, en introduisant  des droits d\u2019accises fix\u00e9s \u00e0 22 euros par kilogramme, et en appliquant une TVA de 17%. <\/span><\/p>\n<h2 style=\"text-align: justify;\"><b>La  teneur en nicotine des sachets de nicotine dans le viseur de la ministre de la sant\u00e9 <\/b><\/h2>\n<p style=\"text-align: justify;\"><span style=\"font-weight: 400;\">Le gouvernement a par ailleurs indiqu\u00e9 vouloir s\u2019attaquer au pouvoir addictif des sachets en limitant fortement la teneur nicotinique de ces produits. Ainsi, comme en Allemagne, la  nouvelle r\u00e9glementation autoriserait une teneur maximale de 0,048 milligrammes p<\/span><span style=\"font-weight: 400;\">ar sachet. Ainsi que le rapporte le m\u00e9dia RTL Infos, le directeur commercial de Heintz van Landewyck, une cha\u00eene de magasins de produits du  tabac, une telle r\u00e9glementation pourrait \u00eatre fatale au d\u00e9veloppement commercial des sachets de nicotine : \u00ab\u00a0Alors qu&rsquo;une cigarette contient environ 1 milligramme de nicotine, si on r\u00e9duit cette quantit\u00e9 \u00e0 0,048 sur les sachets de nicotine, on peut clairement parler d&rsquo;une prohibition. Le produit sera alors officiellement \u00ab\u00a0mort au Luxembourg\u201d. Toutefois, une interdiction pure et simple du produit a \u00e9t\u00e9 \u00e9cart\u00e9e par la ministre de la sant\u00e9 luxembourgeoise, estimant que ces produits restent facilement accessibles de l\u2019autre c\u00f4t\u00e9 de la fronti\u00e8re. Le producteur luxembourgeois a estim\u00e9 quant \u00e0 lui qu\u2019une trop forte r\u00e9glementation des sachets de nicotine pourrait favoriser l\u2019\u00e9mergence d\u2019un march\u00e9 parall\u00e8le, et qu\u2019il serait simplement pr\u00e9f\u00e9rable d\u2019en r\u00e9server le droit de vente aux commerces de tabac et de journaux. <\/span><\/p>\n<p style=\"text-align: justify;\"><strong><a href=\"https:\/\/www.generationsanstabac.org\/\">\u00a9G\u00e9n\u00e9ration Sans Tabac<\/a><\/strong><\/p>\n<p style=\"text-align: right;\"><b><i>FT<\/i><\/b><\/p>\n<hr \/>\n<p style=\"text-align: justify;\"><strong style=\"color: #999999;\"><a style=\"color: #999999;\" href=\"http:\/\/www.cnct.fr\/\" target=\"_blank\" rel=\"noopener noreferrer\">Comit\u00e9 national contre le tabagisme |<\/a><\/strong><\/p>\n","protected":false},"excerpt":{"rendered":"<p>Le gouvernement a indiqu\u00e9 vouloir s\u2019attaquer au pouvoir addictif des sachets en limitant fortement la teneur nicotinique de ces produits. Ainsi, comme en Allemagne, la  nouvelle r\u00e9glementation autoriserait une teneur maximale de 0,048 milligrammes par sachet.<\/p>\n","protected":false},"featured_media":12135,"template":"","tags":[],"thematique":[502,516],"class_list":["post-21478","actualites","type-actualites","status-publish","has-post-thumbnail","hentry","thematique-justice","thematique-nouveaux-produits"],"acf":[],"_links":{"self":[{"href":"https:\/\/www.generationsanstabac.org\/fr\/wp-json\/wp\/v2\/actualites\/21478","targetHints":{"allow":["GET"]}}],"collection":[{"href":"https:\/\/www.generationsanstabac.org\/fr\/wp-json\/wp\/v2\/actualites"}],"about":[{"href":"https:\/\/www.generationsanstabac.org\/fr\/wp-json\/wp\/v2\/types\/actualites"}],"version-history":[{"count":0,"href":"https:\/\/www.generationsanstabac.org\/fr\/wp-json\/wp\/v2\/actualites\/21478\/revisions"}],"wp:featuredmedia":[{"embeddable":true,"href":"https:\/\/www.generationsanstabac.org\/fr\/wp-json\/wp\/v2\/media\/12135"}],"wp:attachment":[{"href":"https:\/\/www.generationsanstabac.org\/fr\/wp-json\/wp\/v2\/media?parent=21478"}],"wp:term":[{"taxonomy":"post_tag","embeddable":true,"href":"https:\/\/www.generationsanstabac.org\/fr\/wp-json\/wp\/v2\/tags?post=21478"},{"taxonomy":"thematique","embeddable":true,"href":"https:\/\/www.generationsanstabac.org\/fr\/wp-json\/wp\/v2\/thematique?post=21478"}],"curies":[{"name":"wp","href":"https:\/\/api.w.org\/{rel}","templated":true}]}}