{"id":21476,"date":"2024-05-29T06:00:09","date_gmt":"2024-05-29T04:00:09","guid":{"rendered":"https:\/\/www.generationsanstabac.org\/actualites\/sniffy-le-gouvernement-souhaite-interdire-la-poudre-blanche-au-plus-vite\/"},"modified":"2024-05-29T06:00:09","modified_gmt":"2024-05-29T04:00:09","slug":"sniffy-le-gouvernement-souhaite-interdire-la-poudre-blanche-au-plus-vite","status":"publish","type":"actualites","link":"https:\/\/www.generationsanstabac.org\/fr\/actualites\/sniffy-le-gouvernement-souhaite-interdire-la-poudre-blanche-au-plus-vite\/","title":{"rendered":"Sniffy : le gouvernement souhaite interdire la poudre blanche au plus vite"},"content":{"rendered":"<p style=\"text-align: justify;\"><i><span style=\"font-weight: 400;\">Depuis quelques jours, certains bureaux de tabac commercialisent un nouveau produit, vendu en grammes sous la forme d\u2019une petite poudre blanche aux vertus \u201c\u00e9nergisantes\u201d, \u00e0 consommer par voie nasale \u00e0 l\u2019aide d\u2019une petite paille. Compos\u00e9 notamment de caf\u00e9ine et de taurine, le \u201cSniffy\u201d est un clin d&rsquo;\u0153il direct \u00e0 la consommation de coca\u00efne. Face \u00e0 cette situation, le ministre de la Sant\u00e9 a annonc\u00e9 souhaiter interdire ce produit dans les plus brefs d\u00e9lais. <\/span><\/i><\/p>\n<p style=\"text-align: justify;\"><span style=\"font-weight: 400;\">Commercialis\u00e9 sous la forme d\u2019une poudre blanche et essentiellement compos\u00e9 de produits aux vertus \u201c\u00e9nergisantes\u201d, le Sniffy est vendu en capsules d\u2019un gramme, \u00e0 partir de 10 euros. <\/span><\/p>\n<h2 style=\"text-align: justify;\"><b>Un marketing orient\u00e9 vers les jeunes et les adolescents<\/b><\/h2>\n<p style=\"text-align: justify;\"><span style=\"font-weight: 400;\">Bien que le Sniffy soit interdit \u00e0 la vente pour les mineurs, le site internet du fabricant semble prioritairement cibler les adolescents, selon un discours marketing tr\u00e8s similaire \u00e0 celui d\u00e9velopp\u00e9 par les fabricants de cigarettes \u00e9lectroniques jetables (<a href=\"https:\/\/www.generationsanstabac.org\/actualites\/vente-de-tabac-et-de-puffs-aux-mineurs-en-france-quels-sont-les-chiffres\/\">puffs<\/a>). D\u2019abord, aucune v\u00e9rification de l\u2019\u00e2ge rigoureuse n\u2019est effectu\u00e9e par la plateforme, puisqu\u2019il est simplement demand\u00e9 \u00e0 l\u2019internaute de renseigner sa date de naissance pour acc\u00e9der au site. Comme pour les puffs, la diversit\u00e9 des ar\u00f4mes sucr\u00e9s et fruit\u00e9s est l\u2019un des principaux arguments commerciaux utilis\u00e9s par le fabricant, d\u00e9clinant son produit en plusieurs saveurs : menthe, citron vert, fruit de la passion et fraise bonbon. <\/span><\/p>\n<p style=\"text-align: justify;\"><span style=\"font-weight: 400;\">L\u2019univers de la f\u00eate et de la nuit est \u00e9galement tr\u00e8s pr\u00e9sent dans le discours de la marque, qui va m\u00eame jusqu\u2019\u00e0 formuler le slogan suivant : \u201c<\/span><i><span style=\"font-weight: 400;\">No Sniffy, no party<\/span><\/i><span style=\"font-weight: 400;\">\u201d (\u201cPas de sniffy, pas de soir\u00e9e\u201d). Enfin, alors que le produit est officiellement interdit aux mineurs, le site propose un service de livraison de ses produits, promettant une \u201cexp\u00e9dition rapide et discr\u00e8te\u201d, pouvant mettre en doute la volont\u00e9 du fabricant de r\u00e9server son produit \u00e0 des personnes majeures. <\/span><\/p>\n<h2 style=\"text-align: justify;\"><b>Le monde du sport et du travail \u00e9galement cibl\u00e9 par Sniffy<\/b><\/h2>\n<p style=\"text-align: justify;\"><span style=\"font-weight: 400;\">Les jeunes ne sont toutefois pas l\u2019unique cible de cette poudre blanche, puisque le fabricant d\u00e9veloppe un argumentaire de vente relatif au sport et au monde du travail. Sur sa page d\u2019accueil, le site souligne que la consommation de ce produit est avantageuse \u00e0 de nombreux \u00e9gards :  pour la concentration, l\u2019\u00e9nergie, le boost, l\u2019endurance et le sport. Le fabricant d\u00e9taille par ailleurs l\u2019ensemble des effets b\u00e9n\u00e9fiques associ\u00e9s \u00e0 chacun des ingr\u00e9dients de son produit. Ainsi, la beta alanine est pr\u00e9sent\u00e9e comme un ingr\u00e9dient associ\u00e9 \u00e0 l\u2019augmentation de la force et de la masse musculaire, favorable \u00e0 un accroissement d\u2019endurance, tandis que la L-citrulline est pr\u00e9sent\u00e9e comme favorisant l\u2019\u00e9limination de toxine et r\u00e9duisant l\u2019acidit\u00e9 des muscles pendant l\u2019effort. <\/span><\/p>\n<h2 style=\"text-align: justify;\"><b>Le gouvernement annonce vouloir interdire le produit dans les plus brefs d\u00e9lais<\/b><\/h2>\n<p style=\"text-align: justify;\"><span style=\"font-weight: 400;\">Suite \u00e0 la publication de plusieurs articles et reportages sur la commercialisation du produit, le Sniffy a rapidement suscit\u00e9 l\u2019indignation de la classe politique. En particulier, Catherine Vautrin, ministre du Travail, de la Sant\u00e9 et des Solidarit\u00e9s, a r\u00e9agi au micro de BFMTV, rappelant le caract\u00e8re \u201cdangereux\u201d d\u2019un tel produit, l\u2019attrait de ce dernier aupr\u00e8s des jeunes, et \u00e9voquant la possibilit\u00e9 d\u2019une prochaine interdiction par les pouvoirs publics. <\/span><span style=\"font-weight: 400;\">De son c\u00f4t\u00e9, Fr\u00e9d\u00e9ric Valletoux, ministre d\u00e9l\u00e9gu\u00e9 charg\u00e9 de la Sant\u00e9 et de la Pr\u00e9vention s\u2019est engag\u00e9 \u00e0 \u00e9tudier le dossier pour permettre l\u2019interdiction du produit, qualifi\u00e9 de \u201ccochonnerie\u201d,  dans les plus brefs d\u00e9lais. L\u2019int\u00e9ress\u00e9 a par ailleurs fustig\u00e9 le comportement des acteurs \u00e9conomiques impliqu\u00e9s dans la commercialisation du Sniffy comme \u201crageant\u201d, tout en d\u00e9plorant la course permanente entre l\u2019appareil r\u00e9glementaire  et la cr\u00e9ativit\u00e9 des \u201cvendeurs de mort\u201d. <\/span><\/p>\n<p style=\"text-align: justify;\"><span style=\"font-weight: 400;\">La possibilit\u00e9 d\u2019une interdiction prochaine du Sniffy renvoie par ailleurs \u00e0 la question des sachets de nicotine, dont le d\u00e9veloppement commercial a \u00e9t\u00e9 rapide, et dont plusieurs organisations r\u00e9clament l\u2019interdiction. <\/span><\/p>\n<h2 style=\"text-align: justify;\"><b>Un produit en vente dans le r\u00e9seau des buralistes<\/b><\/h2>\n<p style=\"text-align: justify;\"><span style=\"font-weight: 400;\">Le pr\u00e9sident de la Conf\u00e9d\u00e9ration des buralistes, Philippe Coy, a quant \u00e0 lui estim\u00e9 qu\u2019il \u00e9tait \u201cimpensable\u201d que ce produit soit commercialis\u00e9 par le r\u00e9seau, rappelant le caract\u00e8re \u201cresponsable\u201d des d\u00e9bitants de tabac. Toutefois, le fabricant de Sniffy communique sur l\u2019accessibilit\u00e9 de son produit, \u201cdisponible sur notre site internet et chez votre buraliste\u201d. La responsabilit\u00e9 des buralistes dans la commercialisation de cette poudre est par ailleurs rapidement relativis\u00e9e par Philippe Coy, qui affirme que \u201cla plupart des mises en vente sont sur les r\u00e9seaux sociaux\u201d. Aucune donn\u00e9e ne permet cependant de corroborer une telle d\u00e9claration. <\/span><\/p>\n<p style=\"text-align: justify;\"><span style=\"font-weight: 400;\">Le souci du r\u00e9seau des buralistes pour la sant\u00e9 publique a enfin provoqu\u00e9 la surprise de la journaliste, estimant qu\u2019il pouvait para\u00eetre contradictoire de la part de vendeurs de produits du tabac. L\u00e0 encore, le pr\u00e9sident de Philip Coy a relativis\u00e9 le danger sanitaire que constituent les produits du tabac : \u201cje suis d\u00e9sol\u00e9, on vend des voitures, \u00e7a  cr\u00e9e des accidents de la route\u201d. A titre de comparaison, 3170 personnes sont d\u00e9c\u00e9d\u00e9es en France d\u2019un accident de voiture en 2023, soit 23 fois moins que le bilan annuel moyen du tabagisme dans le pays. <\/span><\/p>\n<p style=\"text-align: justify;\"><strong><a href=\"https:\/\/www.generationsanstabac.org\/\">\u00a9G\u00e9n\u00e9ration Sans Tabac<\/a><\/strong><\/p>\n<p style=\"text-align: right;\"><b><i>FT<\/i><\/b><\/p>\n<hr \/>\n<p style=\"text-align: justify;\"><strong style=\"color: #999999;\"><a style=\"color: #999999;\" href=\"http:\/\/www.cnct.fr\/\" target=\"_blank\" rel=\"noopener noreferrer\">Comit\u00e9 national contre le tabagisme |<\/a><\/strong><\/p>\n","protected":false},"excerpt":{"rendered":"<p>De son c\u00f4t\u00e9, Fr\u00e9d\u00e9ric Valletoux, ministre d\u00e9l\u00e9gu\u00e9 charg\u00e9 de la Sant\u00e9 et de la Pr\u00e9vention s\u2019est engag\u00e9 \u00e0 \u00e9tudier le dossier pour permettre l\u2019interdiction du produit, qualifi\u00e9 de \u201ccochonnerie\u201d,  dans les plus brefs d\u00e9lais.<\/p>\n","protected":false},"featured_media":21477,"template":"","tags":[],"thematique":[502,516],"class_list":["post-21476","actualites","type-actualites","status-publish","has-post-thumbnail","hentry","thematique-justice","thematique-nouveaux-produits"],"acf":[],"_links":{"self":[{"href":"https:\/\/www.generationsanstabac.org\/fr\/wp-json\/wp\/v2\/actualites\/21476","targetHints":{"allow":["GET"]}}],"collection":[{"href":"https:\/\/www.generationsanstabac.org\/fr\/wp-json\/wp\/v2\/actualites"}],"about":[{"href":"https:\/\/www.generationsanstabac.org\/fr\/wp-json\/wp\/v2\/types\/actualites"}],"version-history":[{"count":0,"href":"https:\/\/www.generationsanstabac.org\/fr\/wp-json\/wp\/v2\/actualites\/21476\/revisions"}],"wp:featuredmedia":[{"embeddable":true,"href":"https:\/\/www.generationsanstabac.org\/fr\/wp-json\/wp\/v2\/media\/21477"}],"wp:attachment":[{"href":"https:\/\/www.generationsanstabac.org\/fr\/wp-json\/wp\/v2\/media?parent=21476"}],"wp:term":[{"taxonomy":"post_tag","embeddable":true,"href":"https:\/\/www.generationsanstabac.org\/fr\/wp-json\/wp\/v2\/tags?post=21476"},{"taxonomy":"thematique","embeddable":true,"href":"https:\/\/www.generationsanstabac.org\/fr\/wp-json\/wp\/v2\/thematique?post=21476"}],"curies":[{"name":"wp","href":"https:\/\/api.w.org\/{rel}","templated":true}]}}