{"id":21472,"date":"2024-05-26T06:00:54","date_gmt":"2024-05-26T04:00:54","guid":{"rendered":"https:\/\/www.generationsanstabac.org\/actualites\/nepal-limpact-preoccupant-du-tabac-sur-la-sante-et-leconomie\/"},"modified":"2024-05-26T06:00:54","modified_gmt":"2024-05-26T04:00:54","slug":"nepal-limpact-preoccupant-du-tabac-sur-la-sante-et-leconomie","status":"publish","type":"actualites","link":"https:\/\/www.generationsanstabac.org\/fr\/actualites\/nepal-limpact-preoccupant-du-tabac-sur-la-sante-et-leconomie\/","title":{"rendered":"N\u00e9pal : l\u2019impact pr\u00e9occupant du tabac sur la sant\u00e9 et l\u2019\u00e9conomie"},"content":{"rendered":"<p style=\"text-align: justify;\"><i><span style=\"font-weight: 400;\">Un dossier de l\u2019Association suisse pour la pr\u00e9vention du tabagisme fait \u00e9tat de la persistance de hauts niveaux de consommation au N\u00e9pal. Le document insiste sur la n\u00e9cessit\u00e9 de renforcer les politiques nationales de lutte contre le tabagisme, d\u2019augmenter la fiscalit\u00e9 des produits du tabac, de garantir l\u2019effectivit\u00e9 des mesures et de prot\u00e9ger les pouvoirs publics de l\u2019influence de l\u2019industrie du tabac. <\/span><\/i><\/p>\n<p style=\"text-align: justify;\"><span style=\"font-weight: 400;\">L\u2019Association suisse pour la pr\u00e9vention du tabagisme consacre un dossier \u00e0 la situation et aux enjeux li\u00e9s \u00e0 la lutte contre le tabagisme au N\u00e9pal. Malgr\u00e9 la mise en place de mesures de lutte contre le tabagisme, la pr\u00e9valence demeure encore particuli\u00e8rement \u00e9lev\u00e9e dans le pays. Cela s\u2019explique notamment par des niveaux de taxation encore trop faibles, ainsi que par une forte influence de l\u2019industrie du tabac dans la d\u00e9cision et le d\u00e9bat publics<\/span><span style=\"font-weight: 400;\">.<\/span><\/p>\n<h2 style=\"text-align: justify;\"><b>L\u2019impact majeur du tabac au N\u00e9pal<\/b><\/h2>\n<p style=\"text-align: justify;\"><span style=\"font-weight: 400;\">Avec pr\u00e8s d\u2019un mort sur cinq attribuable au tabac (19,4%), le tabagisme est la premi\u00e8re cause de mortalit\u00e9 au N\u00e9pal. Au-del\u00e0 du co\u00fbt humain et sanitaire, l\u2019industrie du tabac est \u00e0 l\u2019origine d\u2019un co\u00fbt \u00e9conomique non n\u00e9gligeable, estim\u00e9 \u00e0 environ 300 millions de dollars, soit 1,04% du PIB n\u00e9palais. Pour cause, l\u2019Association suisse pour la pr\u00e9vention du tabagisme rappelle que la pr\u00e9valence tabagique demeure \u00e9lev\u00e9e, passant de 30,8% \u00e0 28,9% entre 2012-13 et 2019. De son c\u00f4t\u00e9, l\u2019institut n\u00e9palais de recherche pour le d\u00e9veloppement estime cette pr\u00e9valence tabagique \u00e0 31,7%. <\/span><\/p>\n<h2 style=\"text-align: justify;\"><b>Des avanc\u00e9es malgr\u00e9 l\u2019opposition de l\u2019industrie du tabac<\/b><\/h2>\n<p style=\"text-align: justify;\"><span style=\"font-weight: 400;\">En 2006, le pays a ratifi\u00e9 la Convention-cadre de l\u2019Organisation mondiale pour la lutte antitabac (CCLAT), pr\u00e9c\u00e9dant la mise en place de plusieurs mesures de sant\u00e9 publique, \u00e0 l\u2019instar de la loi sur le contr\u00f4le et la r\u00e9glementation des produits du tabac de 2011, avec l\u2019obligation d\u2019apposer des avertissements sanitaires couvrant plus de 75% de la surface des paquets, ou encore  l&rsquo;interdiction de publicit\u00e9 pour les produits du tabac. <\/span><\/p>\n<p style=\"text-align: justify;\"><span style=\"font-weight: 400;\">Comme le souligne l\u2019Association suisse pour la pr\u00e9vention du tabagisme, le N\u00e9pal a renforc\u00e9 en 2015 la r\u00e9glementation sur les avertissements sanitaires, devant d\u00e9sormais recouvrir 90% de la surface des paquets. Cette d\u00e9cision a toutefois suscit\u00e9 une vive opposition de l\u2019industrie du tabac, contraignant les repr\u00e9sentants de la sant\u00e9 publique \u00e0 introduire une demande reconventionnelle. Huit ans plus tard, la Cour supr\u00eame a statu\u00e9 en faveur de la sant\u00e9 publique, en exigeant des fabricants d\u2019imprimer des avertissements graphiques couvrant 90% de la surface des paquets. <\/span><\/p>\n<h2 style=\"text-align: justify;\"><b>La fiscalit\u00e9 du tabac au N\u00e9pal encore en de\u00e7\u00e0 des recommandations internationales<\/b><\/h2>\n<p style=\"text-align: justify;\"><span style=\"font-weight: 400;\">Au terme de plusieurs ann\u00e9es d\u2019effort de plaidoyer de la part des acteurs de sant\u00e9 publique, le gouvernement a instaur\u00e9 des hausses significatives de taxes sur les produits du tabac.  Toutefois, le taux d\u2019imposition sur le tabac, estim\u00e9 aujourd\u2019hui \u00e0 environ 39% du prix du paquet, reste encore largement inf\u00e9rieur aux recommandations r\u00e9gionales et internationales. En effet, l\u2019Organisation mondiale de la sant\u00e9 recommande aux pouvoirs publics que la fiscalit\u00e9 du tabac repr\u00e9sente au moins 75% de leur prix au d\u00e9tail. <\/span><\/p>\n<p style=\"text-align: justify;\"><span style=\"font-weight: 400;\">Comme dans de nombreux pays, l\u2019industrie du tabac cherche \u00e0 dissuader les pouvoirs publics d\u2019augmenter les taxes sur les produits du tabac, \u00e9voquant un risque d\u2019alimenter le commerce illicite. Alors que l\u2019<\/span><span style=\"font-weight: 400;\">institut n\u00e9palais de recherche pour le d\u00e9veloppement estime la part du commerce illicite \u00e0 0,33% de la consommation nationale, cet argument trouve toutefois un \u00e9cho aupr\u00e8s du gouvernement n\u00e9palais, encore trop r\u00e9ticent \u00e0 mobiliser l\u2019outil fiscal. Pourtant, l\u2019efficacit\u00e9 des hausses de taxes dans la baisse de la consommation et de la pr\u00e9valence tabagique fait l\u2019objet d\u2019un consensus scientifique, r\u00e9guli\u00e8rement rappel\u00e9 par l\u2019OMS.<\/span><\/p>\n<p style=\"text-align: justify;\"><strong><a href=\"https:\/\/www.generationsanstabac.org\/\">\u00a9G\u00e9n\u00e9ration Sans Tabac<\/a><\/strong><\/p>\n<p style=\"text-align: right;\"><b><i>FT<\/i><\/b><\/p>\n<hr \/>\n<p>Pour lire le dossier : <span style=\"font-weight: 400;\">Association suisse pour la pr\u00e9vention du tabagisme, <\/span><a href=\"https:\/\/www.at-schweiz.ch\/fr\/blog-at\/nepal\/\"><span style=\"font-weight: 400;\">Dossiers br\u00fblants\u2009: la lutte du N\u00e9pal contre la mainmise du tabac sur la sant\u00e9 et l&rsquo;\u00e9conomie<\/span><\/a><span style=\"font-weight: 400;\">, 14\/05\/2024, (consult\u00e9 le 21\/05\/2024)<\/span><\/p>\n<p style=\"text-align: justify;\"><span style=\"color: #999999;\"><strong><a style=\"color: #999999;\" href=\"http:\/\/www.cnct.fr\/\" target=\"_blank\" rel=\"noopener noreferrer\">Comit\u00e9 national contre le tabagisme |<\/a><\/strong><\/span><\/p>\n","protected":false},"excerpt":{"rendered":"<p>Avec pr\u00e8s d\u2019un mort sur cinq attribuable au tabac (19,4%), le tabagisme est la premi\u00e8re cause de mortalit\u00e9 au N\u00e9pal. Au-del\u00e0 du co\u00fbt humain et sanitaire, l\u2019industrie du tabac est \u00e0 l\u2019origine d\u2019un co\u00fbt \u00e9conomique non n\u00e9gligeable, estim\u00e9 \u00e0 environ 300 millions de dollars, soit 1,04% du PIB n\u00e9palais.<\/p>\n","protected":false},"featured_media":12126,"template":"","tags":[],"thematique":[474],"class_list":["post-21472","actualites","type-actualites","status-publish","has-post-thumbnail","hentry","thematique-sante"],"acf":[],"_links":{"self":[{"href":"https:\/\/www.generationsanstabac.org\/fr\/wp-json\/wp\/v2\/actualites\/21472","targetHints":{"allow":["GET"]}}],"collection":[{"href":"https:\/\/www.generationsanstabac.org\/fr\/wp-json\/wp\/v2\/actualites"}],"about":[{"href":"https:\/\/www.generationsanstabac.org\/fr\/wp-json\/wp\/v2\/types\/actualites"}],"version-history":[{"count":0,"href":"https:\/\/www.generationsanstabac.org\/fr\/wp-json\/wp\/v2\/actualites\/21472\/revisions"}],"wp:featuredmedia":[{"embeddable":true,"href":"https:\/\/www.generationsanstabac.org\/fr\/wp-json\/wp\/v2\/media\/12126"}],"wp:attachment":[{"href":"https:\/\/www.generationsanstabac.org\/fr\/wp-json\/wp\/v2\/media?parent=21472"}],"wp:term":[{"taxonomy":"post_tag","embeddable":true,"href":"https:\/\/www.generationsanstabac.org\/fr\/wp-json\/wp\/v2\/tags?post=21472"},{"taxonomy":"thematique","embeddable":true,"href":"https:\/\/www.generationsanstabac.org\/fr\/wp-json\/wp\/v2\/thematique?post=21472"}],"curies":[{"name":"wp","href":"https:\/\/api.w.org\/{rel}","templated":true}]}}