{"id":21450,"date":"2024-05-09T07:30:26","date_gmt":"2024-05-09T05:30:26","guid":{"rendered":"https:\/\/www.generationsanstabac.org\/actualites\/irlande-vers-une-interdiction-de-vente-de-tabac-aux-moins-de-21-ans\/"},"modified":"2024-05-09T07:30:26","modified_gmt":"2024-05-09T05:30:26","slug":"irlande-vers-une-interdiction-de-vente-de-tabac-aux-moins-de-21-ans","status":"publish","type":"actualites","link":"https:\/\/www.generationsanstabac.org\/fr\/actualites\/irlande-vers-une-interdiction-de-vente-de-tabac-aux-moins-de-21-ans\/","title":{"rendered":"Irlande : vers une interdiction de vente de tabac aux moins de 21 ans ?"},"content":{"rendered":"<p style=\"text-align: justify;\"><em>En Irlande, un projet de loi proposant de relever \u00e0 21 ans l\u2019\u00e2ge l\u00e9gal pour acheter des produits du tabac devrait \u00eatre prochainement soumis au gouvernement dans les prochaines semaines. Cette proposition, port\u00e9e depuis au moins deux ans par l\u2019actuel ministre d\u2019Etat responsable de la sant\u00e9 publique, pourrait \u00eatre rapidement adopt\u00e9e. De son c\u00f4t\u00e9, le Coll\u00e8ge royal des m\u00e9decins d\u2019Irlande a salu\u00e9 cette initiative visant \u00e0 prot\u00e9ger les jeunes du tabagisme. <\/em><\/p>\n<p style=\"text-align: justify;\">Comme le rapporte l\u2019Irish Examiner, Stephen Donnelly, le ministre de la Sant\u00e9 irlandais, a annonc\u00e9 au cours du mois d\u2019avril son intention de demander l\u2019approbation du gouvernement d\u2019interdire la vente de produits du tabac \u00e0 toute personne de moins de 21 ans. Cette mesure s\u2019inscrit dans l\u2019objectif de parvenir \u00e0 une g\u00e9n\u00e9ration sans tabac d\u2019ici 2025<a href=\"#_ftn1\" name=\"_ftnref1\">[1]<\/a>.<\/p>\n<h2 style=\"text-align: justify;\"><strong>Une diminution de 12% de la pr\u00e9valence tabagique attendue<\/strong><\/h2>\n<p style=\"text-align: justify;\">Le projet de loi est bas\u00e9 sur une initiative de Colm Burke, avant sa nomination en tant que ministre d\u2019Etat responsable de la sant\u00e9 publique. Deux ans auparavant, ce dernier, alors porte-parole Sant\u00e9 du parti Fine Gael, avait publi\u00e9 <a href=\"https:\/\/www.generationsanstabac.org\/actualites\/irlande-nouveau-plan-lutte-tabagisme-populations-vulnerables\/#:~:text=L'Irlande%20souhaite%20parvenir%20%C3%A0,destin%C3%A9es%20aux%20professionnels%20de%20sant%C3%A9.\">un rapport<\/a> proposant au gouvernement de faire passer l\u2019\u00e2ge l\u00e9gal de 18 \u00e0 21 ans. Le rapport s\u2019\u00e9tait notamment appuy\u00e9 sur l\u2019exp\u00e9rience \u00e9tatsunienne, o\u00f9 le rel\u00e8vement de l\u2019\u00e2ge l\u00e9gal \u00e0 21 ans avait permis en 2016 de r\u00e9duire la pr\u00e9valence tabagique de 20% aupr\u00e8s des jeunes de moins de 25 ans. Selon le ministre d\u2019Etat, la mise en place d\u2019une telle interdiction en Irlande se traduirait par une r\u00e9duction de 12% de la pr\u00e9valence tabagique. Colm Burke avait par ailleurs formul\u00e9 le souhait que l\u2019Irlande s\u2019engage \u00e0 nouveau dans des politiques volontaristes de lutte contre le tabagisme.<\/p>\n<h2 style=\"text-align: justify;\"><strong>Le fort impact humain, sanitaire et financier du tabagisme en Irlande <\/strong><\/h2>\n<p style=\"text-align: justify;\">Comme le souligne Colm Burke, la consommation de tabac est responsable de 4500 d\u00e9c\u00e8s pr\u00e9matur\u00e9s par an en Irlande. Avec 18% de pr\u00e9valence \u00e0 l\u2019\u00e9chelle nationale, le tabagisme est \u00e9galement \u00e0 l\u2019origine d\u2019un grand nombre de maladies chroniques et invalidantes, dont 13% de l\u2019ensemble des cancers du pays. L\u2019impact du tabagisme sur la sant\u00e9 se double d\u2019une forte pression sur le syst\u00e8me hospitalier et les finances publiques. En effet, le ministre d\u2019Etat responsable de la sant\u00e9 publique rappelle que le tabac repr\u00e9sente 5% des admissions en h\u00f4pital et 8% de l\u2019ensemble des journ\u00e9es d\u2019hospitalisation, avec un co\u00fbt estim\u00e9 \u00e0 172 millions d\u2019euros \u00e0 la charge de l\u2019h\u00f4pital public. A l\u2019occasion de cette proposition, Colm Burke a d\u00e9clar\u00e9 faire \u00ab tout ce qui est en [son] pouvoir [\u2026] pour contribuer \u00e0 r\u00e9duire la pr\u00e9valence tabagique et \u00e0 faire du pays une soci\u00e9t\u00e9 sans tabac \u00bb.<\/p>\n<h2 style=\"text-align: justify;\"><strong>De fortes in\u00e9galit\u00e9s sociales face \u00e0 la sant\u00e9<\/strong><\/h2>\n<p style=\"text-align: justify;\">Bien que la pr\u00e9valence tabagique ait recul\u00e9 de cinq points depuis 2015, le tabagisme en Irlande demeure un marqueur social de premier ordre. Selon le rapport de 2022 de Colm Burke, le tabagisme est pr\u00e8s de trois fois plus \u00e9lev\u00e9 au sein des cat\u00e9gories socio-\u00e9conomiques les plus d\u00e9favoris\u00e9es (31%) qu\u2019au sein des populations les plus favoris\u00e9es (11%). Alors qu\u2019entre 2015 et 2021, la consommation de tabac a fortement recul\u00e9 pour les cat\u00e9gories favoris\u00e9es (16%), la pr\u00e9valence tabagique a augment\u00e9 de 2% aupr\u00e8s des plus pr\u00e9caires. Cela se traduit par une forte in\u00e9galit\u00e9 face \u00e0 la sant\u00e9, avec des \u00e9carts d\u2019esp\u00e9rance de vie de quatre \u00e0 cinq ans en fonction des cat\u00e9gories sociales.<\/p>\n<p style=\"text-align: left;\"><strong><a href=\"https:\/\/www.generationsanstabac.org\/\">\u00a9G\u00e9n\u00e9ration Sans Tabac<\/a><\/strong><\/p>\n<p style=\"text-align: right;\"><em><strong>FT<\/strong><\/em><\/p>\n<hr \/>\n<p style=\"text-align: justify;\"><a href=\"#_ftnref1\" name=\"_ftn1\">[1]<\/a> Irish Examiner, <a href=\"https:\/\/www.irishexaminer.com\/news\/politics\/arid-41384806.html\">Cabinet to discuss raising age for buying cigarettes and tobacco to 21<\/a>, 30\/04\/2024, (consult\u00e9 le jour m\u00eame)<\/p>\n<p><span style=\"color: #999999;\"><strong><a style=\"color: #999999;\" href=\"http:\/\/www.cnct.fr\/\" target=\"_blank\" rel=\"noopener noreferrer\">Comit\u00e9 national contre le tabagisme |<\/a><\/strong><\/span><\/p>\n","protected":false},"excerpt":{"rendered":"<p>En Irlande, un projet de loi proposant de relever \u00e0 21 ans l\u2019\u00e2ge l\u00e9gal pour acheter des produits du tabac devrait \u00eatre prochainement soumis au gouvernement dans les prochaines semaines. Cette proposition, port\u00e9e depuis au moins deux ans par l\u2019actuel ministre d\u2019Etat responsable de la sant\u00e9 publique, pourrait \u00eatre rapidement adopt\u00e9e. De son c\u00f4t\u00e9, le Coll\u00e8ge royal des m\u00e9decins d\u2019Irlande a salu\u00e9 cette initiative visant \u00e0 prot\u00e9ger les jeunes du tabagisme.<\/p>\n","protected":false},"featured_media":12097,"template":"","tags":[],"thematique":[491],"class_list":["post-21450","actualites","type-actualites","status-publish","has-post-thumbnail","hentry","thematique-politiques-publiques"],"acf":[],"_links":{"self":[{"href":"https:\/\/www.generationsanstabac.org\/fr\/wp-json\/wp\/v2\/actualites\/21450","targetHints":{"allow":["GET"]}}],"collection":[{"href":"https:\/\/www.generationsanstabac.org\/fr\/wp-json\/wp\/v2\/actualites"}],"about":[{"href":"https:\/\/www.generationsanstabac.org\/fr\/wp-json\/wp\/v2\/types\/actualites"}],"version-history":[{"count":0,"href":"https:\/\/www.generationsanstabac.org\/fr\/wp-json\/wp\/v2\/actualites\/21450\/revisions"}],"wp:featuredmedia":[{"embeddable":true,"href":"https:\/\/www.generationsanstabac.org\/fr\/wp-json\/wp\/v2\/media\/12097"}],"wp:attachment":[{"href":"https:\/\/www.generationsanstabac.org\/fr\/wp-json\/wp\/v2\/media?parent=21450"}],"wp:term":[{"taxonomy":"post_tag","embeddable":true,"href":"https:\/\/www.generationsanstabac.org\/fr\/wp-json\/wp\/v2\/tags?post=21450"},{"taxonomy":"thematique","embeddable":true,"href":"https:\/\/www.generationsanstabac.org\/fr\/wp-json\/wp\/v2\/thematique?post=21450"}],"curies":[{"name":"wp","href":"https:\/\/api.w.org\/{rel}","templated":true}]}}