{"id":21443,"date":"2024-05-02T07:30:05","date_gmt":"2024-05-02T05:30:05","guid":{"rendered":"https:\/\/www.generationsanstabac.org\/actualites\/administration-biden-reporte-proposition-interdiction-cigarettes-menthol\/"},"modified":"2024-05-02T07:30:05","modified_gmt":"2024-05-02T05:30:05","slug":"administration-biden-reporte-proposition-interdiction-cigarettes-menthol","status":"publish","type":"actualites","link":"https:\/\/www.generationsanstabac.org\/fr\/actualites\/administration-biden-reporte-proposition-interdiction-cigarettes-menthol\/","title":{"rendered":"L&rsquo;administration Biden reporte une nouvelle fois la proposition d&rsquo;interdiction des cigarettes menthol\u00e9es"},"content":{"rendered":"<p style=\"text-align: justify;\"><em>Le 26 avril dernier, Xavier Becerra, secr\u00e9taire am\u00e9ricain d&rsquo;\u00c9tat \u00e0 la sant\u00e9 et aux services sociaux, a annonc\u00e9 un nouveau retard dans l&rsquo;application de la d\u00e9cision de la US Food and Drug Administration (FDA) -attendue de longue date par les associations de sant\u00e9- visant \u00e0 interdire les produits du tabac menthol\u00e9s aux Etats-Unis. Les associations se d\u00e9solent de ce retard et d\u00e9noncent le fait que l\u2019administration Biden ait c\u00e9d\u00e9 aux pressions de l\u2019industrie du tabac. <\/em><\/p>\n<p style=\"text-align: justify;\">Dans une d\u00e9claration, Xavier Becerra n\u2019a pas pr\u00e9cis\u00e9 le calendrier de la d\u00e9cision finale, expliquant qu&rsquo;il \u00e9tait n\u00e9cessaire de s&rsquo;entretenir avec davantage de groupes et d&rsquo;examiner les pr\u00e9occupations qui ont \u00e9t\u00e9 exprim\u00e9es<a href=\"#_ftn1\" name=\"_ftnref1\">[1]<\/a>.<\/p>\n<p style=\"text-align: justify;\">La FDA est responsable de la r\u00e9glementation des produits du tabac depuis 2009, date \u00e0 laquelle elle a interdit la vente de la plupart des cigarettes aromatis\u00e9es, \u00e0 l&rsquo;exception de celles au menthol suite \u00e0 des actions importantes de lobbying de l\u2019industrie du tabac.<\/p>\n<h2 style=\"text-align: justify;\"><strong>Un retard qui profite uniquement \u00e0 l\u2019industrie du tabac<\/strong><\/h2>\n<p style=\"text-align: justify;\">Malgr\u00e9 les nombreuses \u00e9tudes d\u00e9montrant la nocivit\u00e9 du menthol, La FDA a annonc\u00e9 son intention d&rsquo;interdire les cigarettes menthol\u00e9es seulement en 2021, \u00e0 la suite d&rsquo;une p\u00e9tition citoyenne du Public Health Law Center et de l&rsquo;action en justice intent\u00e9e en 2020 par l&rsquo;African American Tobacco Control Leadership Council, Action on Smoking and Health, et l&rsquo;American Medical Association (AMA). Lorsque la FDA a entam\u00e9 le processus d&rsquo;\u00e9laboration de la r\u00e9glementation \u00e0 ce sujet en avril 2022, les plaignants se sont alors volontairement d\u00e9sist\u00e9s de cette action en justice. Apr\u00e8s avoir fix\u00e9 une date initiale de publication du texte pour ao\u00fbt 2023, la Maison-Blanche avait report\u00e9 cette date \u00e0 mars 2024. Ce d\u00e9lai n\u2019a, une nouvelle fois, pas \u00e9t\u00e9 respect\u00e9.<\/p>\n<p style=\"text-align: justify;\">Suite \u00e0 ce nouveau retard, les associations pr\u00e9cit\u00e9es ont alors d\u00e9pos\u00e9 une deuxi\u00e8me plainte contre la FDA le 2 avril 2024<a href=\"#_ftn2\" name=\"_ftnref2\">[2]<\/a>. Les associations se d\u00e9solent de ce retard et d\u00e9noncent le fait que l\u2019administration Biden ait c\u00e9d\u00e9 aux pressions de l\u2019industrie du tabac. Le calendrier public des r\u00e9unions de l\u2019administration Biden sur les mesures r\u00e9glementaires montre qu\u2019au cours du mois de novembre 2023, 41 r\u00e9unions ont \u00e9t\u00e9 programm\u00e9es concernant la r\u00e9glementation du menthol ; 38 ont eu lieu avec des repr\u00e9sentants de l\u2019industrie du tabac et de leurs alli\u00e9s, tandis seulement  trois  ont eu lieu avec des repr\u00e9sentants d\u2019organisations de sant\u00e9 publique.<\/p>\n<p style=\"text-align: justify;\">Les cigarettes menthol\u00e9es sont devenues une question centrale pour le pr\u00e9sident Biden, qui doit faire face \u00e0 une ann\u00e9e \u00e9lectorale marqu\u00e9e par la crainte d&rsquo;une baisse de la participation des \u00e9lecteurs afro-am\u00e9ricains. En effet, les groupes minoritaires, en particulier les afro-am\u00e9ricains, sont agressivement cibl\u00e9s par le marketing des produits menthol\u00e9s des fabricants de tabac et l\u2019usage de cigarettes menthol\u00e9es  a contribu\u00e9 \u00e0 l&rsquo;aggravation des disparit\u00e9s en mati\u00e8re de sant\u00e9. Selon la FDA, pr\u00e8s de 85 % des fumeurs afro-am\u00e9ricains consomment des cigarettes menthol\u00e9es, contre seulement 30 % des fumeurs blancs.<\/p>\n<p style=\"text-align: justify;\"><em>\u00ab Ce retard t\u00e9moigne d&rsquo;un \u00e9norme m\u00e9pris pour la sant\u00e9 publique. La commercialisation des cigarettes menthol\u00e9es continue d&rsquo;avoir un impact d\u00e9vastateur sur les communaut\u00e9s noires et hispaniques \u00bb<\/em>, a d\u00e9clar\u00e9 le Dr Yolanda Lawson, pr\u00e9sidente de l&rsquo;AMA. Selon une \u00e9tude publi\u00e9e en avril 2022, 789 724 am\u00e9ricains qui fument quotidiennement (dont 199 732 Afro-Am\u00e9ricains) devraient cesser de fumer apr\u00e8s l&rsquo;interdiction du menthol aux \u00c9tats-Unis.<\/p>\n<p style=\"text-align: justify;\"><strong>Mots-cl\u00e9s : \u00c9tats-Unis, Biden, menthol, FDA, lobby, cigarettes menthol\u00e9es<\/strong><\/p>\n<p style=\"text-align: left;\"><strong><a href=\"https:\/\/www.generationsanstabac.org\/\">\u00a9G\u00e9n\u00e9ration Sans Tabac<\/a><\/strong><\/p>\n<p style=\"text-align: right;\"><em><strong>AE<\/strong><\/em><\/p>\n<hr \/>\n<p style=\"text-align: justify;\"><a href=\"#_ftnref1\" name=\"_ftn1\">[1]<\/a> Kevin Liptak and Carma Hassan,<a href=\"https:\/\/edition.cnn.com\/2024\/04\/26\/health\/fda-menthol-cigarettes\/index.html\"> Biden administration delays proposed ban on menthol cigarettes<\/a>, CNN, publi\u00e9 le 26 avril 2024, consult\u00e9 le 29 avril 2024<\/p>\n<p style=\"text-align: justify;\"><a href=\"#_ftnref2\" name=\"_ftn2\">[2]<\/a> G\u00e9n\u00e9ration sans tabac, <a href=\"https:\/\/www.generationsanstabac.org\/actualites\/fda-poursuivie-deuxieme-fois-retard-interdiction-cigarettes-menthol\/\">La FDA poursuivie une deuxi\u00e8me fois pour son retard dans l\u2019interdiction des cigarettes au menthol<\/a>, publi\u00e9 le 7 avril 2024, consult\u00e9 le 29 avril 2024<\/p>\n<p><span style=\"color: #999999;\"><strong><a style=\"color: #999999;\" href=\"http:\/\/www.cnct.fr\/\" target=\"_blank\" rel=\"noopener noreferrer\">Comit\u00e9 national contre le tabagisme |<\/a><\/strong><\/span><\/p>\n","protected":false},"excerpt":{"rendered":"<p>Le 26 avril dernier, Xavier Becerra, secr\u00e9taire am\u00e9ricain d&rsquo;\u00c9tat \u00e0 la sant\u00e9 et aux services sociaux, a annonc\u00e9 un nouveau retard dans l&rsquo;application de la d\u00e9cision de la US Food and Drug Administration (FDA) -attendue de longue date par les associations de sant\u00e9- visant \u00e0 interdire les produits du tabac menthol\u00e9s aux Etats-Unis.<\/p>\n","protected":false},"featured_media":12083,"template":"","tags":[],"thematique":[499,474],"class_list":["post-21443","actualites","type-actualites","status-publish","has-post-thumbnail","hentry","thematique-lobby","thematique-sante"],"acf":[],"_links":{"self":[{"href":"https:\/\/www.generationsanstabac.org\/fr\/wp-json\/wp\/v2\/actualites\/21443","targetHints":{"allow":["GET"]}}],"collection":[{"href":"https:\/\/www.generationsanstabac.org\/fr\/wp-json\/wp\/v2\/actualites"}],"about":[{"href":"https:\/\/www.generationsanstabac.org\/fr\/wp-json\/wp\/v2\/types\/actualites"}],"version-history":[{"count":0,"href":"https:\/\/www.generationsanstabac.org\/fr\/wp-json\/wp\/v2\/actualites\/21443\/revisions"}],"wp:featuredmedia":[{"embeddable":true,"href":"https:\/\/www.generationsanstabac.org\/fr\/wp-json\/wp\/v2\/media\/12083"}],"wp:attachment":[{"href":"https:\/\/www.generationsanstabac.org\/fr\/wp-json\/wp\/v2\/media?parent=21443"}],"wp:term":[{"taxonomy":"post_tag","embeddable":true,"href":"https:\/\/www.generationsanstabac.org\/fr\/wp-json\/wp\/v2\/tags?post=21443"},{"taxonomy":"thematique","embeddable":true,"href":"https:\/\/www.generationsanstabac.org\/fr\/wp-json\/wp\/v2\/thematique?post=21443"}],"curies":[{"name":"wp","href":"https:\/\/api.w.org\/{rel}","templated":true}]}}