{"id":21439,"date":"2024-04-29T08:00:21","date_gmt":"2024-04-29T06:00:21","guid":{"rendered":"https:\/\/www.generationsanstabac.org\/actualites\/bresil-maintient-interdiction-vente-tabac-chauffe-produits-vapotage\/"},"modified":"2024-04-29T08:00:21","modified_gmt":"2024-04-29T06:00:21","slug":"bresil-maintient-interdiction-vente-tabac-chauffe-produits-vapotage","status":"publish","type":"actualites","link":"https:\/\/www.generationsanstabac.org\/fr\/actualites\/bresil-maintient-interdiction-vente-tabac-chauffe-produits-vapotage\/","title":{"rendered":"Le Br\u00e9sil maintient l\u2019interdiction de vente du tabac chauff\u00e9 et des produits du vapotage"},"content":{"rendered":"<p style=\"text-align: justify;\"><em>Le 19 avril dernier, le conseil d&rsquo;administration de l&rsquo;Agence br\u00e9silienne de surveillance sanitaire (Anvisa) a vot\u00e9 \u00e0 l&rsquo;unanimit\u00e9 le maintien de l&rsquo;interdiction de la vente des produits du tabac chauff\u00e9 et des produits du vapotage ainsi que les accessoires et les recharges destin\u00e9s \u00e0 \u00eatre utilis\u00e9s avec l&rsquo;un de ces produits<a href=\"#_ftn1\" name=\"_ftnref1\"><strong>[1]<\/strong><\/a>. <\/em><\/p>\n<p style=\"text-align: justify;\">La pr\u00e9c\u00e9dente r\u00e9solution interdisant la vente des produits du vapotage avait \u00e9t\u00e9 adopt\u00e9e en 2009, et les d\u00e9put\u00e9s br\u00e9siliens ont d\u00e9cid\u00e9 d\u2019en \u00e9tudier la pertinence en faisant une \u00e9tude \u00e0 jour des donn\u00e9es scientifiques et rapports techniques, et via des consultations publiques.<\/p>\n<h2 style=\"text-align: justify;\"><strong>Des produits addictifs qui n\u2019apportent aucun b\u00e9n\u00e9fice \u00e0 la sant\u00e9 publique <\/strong><\/h2>\n<p style=\"text-align: justify;\">La fabrication, la vente, l&rsquo;importation et la publicit\u00e9 des produits du vapotage sont interdites dans le pays depuis 2009. Malgr\u00e9 ces interdictions, ces produits se trouvent ais\u00e9ment dans les magasins de proximit\u00e9 et sur Internet et la consommation, en particulier chez les jeunes, est en hausse. Selon une enqu\u00eate de l&rsquo;Institut br\u00e9silien de g\u00e9ographie et de statistique (IBGE), un organisme du gouvernement f\u00e9d\u00e9ral qui recueille des donn\u00e9es sur la population, 16,8 % des adolescents \u00e2g\u00e9s de 13 \u00e0 17 ans ont d\u00e9clar\u00e9 avoir essay\u00e9 de vapoter au moins une fois dans leur vie.<\/p>\n<p style=\"text-align: justify;\">En 2022, l&rsquo;Anvisa a approuv\u00e9 un rapport technique indiquant la n\u00e9cessit\u00e9 de maintenir l&rsquo;interdiction de ces produits et celle d&rsquo;adopter des mesures suppl\u00e9mentaires pour freiner les ventes irr\u00e9guli\u00e8res d&rsquo;e-cigarettes.  Etaient notamment pr\u00e9conis\u00e9es la multiplication des contr\u00f4les et la diffusion de campagnes d&rsquo;information sur les effets du vapotage sur la sant\u00e9. Le sujet de l\u2019interdiction a \u00e9t\u00e9 r\u00e9examin\u00e9 par l&rsquo;agence la semaine derni\u00e8re, \u00e0 l&rsquo;issue d&rsquo;une consultation publique qui a permis d&rsquo;entendre les contributions d&rsquo;experts, de fabricants de produits de vapotage et de consommateurs. L&rsquo;Anvisa a, \u00e0 nouveau, pris position contre la vente de cigarettes \u00e9lectroniques et accessoires associ\u00e9s et a fond\u00e9 sa d\u00e9cision sur quatre points principaux.<\/p>\n<p style=\"text-align: justify;\">La premi\u00e8re justification est l&rsquo;augmentation de la consommation de produits du tabac et de la nicotine chez les jeunes dans les pays qui ont autoris\u00e9 le vapotage, comme les \u00c9tats-Unis et le Royaume-Uni. La deuxi\u00e8me est le potentiel de d\u00e9pendance des e-cigarettes &#8211; bien que les fabricants affirment que les cigarettes \u00e9lectroniques soient moins addictives, l\u2019Anvisa s\u2019est appuy\u00e9e sur des recherches r\u00e9centes qui montrent que les cigarettes \u00e9lectroniques peuvent contenir jusqu&rsquo;\u00e0 20 fois plus de nicotine que les cigarettes manufactur\u00e9es.<\/p>\n<p style=\"text-align: justify;\">L&rsquo;Anvisa a \u00e9galement soulign\u00e9 le manque d&rsquo;\u00e9tudes \u00e0 long terme sur les effets du vapotage sur la sant\u00e9 des consommateurs, en particulier sur les maladies pulmonaires. Enfin, l&rsquo;agence a mentionn\u00e9 l&rsquo;impact qu&rsquo;aurait l&rsquo;autorisation des vapes sur les politiques g\u00e9n\u00e9rales de lutte antitabac du Br\u00e9sil, qui ont \u00e9t\u00e9 salu\u00e9es au niveau international.<\/p>\n<h2 style=\"text-align: justify;\"><strong>Le Br\u00e9sil fait figure de bon \u00e9l\u00e8ve dans la lutte contre le tabagisme <\/strong><\/h2>\n<p style=\"text-align: justify;\">Interdiction de fumer dans les lieux publics, interdiction de la publicit\u00e9, hausse des taxes, etc. Le Br\u00e9sil a pris des dispositions l\u00e9gislatives fortes pour prot\u00e9ger la sant\u00e9 de ses citoyens. Il constitue un exemple \u00e0 suivre pour les pays \u00e9mergents et en voie de d\u00e9veloppement. En juillet 2019, le Br\u00e9sil est devenu le deuxi\u00e8me pays \u00e0 mettre pleinement en \u0153uvre toutes les mesures du trait\u00e9 de l\u2019OMS, la Convention cadre pour la Lutte antitabac, dans le but de r\u00e9duire la consommation de tabac et de prot\u00e9ger la population contre les maladies chroniques non transmissibles.<\/p>\n<p style=\"text-align: justify;\">Le pays s\u2019est \u00e9galement d\u00e9marqu\u00e9 durant la 10<sup>e<\/sup> session de la Conf\u00e9rence des Parties \u00e0 la Convention-Cadre pour la lutte antitabac au Panama en f\u00e9vrier dernier (COP10). Le Br\u00e9sil a en effet jou\u00e9 un r\u00f4le de leader pour pleinement faire appliquer l\u2019article 18 du trait\u00e9 consacr\u00e9 \u00e0 la protection de l\u2019environnement \u00e0 l\u2019\u00e9gard des dommages du tabac et de son industrie, soutenu par d\u2019autres pays de la r\u00e9gion : l&rsquo;\u00c9quateur et le Panama. Le pays s\u2019est enfin distingu\u00e9 par sa d\u00e9nonciation du lien intrins\u00e8que entre la protection des droits humains et la lutte contre le tabagisme.<\/p>\n<p style=\"text-align: justify;\"><strong>Mots-cl\u00e9s : Br\u00e9sil, am\u00e9rique latine, vapotage, cigarette \u00e9lectronique, tabac chauff\u00e9, interdiction<\/strong><\/p>\n<p style=\"text-align: left;\"><strong><a href=\"https:\/\/www.generationsanstabac.org\/\">\u00a9G\u00e9n\u00e9ration Sans Tabac<\/a><\/strong><\/p>\n<p style=\"text-align: right;\"><em><strong>AE<\/strong><\/em><\/p>\n<hr \/>\n<p><a href=\"#_ftnref1\" name=\"_ftn1\">[1]<\/a> Tabata Vuapiana, <a href=\"https:\/\/brazilreports.com\/brazil-upholds-ban-on-e-cigarette-sales\/6035\/\">Brazil upholds ban on e-cigarette sales<\/a>, Brazil Reports, publi\u00e9 le 23 avril 2024, consult\u00e9 le 24 avril 2024<\/p>\n<p><span style=\"color: #999999;\"><strong><a style=\"color: #999999;\" href=\"http:\/\/www.cnct.fr\/\" target=\"_blank\" rel=\"noopener noreferrer\">Comit\u00e9 national contre le tabagisme |<\/a><\/strong><\/span><\/p>\n","protected":false},"excerpt":{"rendered":"<p>Le 19 avril dernier, le conseil d&rsquo;administration de l&rsquo;Agence br\u00e9silienne de surveillance sanitaire (Anvisa) a vot\u00e9 \u00e0 l&rsquo;unanimit\u00e9 le maintien de l&rsquo;interdiction de la vente des produits du tabac chauff\u00e9 et des produits du vapotage ainsi que les accessoires et les recharges destin\u00e9s \u00e0 \u00eatre utilis\u00e9s avec l&rsquo;un de ces produits au Br\u00e9sil<\/p>\n","protected":false},"featured_media":12075,"template":"","tags":[],"thematique":[502,516],"class_list":["post-21439","actualites","type-actualites","status-publish","has-post-thumbnail","hentry","thematique-justice","thematique-nouveaux-produits"],"acf":[],"_links":{"self":[{"href":"https:\/\/www.generationsanstabac.org\/fr\/wp-json\/wp\/v2\/actualites\/21439","targetHints":{"allow":["GET"]}}],"collection":[{"href":"https:\/\/www.generationsanstabac.org\/fr\/wp-json\/wp\/v2\/actualites"}],"about":[{"href":"https:\/\/www.generationsanstabac.org\/fr\/wp-json\/wp\/v2\/types\/actualites"}],"version-history":[{"count":0,"href":"https:\/\/www.generationsanstabac.org\/fr\/wp-json\/wp\/v2\/actualites\/21439\/revisions"}],"wp:featuredmedia":[{"embeddable":true,"href":"https:\/\/www.generationsanstabac.org\/fr\/wp-json\/wp\/v2\/media\/12075"}],"wp:attachment":[{"href":"https:\/\/www.generationsanstabac.org\/fr\/wp-json\/wp\/v2\/media?parent=21439"}],"wp:term":[{"taxonomy":"post_tag","embeddable":true,"href":"https:\/\/www.generationsanstabac.org\/fr\/wp-json\/wp\/v2\/tags?post=21439"},{"taxonomy":"thematique","embeddable":true,"href":"https:\/\/www.generationsanstabac.org\/fr\/wp-json\/wp\/v2\/thematique?post=21439"}],"curies":[{"name":"wp","href":"https:\/\/api.w.org\/{rel}","templated":true}]}}