{"id":21431,"date":"2024-04-18T07:00:59","date_gmt":"2024-04-18T05:00:59","guid":{"rendered":"https:\/\/www.generationsanstabac.org\/actualites\/royaume-uni-linterdiction-de-vente-de-tabac-aux-personnes-nees-apres-2009-approuvee-par-la-chambre-des-communes\/"},"modified":"2024-04-18T07:00:59","modified_gmt":"2024-04-18T05:00:59","slug":"royaume-uni-linterdiction-de-vente-de-tabac-aux-personnes-nees-apres-2009-approuvee-par-la-chambre-des-communes","status":"publish","type":"actualites","link":"https:\/\/www.generationsanstabac.org\/fr\/actualites\/royaume-uni-linterdiction-de-vente-de-tabac-aux-personnes-nees-apres-2009-approuvee-par-la-chambre-des-communes\/","title":{"rendered":"Royaume-Uni : l\u2019interdiction de vente de tabac aux personnes n\u00e9es apr\u00e8s 2009 approuv\u00e9e par la Chambre des communes"},"content":{"rendered":"<p style=\"text-align: justify;\"><em>La Chambre des communes du Royaume-Uni a approuv\u00e9 ce 16 avril un projet de loi qui interdira la vente de produits du tabac aux personnes n\u00e9es \u00e0 partir de 2009, une mesure port\u00e9e par le Premier ministre Rishi Sunak, qui esp\u00e8re cr\u00e9er une g\u00e9n\u00e9ration sans tabac dans le pays, malgr\u00e9 l&rsquo;opposition des conservateurs<a href=\"#_ftn1\" name=\"_ftnref1\"><strong>[1]<\/strong><\/a>.<\/em><\/p>\n<p style=\"text-align: justify;\">Lors du premier vote, 383 d\u00e9put\u00e9s ont approuv\u00e9 le texte, 67 ont vot\u00e9 contre. Parmi ces derniers pr\u00e8s d&rsquo;une soixantaine de d\u00e9put\u00e9s conservateurs. La Chambre des Lords devrait se prononcer en juin sur le projet de loi, en vue d\u2019une adoption finale.<\/p>\n<p style=\"text-align: justify;\">L&rsquo;Office des statistiques nationales a estim\u00e9 qu&rsquo;environ 6,4 millions d\u2019adultes \u00e9taient des fumeurs au Royaume-Uni en 2022, soit 12,9% de la population des 18 ans et plus. Chez les adolescents de 16-17 ans, 12% sont fumeurs. Le tabagisme demeure la principale cause de d\u00e9c\u00e8s pr\u00e9matur\u00e9e \u00e9vitable au Royaume-Uni, causant 80 000 morts chaque ann\u00e9e.<\/p>\n<h2 style=\"text-align: justify;\"><strong>La libert\u00e9 n\u2019a pas sa place dans l\u2019addiction selon la ministre de la sant\u00e9<\/strong><\/h2>\n<p style=\"text-align: justify;\">Si elle est adopt\u00e9e en juin prochain, la loi britannique sur le tabagisme sera parmi les plus strictes au monde. L&rsquo;approche britannique s\u2019inscrit dans le prolongement d\u2019une initiative similaire port\u00e9e pour la premi\u00e8re fois en Nouvelle-Z\u00e9lande mais qui a \u00e9t\u00e9 abandonn\u00e9e suite \u00e0 la venue au pouvoir gouvernement conservateur li\u00e9 au lobby du tabac.<\/p>\n<p style=\"text-align: justify;\">La loi pr\u00e9vue au Royaume Uni, en cas d\u2019adoption, signifie qu&rsquo;il sera ill\u00e9gal de vendre des produits du tabac \u00e0 toute personne n\u00e9e \u00e0 partir du 1er janvier 2009.<\/p>\n<p style=\"text-align: justify;\">Toutefois, plusieurs d\u00e9put\u00e9s conservateurs, dont l&rsquo;ancienne premi\u00e8re ministre Liz Truss, ont vot\u00e9 contre le projet de loi, estimant que ce texte limiterait la libert\u00e9 individuelle. Elle a \u00e9galement d\u00e9clar\u00e9 que cette loi \u00e9tait l&rsquo;\u0153uvre d&rsquo;un \u00ab \u00c9tat-nounou \u00bb.  La semaine derni\u00e8re, l&rsquo;ancien premier ministre Boris Johnson a qualifi\u00e9 pour sa part l&rsquo;interdiction de vente de tabac \u00ab d&rsquo;absolument folle \u00bb lors d&rsquo;un discours prononc\u00e9 \u00e0 l&rsquo;occasion d&rsquo;une conf\u00e9rence r\u00e9unissant des conservateurs \u00e0 Ottawa, au Canada.<\/p>\n<p style=\"text-align: justify;\">Il n&rsquo;y a \u00ab <em>pas de libert\u00e9 dans la d\u00e9pendance <\/em>\u00bb a averti Victoria Atkins, la ministre de la sant\u00e9 en r\u00e9ponse aux conservateurs, ajoutant que \u00ab <em>la nicotine prive les gens de leur libert\u00e9 de choix. La grande majorit\u00e9 des fumeurs commencent \u00e0 fumer quand ils sont jeunes, et les trois quarts d&rsquo;entre eux disent que s&rsquo;ils pouvaient revenir en arri\u00e8re, ils n&rsquo;auraient pas commenc\u00e9<\/em> \u00bb.<\/p>\n<p style=\"text-align: justify;\">Le projet de loi comprend \u00e9galement des dispositions r\u00e9glementant la commercialisation et l&#8217;emballage des produits du vapotage et autres produits \u00e0 base de nicotine afin de les rendre moins attrayants pour les enfants. Les pr\u00e9rogatives des agents responsables du respect des normes commerciales seront \u00e9largies pour leur permettre de constater et verbaliser sur place tout responsable de magasin pris en flagrant de vente de tabac ou de produits de vapotage \u00e0 des enfants. Le montant des amendes forfaitaires est de 100 livres sterling et les amendes collect\u00e9es seront affect\u00e9es \u00e0 la poursuite de la mise en \u0153uvre de la l\u00e9gislation.<\/p>\n<p>Credit photo : Benjamin Cremel\/PRESS ASSOCIATION IMAGES\/MAXPPP<\/p>\n<p><strong>Mots-cl\u00e9s : Royaume-Uni, Rishi Sunak, conservateurs, g\u00e9n\u00e9ration sans tabac, 2009, mineurs<\/strong><\/p>\n<p style=\"text-align: left;\"><strong><a href=\"https:\/\/www.generationsanstabac.org\/\">\u00a9G\u00e9n\u00e9ration Sans Tabac<\/a><\/strong><\/p>\n<p style=\"text-align: right;\"><em><strong>AE<\/strong><\/em><\/p>\n<hr \/>\n<p style=\"text-align: justify;\"><a href=\"#_ftnref1\" name=\"_ftn1\">[1]<\/a> Sarah Young and Alistair Smout, <a href=\"https:\/\/www.reuters.com\/world\/uk\/british-lawmakers-vote-smoking-ban-younger-generations-2024-04-16\/\">UK smoking ban for younger generations passes first parliamentary hurdle<\/a>, Reuters, publi\u00e9 le 16 avril 2024, consult\u00e9 le 17 avril 2024<\/p>\n<p><span style=\"color: #999999;\"><strong><a style=\"color: #999999;\" href=\"http:\/\/www.cnct.fr\/\" target=\"_blank\" rel=\"noopener noreferrer\">Comit\u00e9 national contre le tabagisme |<\/a><\/strong><\/span><\/p>\n","protected":false},"excerpt":{"rendered":"<p>La Chambre des communes du Royaume-Uni a approuv\u00e9 ce 16 avril un projet de loi qui interdira la vente de produits du tabac aux personnes n\u00e9es \u00e0 partir de 2009, une mesure port\u00e9e par le Premier ministre Rishi Sunak, qui esp\u00e8re cr\u00e9er une g\u00e9n\u00e9ration sans tabac dans le pays, malgr\u00e9 l&rsquo;opposition des conservateurs<\/p>\n","protected":false},"featured_media":12059,"template":"","tags":[],"thematique":[502,491],"class_list":["post-21431","actualites","type-actualites","status-publish","has-post-thumbnail","hentry","thematique-justice","thematique-politiques-publiques"],"acf":[],"_links":{"self":[{"href":"https:\/\/www.generationsanstabac.org\/fr\/wp-json\/wp\/v2\/actualites\/21431","targetHints":{"allow":["GET"]}}],"collection":[{"href":"https:\/\/www.generationsanstabac.org\/fr\/wp-json\/wp\/v2\/actualites"}],"about":[{"href":"https:\/\/www.generationsanstabac.org\/fr\/wp-json\/wp\/v2\/types\/actualites"}],"version-history":[{"count":0,"href":"https:\/\/www.generationsanstabac.org\/fr\/wp-json\/wp\/v2\/actualites\/21431\/revisions"}],"wp:featuredmedia":[{"embeddable":true,"href":"https:\/\/www.generationsanstabac.org\/fr\/wp-json\/wp\/v2\/media\/12059"}],"wp:attachment":[{"href":"https:\/\/www.generationsanstabac.org\/fr\/wp-json\/wp\/v2\/media?parent=21431"}],"wp:term":[{"taxonomy":"post_tag","embeddable":true,"href":"https:\/\/www.generationsanstabac.org\/fr\/wp-json\/wp\/v2\/tags?post=21431"},{"taxonomy":"thematique","embeddable":true,"href":"https:\/\/www.generationsanstabac.org\/fr\/wp-json\/wp\/v2\/thematique?post=21431"}],"curies":[{"name":"wp","href":"https:\/\/api.w.org\/{rel}","templated":true}]}}