{"id":21427,"date":"2024-04-19T08:00:16","date_gmt":"2024-04-19T06:00:16","guid":{"rendered":"https:\/\/www.generationsanstabac.org\/actualites\/grand-est-lancement-dune-formation-gratuite-fast-sur-le-sevrage-tabagique-pour-les-professionnels-de-sante\/"},"modified":"2025-01-16T15:35:14","modified_gmt":"2025-01-16T14:35:14","slug":"grand-est-lancement-dune-formation-gratuite-fast-sur-le-sevrage-tabagique-pour-les-professionnels-de-sante","status":"publish","type":"actualites","link":"https:\/\/www.generationsanstabac.org\/fr\/actualites\/grand-est-lancement-dune-formation-gratuite-fast-sur-le-sevrage-tabagique-pour-les-professionnels-de-sante\/","title":{"rendered":"Grand Est : lancement d\u2019une formation gratuite sur le sevrage tabagique pour les professionnels de sant\u00e9"},"content":{"rendered":"<p style=\"text-align: justify\"><em>L\u2019agence r\u00e9gionale de sant\u00e9 (ARS) du Grand Est et l\u2019universit\u00e9 de Lorraine viennent d\u2019ouvrir une formation au sevrage tabagique, baptis\u00e9e <\/em><a href=\"https:\/\/www.univ-lorraine.fr\/wp-content\/uploads\/2024\/04\/dp_ul_fast_avril2024.pdf\"><em>Fast<\/em><\/a><em>. Destin\u00e9e aux professionnels de sant\u00e9 en exercice ou au futurs professionnels de sant\u00e9, elle est disponible sur une plateforme gratuite. Le projet est d\u00e9velopp\u00e9 conjointement par les universit\u00e9s du Grand Est : Lorraine, Strasbourg et Reims Champagne-Ardenne.<\/em><\/p>\n<p style=\"text-align: justify\">Cette formation est financ\u00e9e par l\u2019ARS Grand Est \u00e0 hauteur de 630 000 euros dans le cadre du fonds de lutte contre les addictions (FLCA). Le projet est co-port\u00e9 par la Facult\u00e9 de Pharmacie, la Facult\u00e9 de M\u00e9decine Ma\u00efeutique et M\u00e9tiers de la Sant\u00e9 et le Coll\u00e9gium Sant\u00e9 de l\u2019Universit\u00e9 de Lorraine, en partenariat avec les associations impliqu\u00e9es dans la lutte contre le tabagisme dans le Grand Est (Grand Est Sans Tabac &#8211; GEST, Grand Est Addiction &#8211; GEA) et le CHRU de Nancy. Les associations de professionnels de sant\u00e9 (URPS, FEMAGE) et les Ordres, concern\u00e9s par la formation, ont \u00e9t\u00e9 directement associ\u00e9s \u00e0 ce projet.<\/p>\n<p style=\"text-align: justify\">Gratuite, cette formation \u00e0 distance d\u2019une dur\u00e9e totale d\u2019environ 3h, peut \u00eatre arr\u00eat\u00e9e et reprise \u00e0 tout moment, pour s\u2019adapter \u00e0 l\u2019emploi du temps des utilisateurs.<\/p>\n<h2 style=\"text-align: justify\"><strong>Une majorit\u00e9 de fumeurs souhaitent arr\u00eater <\/strong><\/h2>\n<p style=\"text-align: justify\">En France, l\u2019enjeu du sevrage tabagique reste essentiel o\u00f9 la consommation de tabac stagne \u00e0 un niveau tr\u00e8s \u00e9lev\u00e9 avec 31,8% des adultes fran\u00e7ais de 18-75 ans se d\u00e9clarant fumeurs dont 24,5% quotidiennement. La r\u00e9gion du Grand Est est la troisi\u00e8me r\u00e9gion en France o\u00f9 l\u2019on fume le plus. Une situation qui s\u2019explique pour partie par la pr\u00e9sence de plusieurs pays frontaliers o\u00f9 les prix du tabac sont bien inf\u00e9rieurs \u00e0 ceux en France. A cela s\u2019ajoute le poids dans la r\u00e9gion des cat\u00e9gories sociales plus vuln\u00e9rables pour lesquelles la pr\u00e9valence tabagique est plus \u00e9lev\u00e9e.<\/p>\n<p style=\"text-align: justify\">Les b\u00e9n\u00e9fices de l\u2019arr\u00eat de la consommation de tabac sont importants et ce, quel que soit l\u2019\u00e2ge du fumeur : arr\u00eater de fumer \u00e0 30 ans am\u00e9liore l\u2019esp\u00e9rance de vie de 10 ans, arr\u00eater \u00e0 50 ans am\u00e9liore l\u2019esp\u00e9rance de vie de 4 ans, arr\u00eater \u00e0 60 ans am\u00e9liore l\u2019esp\u00e9rance de vie de 3 ans.<\/p>\n<p style=\"text-align: justify\">La proportion de fumeurs souhaitant arr\u00eater de fumer est \u00e9lev\u00e9e : on estime que six fumeurs sur dix d\u00e9sirent arr\u00eater. Cependant, une minorit\u00e9 seulement y parvient sans prise en charge. Or cette prise en charge par un professionnel de sant\u00e9 augmente ainsi de 70% les chances de r\u00e9ussir son sevrage, soulignant les enjeux de l\u2019offre de soins \u00e0 ce niveau.<\/p>\n<h2 style=\"text-align: justify\"><strong>Les professionnels de sant\u00e9, en premi\u00e8re ligne pour accompagner le fumeur dans l\u2019arr\u00eat<\/strong><\/h2>\n<p style=\"text-align: justify\">Depuis 2016, la prescription de traitements nicotiniques de substitution (TNS) est ouverte aux chirurgiens-dentistes, aux infirmiers et aux masseurs-kin\u00e9sith\u00e9rapeutes, en plus des m\u00e9decins et des sages-femmes. Ainsi de plus en plus de professionnels de sant\u00e9 sont d\u00e9sormais habilit\u00e9s \u00e0 prescrire les traitements de substitutions nicotiniques. Cependant ceux-ci demeurent encore trop peu form\u00e9s \u00e0 la prise en charge du sevrage tabagique. Pour le professeur Yves Martinet, pr\u00e9sident du Comit\u00e9 national contre le tabagisme et l\u2019un des quatre experts ayant coordonn\u00e9 le projet FAST, tous les professionnels de sant\u00e9 doivent aborder de mani\u00e8re syst\u00e9matique le statut tabagique de leur patient : \u00ab<em> cela fait indirectement partie de leurs cursus en formation initiale mais compte tenu de l&rsquo;importance du probl\u00e8me sanitaire que le tabagisme repr\u00e9sente, c&rsquo;est tout \u00e0 fait insuffisant comme formation initiale <\/em>\u00bb<a href=\"#_ftn1\" name=\"_ftnref1\">[1]<\/a>. C\u2019est pour r\u00e9pondre \u00e0 ce manque et pour augmenter le niveau de connaissances et de savoir-faire des professionnels que la formation a vu le jour. Elle s\u2019appuie sur des outils pratiques (vid\u00e9os, quizz, illustrations et interventions d\u2019experts) adapt\u00e9s aux besoins sp\u00e9cifiques des professions de sant\u00e9 cibl\u00e9es pour l\u2019accompagnement \u00e0 l\u2019arr\u00eat de la consommation de tabac des patients fumeurs.<\/p>\n<p style=\"text-align: justify\">Il est important que ces derniers soient sensibilis\u00e9s \u00e0 la question du sevrage tabagique pour proposer des solutions adapt\u00e9es en s\u2019appuyant sur les principales strat\u00e9gies reconnues comme efficaces : le conseil d\u2019arr\u00eat, l\u2019entretien motivationnel, les th\u00e9rapies cognitives et comportementales et les traitements m\u00e9dicamenteux (substituts nicotiniques en particulier).<\/p>\n<p><strong>Mots-cl\u00e9s : sevrage tabagique, arr\u00eat du tabac, formation, professionnels de sant\u00e9, Grand Est, universit\u00e9 de lorraine, ARS<\/strong><\/p>\n<p style=\"text-align: left\"><strong><a href=\"https:\/\/www.generationsanstabac.org\/\">\u00a9G\u00e9n\u00e9ration Sans Tabac<\/a><\/strong><\/p>\n<p style=\"text-align: right\"><em><strong>AE<\/strong><\/em><\/p>\n<hr \/>\n<p><a href=\"#_ftnref1\" name=\"_ftn1\">[1]<\/a> <a href=\"https:\/\/www.francebleu.fr\/emissions\/les-invites-de-la-redaction-de-france-bleu-sud-lorraine\/l-universite-de-lorraine-lance-une-formation-sur-l-arret-du-tabac-a-destination-des-professionnels-de-sante-4415551\">L&rsquo;universit\u00e9 de Lorraine lance une formation sur l&rsquo;arr\u00eat du tabac \u00e0 destination des professionnels de sant\u00e9<\/a>, France bleu lorraine, publi\u00e9 le 11 avril 2024, consult\u00e9 le 16 avril 2024<\/p>\n<p><span style=\"color: #999999\"><strong><a style=\"color: #999999\" href=\"http:\/\/www.cnct.fr\/\" target=\"_blank\" rel=\"noopener noreferrer\">Comit\u00e9 national contre le tabagisme |<\/a><\/strong><\/span><\/p>\n","protected":false},"excerpt":{"rendered":"<p>L\u2019agence r\u00e9gionale de sant\u00e9 (ARS) du Grand Est et l\u2019universit\u00e9 de Lorraine viennent d\u2019ouvrir une formation au sevrage tabagique, baptis\u00e9e Fast. Destin\u00e9e aux professionnels de sant\u00e9 en exercice ou au futurs professionnels de sant\u00e9, elle est disponible sur une plateforme gratuite. Le projet est d\u00e9velopp\u00e9 conjointement par les universit\u00e9s du Grand Est : Lorraine, Strasbourg et Reims Champagne-Ardenne.<\/p>\n","protected":false},"featured_media":12057,"template":"","tags":[],"thematique":[474,565],"class_list":["post-21427","actualites","type-actualites","status-publish","has-post-thumbnail","hentry","thematique-sante","thematique-sensibilisation"],"acf":[],"_links":{"self":[{"href":"https:\/\/www.generationsanstabac.org\/fr\/wp-json\/wp\/v2\/actualites\/21427","targetHints":{"allow":["GET"]}}],"collection":[{"href":"https:\/\/www.generationsanstabac.org\/fr\/wp-json\/wp\/v2\/actualites"}],"about":[{"href":"https:\/\/www.generationsanstabac.org\/fr\/wp-json\/wp\/v2\/types\/actualites"}],"version-history":[{"count":0,"href":"https:\/\/www.generationsanstabac.org\/fr\/wp-json\/wp\/v2\/actualites\/21427\/revisions"}],"wp:featuredmedia":[{"embeddable":true,"href":"https:\/\/www.generationsanstabac.org\/fr\/wp-json\/wp\/v2\/media\/12057"}],"wp:attachment":[{"href":"https:\/\/www.generationsanstabac.org\/fr\/wp-json\/wp\/v2\/media?parent=21427"}],"wp:term":[{"taxonomy":"post_tag","embeddable":true,"href":"https:\/\/www.generationsanstabac.org\/fr\/wp-json\/wp\/v2\/tags?post=21427"},{"taxonomy":"thematique","embeddable":true,"href":"https:\/\/www.generationsanstabac.org\/fr\/wp-json\/wp\/v2\/thematique?post=21427"}],"curies":[{"name":"wp","href":"https:\/\/api.w.org\/{rel}","templated":true}]}}