{"id":21420,"date":"2024-04-14T08:00:46","date_gmt":"2024-04-14T06:00:46","guid":{"rendered":"https:\/\/www.generationsanstabac.org\/actualites\/espagne-le-ministere-de-la-sante-adopte-son-nouveau-plan-antitabac\/"},"modified":"2024-04-14T08:00:46","modified_gmt":"2024-04-14T06:00:46","slug":"espagne-le-ministere-de-la-sante-adopte-son-nouveau-plan-antitabac","status":"publish","type":"actualites","link":"https:\/\/www.generationsanstabac.org\/fr\/actualites\/espagne-le-ministere-de-la-sante-adopte-son-nouveau-plan-antitabac\/","title":{"rendered":"Espagne : le minist\u00e8re de la sant\u00e9 adopte son nouveau plan antitabac"},"content":{"rendered":"<p style=\"text-align: justify;\"><em>Augmenter les espaces sans tabac, pr\u00e9voir une forte augmentation des taxes sur le tabac et r\u00e9glementer les produits du vapotage au m\u00eame titre que les cigarettes traditionnelles figurent parmi les mesures-cl\u00e9s pr\u00e9vues dans le nouveau <a href=\"https:\/\/www.asomega.es\/wp-content\/uploads\/PIT_R5_05_2024.pdf\">plan global de lutte et de pr\u00e9vention du tabagisme<\/a> 2024-2027 en Espagne. Le document, approuv\u00e9 vendredi 5 avril par le minist\u00e8re espagnol de la sant\u00e9 sera int\u00e9gr\u00e9 dans un dispositif l\u00e9gislatif formellement approuv\u00e9 par le Parlement<a href=\"#_ftn1\" name=\"_ftnref1\"><strong>[1]<\/strong><\/a>.<\/em><\/p>\n<p style=\"text-align: justify;\">Le plan antitabac actuel a 14 ans et une mise \u00e0 jour a \u00e9t\u00e9 jug\u00e9e n\u00e9cessaire compte tenu de l&rsquo;\u00e9volution des produits du tabac et de la nicotine et de l&rsquo;engagement pris au niveau de l&rsquo;UE d&rsquo;avoir une g\u00e9n\u00e9ration sans tabac d&rsquo;ici \u00e0 2040.<\/p>\n<h2 style=\"text-align: justify;\"><strong>Augmentation des espaces sans tabac<\/strong><\/h2>\n<p style=\"text-align: justify;\">Le minist\u00e8re a accept\u00e9 94 % des amendements pr\u00e9sent\u00e9s par les diff\u00e9rents minist\u00e8res, laissant toutefois de c\u00f4t\u00e9 des demandes telles que l&rsquo;autor\u00e9gulation autonome des zones non-fumeurs, d\u00e9fendues par les gouvernements de Galice, de Madrid et d&rsquo;Aragon. A cet \u00e9gard le minist\u00e8re a rappel\u00e9 qu\u2019, \u00ab <em>il est scientifiquement prouv\u00e9 que le volontariat n&rsquo;a aucun effet sur la sant\u00e9 publique<\/em> \u00bb. Le plan pr\u00e9voit par voie l\u00e9gislative \u00ab l&rsquo;extension des espaces sans tabac et sans a\u00e9rosol de cigarettes \u00e9lectroniques dans divers environnements \u00e0 usage collectif en plein air \u00bb. Cela inclut entre autres les terrasses des bars et restaurants, les arr\u00eats de bus, les plages et d&rsquo;autres zones \u00e0 usage collectif comme les \u00e9coles et h\u00f4pitaux. Sept communaut\u00e9s autonomes d\u2019Espagne avaient d\u00e9j\u00e0 adopt\u00e9 en 2020 la mesure \u00ab Terrazas sin Humo \u00bb et interdisent de fumer sur ces espaces.<\/p>\n<p style=\"text-align: justify;\">En revanche, alors que le gouvernement souhaitait une interdiction de fumer dans les espaces priv\u00e9s tels que la voiture ou le domicile, surtout en pr\u00e9sence de mineurs, cette mesure est pour l&rsquo;instant suspendue.<\/p>\n<h2 style=\"text-align: justify;\"><strong>Augmentation des taxes, paquet neutre et renforcement de la r\u00e9glementation du vapotage<\/strong><\/h2>\n<p style=\"text-align: justify;\">L&rsquo;augmentation des taxes sur le tabac figure parmi les mesures concr\u00e8tes visant \u00e0 encourager la r\u00e9duction de la consommation. Depuis 2005, les taxes sur le tabac en Espagne ont augment\u00e9 de 122 %, et d&rsquo;autres taxes sont pr\u00e9vues. Le paquet de tabac le plus vendu en Espagne co\u00fbte environ 4,80 euros, dont 78,4 % (3,76 euros) sont des taxes. La ministre de la sant\u00e9, Monica Garcia, a d\u00e9clar\u00e9 que les niveaux des taxes sur le tabac seraient discut\u00e9s avec le minist\u00e8re des finances afin de les aligner avec les pays frontaliers, notamment la France.<\/p>\n<p style=\"text-align: justify;\">Une autre mesure du nouveau plan est l\u2019adoption du paquet neutre pour les paquets de cigarettes. Pour M\u00f3nica Garc\u00eda, les donn\u00e9es indiquent que le paquet neutre est une mesure efficace qui contribue \u00e0 faire en sorte que l&#8217;emballage lui-m\u00eame ne serve plus de support publicitaire, ce qui le rend moins attrayant et contribue \u00e9galement \u00e0 la d\u00e9cision d&rsquo;arr\u00eater de fumer. La consommation de narguil\u00e9 fait \u00e9galement partie des pr\u00e9occupations du gouvernement.<\/p>\n<p style=\"text-align: justify;\">Enfin, le minist\u00e8re souhaite aligner la r\u00e9glementation relative aux produits du vapotage et autres produits de la nicotine sur celle des produits du tabac. Cette approche concerne tout particuli\u00e8rement l\u2019interdiction de publicit\u00e9. Tous les dispositifs de vapotage, qu\u2019ils contiennent ou non de la nicotine, sont vis\u00e9s.  Dans son plan, le minist\u00e8re consid\u00e8re que les produits du vapotage \u00ab constituent une porte d&rsquo;entr\u00e9e vers la d\u00e9pendance et la consommation de tabac\u00bb.<\/p>\n<p style=\"text-align: justify;\">Parmi les organisations de la soci\u00e9t\u00e9 civile qui se sont exprim\u00e9es, l&rsquo;Association espagnole contre le cancer (AECC), le Comit\u00e9 national pour la pr\u00e9vention du tabagisme (CNPT) et le Conseil des infirmi\u00e8res ont fait part vendredi de leur satisfaction quant \u00e0 l&rsquo;approbation du plan antitabac.<\/p>\n<p>Cr\u00e9dit photo : Javier Lizon\/EFE\/Newscom\/MaxPPP<\/p>\n<p style=\"text-align: justify;\"><strong>Mots-cl\u00e9s : Espagne, plan antitabac, g\u00e9n\u00e9ration sans tabac, fiscalit\u00e9, espaces sans tabac, vapotage<\/strong><\/p>\n<p style=\"text-align: left;\"><strong><a href=\"https:\/\/www.generationsanstabac.org\/\">\u00a9G\u00e9n\u00e9ration Sans Tabac<\/a><\/strong><\/p>\n<p style=\"text-align: right;\"><em><strong>AE<\/strong><\/em><\/p>\n<hr \/>\n<p style=\"text-align: justify;\"><a href=\"#_ftnref1\" name=\"_ftn1\">[1]<\/a> Fernando Heller, <a href=\"https:\/\/www.euractiv.com\/section\/health-consumers\/news\/spain-approves-new-anti-smoking-plan-with-tax-hike-and-extra-deterrent-measures\/\">Spain approves new anti-smoking plan with tax hike and extra \u2018deterrent\u2019 measures<\/a>, Euractiv, publi\u00e9 le 8 avril 2024, consult\u00e9 le 10 avril 2024<\/p>\n<p><span style=\"color: #999999;\"><strong><a style=\"color: #999999;\" href=\"http:\/\/www.cnct.fr\/\" target=\"_blank\" rel=\"noopener noreferrer\">Comit\u00e9 national contre le tabagisme |<\/a><\/strong><\/span><\/p>\n","protected":false},"excerpt":{"rendered":"<p>Augmenter les espaces sans tabac, pr\u00e9voir une forte augmentation des taxes sur le tabac et r\u00e9glementer les produits du vapotage au m\u00eame titre que les cigarettes traditionnelles figurent parmi les mesures-cl\u00e9s pr\u00e9vues dans le nouveau plan global de lutte et de pr\u00e9vention du tabagisme 2024-2027 en Espagne. Le document, approuv\u00e9 vendredi 5 avril par le minist\u00e8re espagnol de la sant\u00e9 sera int\u00e9gr\u00e9 dans un dispositif l\u00e9gislatif formellement approuv\u00e9 par le Parlement.<\/p>\n","protected":false},"featured_media":12046,"template":"","tags":[],"thematique":[474],"class_list":["post-21420","actualites","type-actualites","status-publish","has-post-thumbnail","hentry","thematique-sante"],"acf":[],"_links":{"self":[{"href":"https:\/\/www.generationsanstabac.org\/fr\/wp-json\/wp\/v2\/actualites\/21420","targetHints":{"allow":["GET"]}}],"collection":[{"href":"https:\/\/www.generationsanstabac.org\/fr\/wp-json\/wp\/v2\/actualites"}],"about":[{"href":"https:\/\/www.generationsanstabac.org\/fr\/wp-json\/wp\/v2\/types\/actualites"}],"version-history":[{"count":0,"href":"https:\/\/www.generationsanstabac.org\/fr\/wp-json\/wp\/v2\/actualites\/21420\/revisions"}],"wp:featuredmedia":[{"embeddable":true,"href":"https:\/\/www.generationsanstabac.org\/fr\/wp-json\/wp\/v2\/media\/12046"}],"wp:attachment":[{"href":"https:\/\/www.generationsanstabac.org\/fr\/wp-json\/wp\/v2\/media?parent=21420"}],"wp:term":[{"taxonomy":"post_tag","embeddable":true,"href":"https:\/\/www.generationsanstabac.org\/fr\/wp-json\/wp\/v2\/tags?post=21420"},{"taxonomy":"thematique","embeddable":true,"href":"https:\/\/www.generationsanstabac.org\/fr\/wp-json\/wp\/v2\/thematique?post=21420"}],"curies":[{"name":"wp","href":"https:\/\/api.w.org\/{rel}","templated":true}]}}