{"id":21404,"date":"2024-03-29T08:28:20","date_gmt":"2024-03-29T07:28:20","guid":{"rendered":"https:\/\/www.generationsanstabac.org\/actualites\/suisse-la-consommation-de-tabac-et-de-nicotine-a-la-hausse-chez-les-jeunes\/"},"modified":"2024-03-29T08:28:20","modified_gmt":"2024-03-29T07:28:20","slug":"suisse-la-consommation-de-tabac-et-de-nicotine-a-la-hausse-chez-les-jeunes","status":"publish","type":"actualites","link":"https:\/\/www.generationsanstabac.org\/fr\/actualites\/suisse-la-consommation-de-tabac-et-de-nicotine-a-la-hausse-chez-les-jeunes\/","title":{"rendered":"Suisse : la consommation de tabac et de nicotine \u00e0 la hausse chez les jeunes"},"content":{"rendered":"<p style=\"text-align: justify;\"><em>La fondation Addiction Suisse a publi\u00e9 son Panorama suisse des addictions 2024, faisant notamment \u00e9tat d\u2019une augmentation de la consommation des produits de la nicotine chez les jeunes, en m\u00eame temps que celle de tabac. Les auteurs du rapport appellent \u00e0 la mise en place de hausses de taxes substantielles, et \u00e0 lutter contre l\u2019influence de l\u2019industrie du tabac<a href=\"#_ftn1\" name=\"_ftnref1\"><strong>[1]<\/strong><\/a>. <\/em><\/p>\n<h2 style=\"text-align: justify;\"><strong>La consommation de cigarettes \u00e9lectroniques en augmentation en Suisse<\/strong><\/h2>\n<p style=\"text-align: justify;\">Une enqu\u00eate nationale suisse de 2022 t\u00e9moigne d\u2019une hausse de la consommation des produits du tabac et de la nicotine chez les adolescents. Environ un tiers des jeunes de quinze ans avaient indiqu\u00e9 avoir consomm\u00e9 au moins un de ces produits au cours des trente jours pr\u00e9c\u00e9dant l\u2019enqu\u00eate, contre 30% en 2018. Cette hausse s\u2019explique notamment par l\u2019apparition des <em>puffs<\/em> sur le march\u00e9 suisse. Ainsi, le rapport pointe une augmentation de cigarettes \u00e9lectroniques chez les jeunes femmes de 15 ans, <!--StartFragment --><span class=\"cf0\">qui sont d\u00e9sormais 8% a en avoir fait une consommation fr\u00e9quente (au moins 10 jours durant le dernier mois).<\/span> Le rapport souligne par ailleurs que les importations de sachets de nicotine ont progress\u00e9 de 37% entre 2020 et 2021.<\/p>\n<h2 style=\"text-align: justify;\"><strong>La consommation de tabac pr\u00e9occupante chez les jeunes<\/strong><\/h2>\n<p style=\"text-align: justify;\">Cette hausse de la consommation des produits de la nicotine se double d\u2019une augmentation de celle des produits du tabac chez les adolescents suisses. D\u2019abord, le rapport pointe l\u2019absence de baisse de consommation de cigarettes traditionnelles chez les jeunes, avec encore 7\u2009% des gar\u00e7ons et 6\u2009% des filles de 15 ans qui en avaient consomm\u00e9 au moins dix jours dans les 30 derniers jours pr\u00e9c\u00e9dant l\u2019enqu\u00eate. Chez les jeunes de 13 ans, si la consommation fr\u00e9quente de cigarettes reste peu r\u00e9pandue, la proportion de jeunes ayant d\u00e9clar\u00e9 avoir consomm\u00e9 au moins une cigarette dans le mois a doubl\u00e9 depuis 2018, et s\u2019\u00e9tablit d\u00e9sormais \u00e0 6%.<\/p>\n<h2 style=\"text-align: justify;\"><strong>Les nouveaux produits du tabac en forte hausse en Suisse<\/strong><\/h2>\n<p style=\"text-align: justify;\">Au-del\u00e0 de la question de la consommation des jeunes, les donn\u00e9es disponibles montrent une diversification du march\u00e9 du tabac. Entre 2016 et 2023, le nombre de cigarettes manufactur\u00e9es vendues en Suisse a diminu\u00e9 de plus de 10%. Par comparaison, la baisse constat\u00e9e entre 2016 et 2022 en France a \u00e9t\u00e9 de pr\u00e8s de 30% pour les cigarettes industrielles. Le rapport pointe par ailleurs une forte augmentation des importations de tabac \u00e0 rouler entre 2014 et 2022 (+50%) pour atteindre environ 1 000 tonnes par an. Les autres produits du tabac semblent \u00e9galement conna\u00eetre une forte progression : selon les indication du fabricant Philip Morris, la part de march\u00e9 du produit du tabac \u00e0 chauffer IQOS s\u2019\u00e9tablit d\u00e9sormais \u00e0 11% en 2023, soit une augmentation de 100% depuis 2021. Les importations de snus ont par ailleurs augment\u00e9 de 50% entre 2021 et 2023.<\/p>\n<h2 style=\"text-align: justify;\"><strong>Fiscalit\u00e9, paquet neutre, ing\u00e9rence : les recommandations du rapport<\/strong><\/h2>\n<p style=\"text-align: justify;\">Selon le rapport, ces r\u00e9sultats s\u2019expliquent en grande partie par les pratiques d\u2019ing\u00e9rence des fabricants dans la vie politique en Suisse. En particulier, les auteurs estiment que l\u2019industrie du tabac tient \u00ab la majorit\u00e9 du Parlement sous sa coupe \u00bb et fait pression pour <a href=\"https:\/\/www.generationsanstabac.org\/actualites\/la-suisse-repousse-linterdiction-de-la-publicite-pour-les-produits-du-tabac\/\">\u00e9dulcorer la mise en \u0153uvre de l\u2019initiative populaire \u00ab Enfants sans tabac \u00bb<\/a>, sur la publicit\u00e9 en direction des jeunes. Face \u00e0 ce constat, le rapport appelle les pouvoirs publics \u00e0 mettre en place une politique de fortes hausses de taxes sur le tabac, l\u2019interdiction totale de la publicit\u00e9, ou encore le paquet neutre sur les produits du tabac. Par ailleurs, les auteurs de l\u2019\u00e9tude soulignent la n\u00e9cessit\u00e9 de mieux inciter \u00e0 l\u2019arr\u00eat du tabagisme, en faisant rembourser les substituts nicotiniques par les caisses maladies. Enfin, le rapport demande \u00e0 ce que les politiques publiques suisses soient garanties de l\u2019influence de l\u2019industrie du tabac. Plus pr\u00e9cis\u00e9ment, le rapport propose d\u2019exclure les fabricants des consultations ou des s\u00e9ances de commission, et \u00e9galement d\u2019interdire ou de rendre publiques les rencontres des pouvoirs publics avec l\u2019industrie du tabac. Enfin, les auteurs consid\u00e8rent que les \u00ab dons aux partis et aux personnalit\u00e9s politiques ne sont plus acceptables, ni [\u2026] les collaborations entre les hautes \u00e9coles et l\u2019industrie du tabac \u00bb.En effet, les diff\u00e9rentes \u00e9tudes men\u00e9es pointent r\u00e9guli\u00e8rement la <a href=\"https:\/\/www.generationsanstabac.org\/actualites\/intensification-du-lobby-de-lindustrie-du-tabac-au-niveau-mondial\/\">forte influence du lobby de l\u2019industrie du tabac<\/a> dans les politiques publiques en Suisse.<\/p>\n<p style=\"text-align: left;\"><strong><a href=\"https:\/\/www.generationsanstabac.org\/\">\u00a9G\u00e9n\u00e9ration Sans Tabac<\/a><\/strong><\/p>\n<p style=\"text-align: right;\"><em><strong>FT<\/strong><\/em><\/p>\n<hr \/>\n<p style=\"text-align: justify;\"><a href=\"#_ftnref1\" name=\"_ftn1\">[1]<\/a> Addiction Suisse, <a href=\"https:\/\/www.addictionsuisse.ch\/wp-content\/uploads\/2024\/03\/2024PanoramaSuisseAddictions.pdf\">Panorama suisse des addictions 2024, Les jeunes\u2009: plus vuln\u00e9rables et pas assez prot\u00e9g\u00e9s \u2013 il faut agir maintenant\u2009!<\/a>, 2024, (consult\u00e9 le 26\/03\/2024)<\/p>\n<p><span style=\"color: #999999;\"><strong><a style=\"color: #999999;\" href=\"http:\/\/www.cnct.fr\/\" target=\"_blank\" rel=\"noopener noreferrer\">Comit\u00e9 national contre le tabagisme |<\/a><\/strong><\/span><\/p>\n","protected":false},"excerpt":{"rendered":"<p>Chez les jeunes de 13 ans, si la consommation fr\u00e9quente de cigarettes reste peu r\u00e9pandue, la proportion de jeunes ayant d\u00e9clar\u00e9 avoir consomm\u00e9 au moins une cigarette dans le mois a doubl\u00e9 depuis 2018, et s\u2019\u00e9tablit d\u00e9sormais \u00e0 6%.<\/p>\n","protected":false},"featured_media":12022,"template":"","tags":[],"thematique":[516,474],"class_list":["post-21404","actualites","type-actualites","status-publish","has-post-thumbnail","hentry","thematique-nouveaux-produits","thematique-sante"],"acf":[],"_links":{"self":[{"href":"https:\/\/www.generationsanstabac.org\/fr\/wp-json\/wp\/v2\/actualites\/21404","targetHints":{"allow":["GET"]}}],"collection":[{"href":"https:\/\/www.generationsanstabac.org\/fr\/wp-json\/wp\/v2\/actualites"}],"about":[{"href":"https:\/\/www.generationsanstabac.org\/fr\/wp-json\/wp\/v2\/types\/actualites"}],"version-history":[{"count":0,"href":"https:\/\/www.generationsanstabac.org\/fr\/wp-json\/wp\/v2\/actualites\/21404\/revisions"}],"wp:featuredmedia":[{"embeddable":true,"href":"https:\/\/www.generationsanstabac.org\/fr\/wp-json\/wp\/v2\/media\/12022"}],"wp:attachment":[{"href":"https:\/\/www.generationsanstabac.org\/fr\/wp-json\/wp\/v2\/media?parent=21404"}],"wp:term":[{"taxonomy":"post_tag","embeddable":true,"href":"https:\/\/www.generationsanstabac.org\/fr\/wp-json\/wp\/v2\/tags?post=21404"},{"taxonomy":"thematique","embeddable":true,"href":"https:\/\/www.generationsanstabac.org\/fr\/wp-json\/wp\/v2\/thematique?post=21404"}],"curies":[{"name":"wp","href":"https:\/\/api.w.org\/{rel}","templated":true}]}}