{"id":21398,"date":"2024-03-27T09:00:38","date_gmt":"2024-03-27T08:00:38","guid":{"rendered":"https:\/\/www.generationsanstabac.org\/actualites\/british-american-tobacco-distingue-dun-megot-dor-pour-ses-campagnes-publicitaires-illegales\/"},"modified":"2024-03-27T09:00:38","modified_gmt":"2024-03-27T08:00:38","slug":"british-american-tobacco-distingue-dun-megot-dor-pour-ses-campagnes-publicitaires-illegales","status":"publish","type":"actualites","link":"https:\/\/www.generationsanstabac.org\/fr\/actualites\/british-american-tobacco-distingue-dun-megot-dor-pour-ses-campagnes-publicitaires-illegales\/","title":{"rendered":"British American Tobacco distingu\u00e9 d\u2019un M\u00e9got d\u2019Or pour ses campagnes publicitaires ill\u00e9gales"},"content":{"rendered":"<p style=\"text-align: justify;\"><em>Le 21 mars dernier, le Comit\u00e9 national contre le tabagisme (CNCT) a organis\u00e9 la troisi\u00e8me \u00e9dition de ses Prix 5.3 \u2013 Pour des politiques publiques sans tabac et sans lobby. Le fabricant British American Tobacco France a \u00e9t\u00e9 doublement r\u00e9compens\u00e9 du M\u00e9got du hors-la-loi et du M\u00e9got d\u2019Or pour le d\u00e9ploiement, sur les lieux de vente, de campagnes publicitaires agressives et ill\u00e9gales pour ses produits du vapotage de la marque Vuse et les sachets de nicotine de la marque VELO. <\/em><\/p>\n<p style=\"text-align: justify;\">\u00c0 travers cette remise des prix, le CNCT souhaite mettre en lumi\u00e8re les nombreuses activit\u00e9s de lobbying de l\u2019industrie du tabac et de ses alli\u00e9s qui contribuent \u00e0 perp\u00e9tuer l\u2019\u00e9pid\u00e9mie tabagique en France et dans le monde. Les prix 5.3 sont divis\u00e9s en deux cat\u00e9gories (positifs et n\u00e9gatifs). Les prix positifs r\u00e9compensent les initiatives qui ont contribu\u00e9 \u00e0 lutter efficacement contre le lobby du tabac, et les prix n\u00e9gatifs pointent du doigt les pires initiatives en mati\u00e8re d\u2019ing\u00e9rence.<\/p>\n<h2 style=\"text-align: justify;\"><strong>British American Tobacco France doublement distingu\u00e9 pour ses pratiques illicites<\/strong><\/h2>\n<p style=\"text-align: justify;\">Succ\u00e9dant \u00e0 son concurrent Philip Morris France qui a obtenu le M\u00e9got d\u2019Or deux ann\u00e9es cons\u00e9cutives, British American Tobacco a \u00e9t\u00e9 distingu\u00e9 pour le d\u00e9ploiement, sur les lieux de vente et en particulier chez les buralistes, de campagnes marketing agressives et ill\u00e9gales pour ses produits de la nicotine (produits du vapotage et sachets de nicotine). Selon le CNCT, cet effort publicitaire passe par la d\u00e9multiplication d\u2019\u00e9crans anim\u00e9s, ou par des vitrines lumineuses, mettant \u00e0 disposition les produits. L\u2019association rappelle par ailleurs que ces sachets de nicotine sont commercialis\u00e9s en toute ill\u00e9galit\u00e9 en France.<\/p>\n<p style=\"text-align: justify;\"><strong> <img fetchpriority=\"high\" decoding=\"async\" class=\"aligncenter wp-image-7116\" src=\"https:\/\/www.generationsanstabac.org\/wp-content\/uploads\/2024\/07\/IMG_3445-scaled.jpg\" alt=\"british-american-tobacco\" width=\"631\" height=\"841\" \/><\/strong><\/p>\n<p style=\"text-align: justify;\">Parmi les autres prix remis, la d\u00e9put\u00e9e et m\u00e9decin Jo\u00eblle M\u00e9lin (Rassemblement national) a re\u00e7u le M\u00e9got du lobby pour avoir<em> \u00ab <\/em><em>\u00e9t\u00e9 au long de l\u2019ann\u00e9e 2023, un relais de la Conf\u00e9d\u00e9ration des buralistes \u00e0 l\u2019Assembl\u00e9e nationale \u00bb. <\/em>La d\u00e9put\u00e9e s\u2019est notamment positionn\u00e9e en faveur de la d\u00e9sindexation de la fiscalit\u00e9 du tabac \u00e0 l\u2019inflation, et pointe r\u00e9guli\u00e8rement le r\u00f4le des hausses de taxes sur les niveaux de march\u00e9s parall\u00e8les.<\/p>\n<p style=\"text-align: justify;\">L\u2019Institut Molinari a re\u00e7u un prix dans la cat\u00e9gorie du M\u00e9got de la langue de bois. Le think tank, connu pour \u00eatre proche des industries dites \u00ab controvers\u00e9es \u00bb, publie r\u00e9guli\u00e8rement des articles en faveur des int\u00e9r\u00eats commerciaux de l\u2019industrie du tabac. Sans mention d\u2019auteur ou d\u2019\u00e9ventuels conflits d\u2019int\u00e9r\u00eats, le dernier papier, intitul\u00e9 \u00ab L\u2019innovation au service des consommateurs et de la r\u00e9duction des risques \u00bb, s\u2019av\u00e8re \u00eatre un v\u00e9ritable plaidoyer en faveur des nouveaux produits de la nicotine de l\u2019industrie du tabac.<\/p>\n<h2 style=\"text-align: justify;\"><strong>Les d\u00e9put\u00e9s Pasquini, Lauzzana et Olive doublement r\u00e9compens\u00e9s pour leur proposition de loi transpartis sur les puffs <\/strong><\/h2>\n<p style=\"text-align: justify;\">Les d\u00e9put\u00e9s Francesca Pasquini (Ecologiste), Michel Lauzzana (Renaissance) et Karl Olive (Renaissance) ont \u00e9t\u00e9 r\u00e9compens\u00e9 du Prix 5.3 de l\u2019initiative politique et juridique et du Grand 5.3 pour avoir d\u00e9pos\u00e9, fin 2022, une proposition de loi trans-partisane, visant \u00e0 interdire les dispositifs \u00e9lectroniques de vapotage \u00e0 usage unique (puffs). Cette initiative parlementaire s\u2019inscrit autant pour des motifs sanitaires qu\u2019environnementaux. Cette proposition de loi a \u00e9t\u00e9 adopt\u00e9e en f\u00e9vrier 2024.<\/p>\n<p><img decoding=\"async\" class=\"aligncenter size-full wp-image-7117\" src=\"https:\/\/www.generationsanstabac.org\/wp-content\/uploads\/2024\/07\/pasquini.png\" alt=\"pasquini\" width=\"398\" height=\"363\" \/><\/p>\n<p style=\"text-align: justify;\">Le journaliste Simon Guichard a re\u00e7u le prix 5.3 positif de l\u2019information pour avoir publi\u00e9 une enqu\u00eate en d\u00e9cembre dernier, rigoureusement document\u00e9e dans l\u2019Humanit\u00e9 dimanche, consacr\u00e9e aux march\u00e9s parall\u00e8les du tabac \u00ab <a href=\"https:\/\/www.humanite.fr\/politique\/enquete\/trafic-de-tabac-comment-les-cigarettiers-tirent-profit-de-la-contrebande\">Trafic du tabac, comment les cigarettiers gardent la main<\/a> \u00bb, mettant en lumi\u00e8re le r\u00f4le de l\u2019industrie du tabac dans le commerce illicite de ses produits. Simon Guichard est par ailleurs particuli\u00e8rement actif dans la couverture du sujet tabac, et pointe r\u00e9guli\u00e8rement les pratiques des fabricants en mati\u00e8re de marketing ou de lobbying.<\/p>\n<p style=\"text-align: justify;\">Le Cr\u00e9dit Mutuel Alliance F\u00e9d\u00e9rale a, quant \u00e0 lui, \u00e9t\u00e9 r\u00e9compens\u00e9 du prix 5.3 positif de l\u2019ind\u00e9pendance pour avoir annonc\u00e9 en septembre 2023 s\u2019\u00eatre d\u00e9sengag\u00e9, avec l\u2019ensemble de ses filiales, de l\u2019industrie du tabac dans ses activit\u00e9s de financement et d\u2019investissement. Cette d\u00e9cision a \u00e9t\u00e9 prise en raison des \u00ab nombreux effets n\u00e9fastes de l\u2019industrie tant pour l\u2019environnement que pour la sant\u00e9 humaine \u00bb. Pour Daniel Baal, le directeur g\u00e9n\u00e9ral de Cr\u00e9dit Mutuel Alliance F\u00e9d\u00e9rale \u00ab <em>cette distinction r\u00e9compense notre action r\u00e9solue contre le tabagisme, l\u2019une des premi\u00e8res causes de mortalit\u00e9 \u00e9vitable dans le monde <\/em>\u00bb.<\/p>\n<p><a href=\"https:\/\/cnct.fr\/les-prix-5-3-pour-des-politiques-publiques-sans-tabac-et-sans-lobby\/\">Pour voir la liste compl\u00e8te des nomin\u00e9s et laur\u00e9ats sur le site du CNCT<\/a><\/p>\n<p style=\"text-align: justify;\"><strong>Mots-cl\u00e9s : Prix 5.3, CNCT, r\u00e9compenses, lobby, buralistes, Pasquini, Lauzzana, Karl Olive, British American Tobacco<\/strong><\/p>\n<p style=\"text-align: left;\"><strong><a href=\"https:\/\/www.generationsanstabac.org\/\">\u00a9G\u00e9n\u00e9ration Sans Tabac<\/a><\/strong><\/p>\n<p style=\"text-align: right;\"><em><strong>AE<\/strong><\/em><\/p>\n<hr \/>\n<p><span style=\"color: #999999;\"><strong><a style=\"color: #999999;\" href=\"http:\/\/www.cnct.fr\/\" target=\"_blank\" rel=\"noopener noreferrer\">Comit\u00e9 national contre le tabagisme |<\/a><\/strong><\/span><\/p>\n","protected":false},"excerpt":{"rendered":"<p>Le 21 mars dernier, le Comit\u00e9 national contre le tabagisme (CNCT) a organis\u00e9 la troisi\u00e8me \u00e9dition de ses Prix 5.3 \u2013 Pour des politiques publiques sans tabac et sans lobby. Le fabricant British American Tobacco France a \u00e9t\u00e9 doublement r\u00e9compens\u00e9 du M\u00e9got du hors-la-loi et du M\u00e9got d\u2019Or pour le d\u00e9ploiement, sur les lieux de vente, de campagnes publicitaires agressives et ill\u00e9gales pour ses produits du vapotage de la marque Vuse et les sachets de nicotine de la marque VELO.<\/p>\n","protected":false},"featured_media":21401,"template":"","tags":[],"thematique":[499],"class_list":["post-21398","actualites","type-actualites","status-publish","has-post-thumbnail","hentry","thematique-lobby"],"acf":[],"_links":{"self":[{"href":"https:\/\/www.generationsanstabac.org\/fr\/wp-json\/wp\/v2\/actualites\/21398","targetHints":{"allow":["GET"]}}],"collection":[{"href":"https:\/\/www.generationsanstabac.org\/fr\/wp-json\/wp\/v2\/actualites"}],"about":[{"href":"https:\/\/www.generationsanstabac.org\/fr\/wp-json\/wp\/v2\/types\/actualites"}],"version-history":[{"count":0,"href":"https:\/\/www.generationsanstabac.org\/fr\/wp-json\/wp\/v2\/actualites\/21398\/revisions"}],"wp:featuredmedia":[{"embeddable":true,"href":"https:\/\/www.generationsanstabac.org\/fr\/wp-json\/wp\/v2\/media\/21401"}],"wp:attachment":[{"href":"https:\/\/www.generationsanstabac.org\/fr\/wp-json\/wp\/v2\/media?parent=21398"}],"wp:term":[{"taxonomy":"post_tag","embeddable":true,"href":"https:\/\/www.generationsanstabac.org\/fr\/wp-json\/wp\/v2\/tags?post=21398"},{"taxonomy":"thematique","embeddable":true,"href":"https:\/\/www.generationsanstabac.org\/fr\/wp-json\/wp\/v2\/thematique?post=21398"}],"curies":[{"name":"wp","href":"https:\/\/api.w.org\/{rel}","templated":true}]}}