{"id":21354,"date":"2024-02-14T09:00:44","date_gmt":"2024-02-14T08:00:44","guid":{"rendered":"https:\/\/www.generationsanstabac.org\/actualites\/laffaire-dentsu-interroge-sur-les-relations-de-la-commission-europeenne-avec-lindustrie-du-tabac\/"},"modified":"2024-02-14T09:00:44","modified_gmt":"2024-02-14T08:00:44","slug":"laffaire-dentsu-interroge-sur-les-relations-de-la-commission-europeenne-avec-lindustrie-du-tabac","status":"publish","type":"actualites","link":"https:\/\/www.generationsanstabac.org\/fr\/actualites\/laffaire-dentsu-interroge-sur-les-relations-de-la-commission-europeenne-avec-lindustrie-du-tabac\/","title":{"rendered":"L\u2019affaire Dentsu interroge sur les relations de la Commission europ\u00e9enne avec l\u2019industrie du tabac"},"content":{"rendered":"<p style=\"text-align: justify;\"><em>Des parlementaires europ\u00e9ens d\u00e9noncent le manque de transparence de la Commission europ\u00e9enne autour du contrat nou\u00e9 avec Dentsu, l\u2019op\u00e9rateur en charge de la tra\u00e7abilit\u00e9 des produits du tabac. En amont de la publication d\u2019un livre blanc, le groupe de travail sur le tabac du Parlement europ\u00e9en a de son c\u00f4t\u00e9 pr\u00e9sent\u00e9 ses recommandations pour que les institutions europ\u00e9ennes changent leurs pratiques dans leurs relations avec les repr\u00e9sentants de l\u2019industrie du tabac. <\/em><\/p>\n<p style=\"text-align: justify;\">C\u2019est durant les travaux de la 10<sup>\u00e8me<\/sup> Conf\u00e9rence des parties (<a href=\"https:\/\/www.generationsanstabac.org\/actualites\/ouverture-de-la-dixieme-session-de-la-conference-des-parties-pour-la-lutte-antitabac\/\">COP10<\/a>) de la lutte antitabac au Panama, et quelques jours avant la 3<sup>\u00e8me<\/sup> r\u00e9union des parties (MOP3) du <a href=\"https:\/\/iris.who.int\/bitstream\/handle\/10665\/80873\/9789241505246_eng.pdf;jsessionid=4B5BD7ED32CF81876FDD849E076266BA?sequence=1\">Protocole pour \u00e9liminer le commerce illicite des produits du tabac<\/a>, qu\u2019un d\u00e9bat du Parlement europ\u00e9en \u00e9tait consacr\u00e9 \u00e0 l\u2019affaire Dentsu le 8 f\u00e9vrier 2024.<\/p>\n<p style=\"text-align: justify;\">En octobre 2022, l\u2019eurod\u00e9put\u00e9e Mich\u00e8le Rivasi avait interpell\u00e9 la Commission europ\u00e9enne sur les conditions d\u2019attribution du march\u00e9 de la <a href=\"https:\/\/www.generationsanstabac.org\/actualites\/suivi-et-tracabilite-des-produits-du-tabac-lingerence-de-lindustrie-du-tabac-reste-majeure\/\">tra\u00e7abilit\u00e9 des produits du tabac<\/a>. Cette mission de traitement des donn\u00e9es avait \u00e9t\u00e9 confi\u00e9e \u00e0 Dentsu Tracking, une entreprise li\u00e9e \u00e0 l\u2019industrie du tabac. La Commission avait tardivement r\u00e9pondu que toutes les r\u00e8gles de transparence avaient \u00e9t\u00e9 respect\u00e9es.<\/p>\n<h2 style=\"text-align: justify;\"><strong>Un manque de transparence de la Commission europ\u00e9enne <\/strong><\/h2>\n<p style=\"text-align: justify;\">Lors du d\u00e9bat du 8 f\u00e9vrier au Parlement, plusieurs eurod\u00e9put\u00e9s ont interrog\u00e9 une repr\u00e9sentante de la Commission europ\u00e9enne sur les conditions du contrat pass\u00e9 avec Dentsu Tracking<a href=\"#_ftn1\" name=\"_ftnref1\">[1]<\/a>.<\/p>\n<p style=\"text-align: justify;\">L\u2019eurod\u00e9put\u00e9e Anne-Sophie Pelletier a notamment rappel\u00e9 que le choix de cette entreprise avait initialement \u00e9t\u00e9 r\u00e9alis\u00e9 sans appel d\u2019offre, puis renouvel\u00e9 en d\u00e9cembre 2023 dans les m\u00eames conditions. Les clauses de ce contrat restent inconnues. Les comptes-rendus des rencontres avec Dentsu, demand\u00e9s par les eurod\u00e9put\u00e9s, sont biff\u00e9s et incomplets. De plus, l\u2019embauche par Dentsu de Jan Hoffman, un ancien haut fonctionnaire europ\u00e9en aupr\u00e8s de la DG Sant\u00e9, avait renforc\u00e9 les soup\u00e7ons de conflit d\u2019int\u00e9r\u00eats.<\/p>\n<p style=\"text-align: justify;\">Anne-Sophie Pelletier a par ailleurs soulign\u00e9 que le syst\u00e8me de tra\u00e7abilit\u00e9 europ\u00e9en n\u2019est pas conforme avec le Protocole de lutte contre le commerce illicite de l\u2019OMS, ratifi\u00e9 par l\u2019Union europ\u00e9enne en 2016, qui exige que les donn\u00e9es soient trait\u00e9es par un op\u00e9rateur ind\u00e9pendant de l\u2019industrie du tabac. Or Dentsu est li\u00e9 \u00e0 plusieurs titres \u00e0 cette industrie et ne r\u00e9pondrait donc pas \u00e0 ce crit\u00e8re d\u2019ind\u00e9pendance.<\/p>\n<p style=\"text-align: justify;\">L\u2019eurod\u00e9put\u00e9e a point\u00e9 la place occup\u00e9e dans cette affaire par Filip Borkowski, qui \u00e9tait le sup\u00e9rieur hi\u00e9rarchique de Jan Hoffman \u00e0 la DG Sant\u00e9. Dans un article r\u00e9cent, Filip Borkowski avait indiqu\u00e9  que le syst\u00e8me de tra\u00e7abilit\u00e9 europ\u00e9en \u00e9tait conforme au Protocole de l\u2019OMS<a href=\"#_ftn2\" name=\"_ftnref2\">[2]<\/a>, sans pouvoir le d\u00e9montrer. Ce haut fonctionnaire europ\u00e9en aurait, depuis, \u00e9t\u00e9 transf\u00e9r\u00e9 \u00e0 la DG CNECT, mais son r\u00f4le dans le dossier Dentsu reste \u00e0 \u00e9claircir<a href=\"#_ftn3\" name=\"_ftnref3\">[3]<\/a>.<\/p>\n<p style=\"text-align: justify;\">Ylva Johansson, qui repr\u00e9sentait la Commission europ\u00e9enne dans ce d\u00e9bat, a, \u00e0 nouveau, assur\u00e9 que celle-ci observait toutes les r\u00e8gles de transparence et que le code de d\u00e9ontologie europ\u00e9en la prot\u00e9geait des interf\u00e9rences des lobbyistes. Le poids des lobbies, notamment celui de l\u2019industrie du tabac, est pourtant r\u00e9guli\u00e8rement point\u00e9 par la m\u00e9diatrice europ\u00e9enne, Emily O\u2019Reilly. Fin d\u00e9cembre 2023, cette derni\u00e8re avait une nouvelle fois appel\u00e9 la Commission europ\u00e9enne \u00e0 <a href=\"https:\/\/www.generationsanstabac.org\/actualites\/la-mediatrice-europeenne-pointe-les-faiblesses-de-la-commission-europeenne-face-au-lobby-du-tabac\/\">davantage de transparence<\/a> dans ses relations avec l\u2019industrie du tabac.<\/p>\n<h2 style=\"text-align: justify;\"><strong>Recommandations du groupe de travail sur le tabac du Parlement europ\u00e9en<\/strong><\/h2>\n<p style=\"text-align: justify;\">C\u2019est \u00e9galement dans ce contexte que le groupe de travail sur le tabac du Parlement europ\u00e9en a annonc\u00e9 pour le 26 f\u00e9vrier 2024 la parution d\u2019un livre blanc sur le tabac, con\u00e7u avec Smoke Free Partnership et l\u2019Alliance contre le tabac. Les sept recommandations de ce Livre blanc ont \u00e9t\u00e9 d\u00e9voil\u00e9es le 7 f\u00e9vrier 2024<a href=\"#_ftn4\" name=\"_ftnref4\">[4]<\/a>.<\/p>\n<p style=\"text-align: justify;\">Parmi celles-ci, le groupe de travail demande la publication, d\u00e8s l\u2019\u00e9t\u00e9 2024, de propositions de r\u00e9vision des directives sur le tabac et sa taxation, plusieurs fois report\u00e9es. Il r\u00e9clame la cr\u00e9ation d\u2019un comit\u00e9 d\u2019\u00e9thique ind\u00e9pendant, ainsi que le strict respect de l\u2019article 5.3 de la Convention-cadre pour la lutte antitabac (<a href=\"https:\/\/iris.who.int\/bitstream\/handle\/10665\/42812\/9242591017.pdf\">CCLAT<\/a>), qui exclut toute interaction avec l\u2019industrie du tabac qui ne soit pas absolument n\u00e9cessaire. Il demande \u00e9galement d\u2019instaurer des quotas d\u2019approvisionnement en tabac et de mettre fin aux accords de coop\u00e9ration encore en cours avec les industriels du tabac. Il souhaite proscrire les activit\u00e9s de financement politique et de responsabilit\u00e9 sociale des entreprises (RSE) de l\u2019industrie du tabac. Il appelle enfin \u00e0 l\u2019ouverture d\u2019une enqu\u00eate sur les soup\u00e7ons de conflit d\u2019int\u00e9r\u00eats de Jan Hoffman dans l\u2019affaire Dentsu.<\/p>\n<p style=\"text-align: justify;\"><strong>Mots-cl\u00e9s : Commission europ\u00e9enne, transparence, Dentsu, Jan Hoffman, Filip Borkowski<\/strong><\/p>\n<p><strong><a href=\"https:\/\/www.generationsanstabac.org\/\">\u00a9G\u00e9n\u00e9ration Sans Tabac<\/a><\/strong><\/p>\n<p style=\"text-align: right;\"><em><strong>MF<\/strong><\/em><\/p>\n<hr \/>\n<p style=\"text-align: justify;\"><a href=\"#_ftnref1\" name=\"_ftn1\">[1]<\/a> <a href=\"https:\/\/www.europarl.europa.eu\/doceo\/document\/CRE-9-2024-02-08-ITM-011_FR.html\"><em>L&rsquo;affaire Dentsu Tracking et le manque de transparence de la Commission europ\u00e9enne dans ses relations avec l&rsquo;industrie du tabac<\/em><\/a>, Parlement europ\u00e9en, Compte rendu in extenso des d\u00e9bats, Jeudi 8 f\u00e9vrier 2024.<\/p>\n<p style=\"text-align: justify;\"><a href=\"#_ftnref2\" name=\"_ftn2\">[2]<\/a> Borkowski F, Fibbi E, <a href=\"https:\/\/tobaccocontrol.bmj.com\/content\/early\/2024\/01\/23\/tc-2023-058212\"><em>How can tracking and tracing systems give us a look at the dark side of the tobacco market?<\/em><\/a>, Tobacco Control, Published Online First: 23 January 2024. doi: 10.1136\/tc-2023-058212<\/p>\n<p style=\"text-align: justify;\"><a href=\"#_ftnref3\" name=\"_ftn3\">[3]<\/a> <a href=\"http:\/\/eu-policies.com\/competences\/health\/eus-flawed-tobacco-control-agenda-exposed-ahead-panama-hosted-summits\/\"><em>EU\u2019s flawed tobacco control agenda exposed ahead of panama-hosted who summits<\/em><\/a>, EU Policies, publi\u00e9 le 7 f\u00e9vrier 2024, consult\u00e9 le 12 f\u00e9vrier 2024.<\/p>\n<p style=\"text-align: justify;\"><a href=\"#_ftnref4\" name=\"_ftn4\">[4]<\/a> <a href=\"https:\/\/www.eureporter.co\/health\/tobacco-2\/2024\/02\/07\/on-the-occasion-of-cop10-and-mop3-european-members-of-the-tobacco-working-group-reveal-the-main-points-of-their-white-paper\/\"><em>MEP Tobacco Working Group reveal white paper on occasion of COP10 and MOP3<\/em><\/a>, Eureporter, publi\u00e9 le 7 f\u00e9vrier 2024, consult\u00e9 le 9 f\u00e9vrier 2024.<\/p>\n<p><span style=\"color: #999999;\"><strong><a style=\"color: #999999;\" href=\"http:\/\/www.cnct.fr\/\" target=\"_blank\" rel=\"noopener noreferrer\">Comit\u00e9 national contre le tabagisme |<\/a><\/strong><\/span><\/p>\n","protected":false},"excerpt":{"rendered":"<p>Des parlementaires europ\u00e9ens d\u00e9noncent le manque de transparence de la Commission europ\u00e9enne autour du contrat nou\u00e9 avec Dentsu, l\u2019op\u00e9rateur en charge de la tra\u00e7abilit\u00e9 des produits du tabac.<\/p>\n","protected":false},"featured_media":21355,"template":"","tags":[],"thematique":[499],"class_list":["post-21354","actualites","type-actualites","status-publish","has-post-thumbnail","hentry","thematique-lobby"],"acf":[],"_links":{"self":[{"href":"https:\/\/www.generationsanstabac.org\/fr\/wp-json\/wp\/v2\/actualites\/21354","targetHints":{"allow":["GET"]}}],"collection":[{"href":"https:\/\/www.generationsanstabac.org\/fr\/wp-json\/wp\/v2\/actualites"}],"about":[{"href":"https:\/\/www.generationsanstabac.org\/fr\/wp-json\/wp\/v2\/types\/actualites"}],"version-history":[{"count":0,"href":"https:\/\/www.generationsanstabac.org\/fr\/wp-json\/wp\/v2\/actualites\/21354\/revisions"}],"wp:featuredmedia":[{"embeddable":true,"href":"https:\/\/www.generationsanstabac.org\/fr\/wp-json\/wp\/v2\/media\/21355"}],"wp:attachment":[{"href":"https:\/\/www.generationsanstabac.org\/fr\/wp-json\/wp\/v2\/media?parent=21354"}],"wp:term":[{"taxonomy":"post_tag","embeddable":true,"href":"https:\/\/www.generationsanstabac.org\/fr\/wp-json\/wp\/v2\/tags?post=21354"},{"taxonomy":"thematique","embeddable":true,"href":"https:\/\/www.generationsanstabac.org\/fr\/wp-json\/wp\/v2\/thematique?post=21354"}],"curies":[{"name":"wp","href":"https:\/\/api.w.org\/{rel}","templated":true}]}}