{"id":21353,"date":"2024-02-15T09:00:49","date_gmt":"2024-02-15T08:00:49","guid":{"rendered":"https:\/\/www.generationsanstabac.org\/actualites\/suppression-financements-lutte-antitabac-union-europeenne\/"},"modified":"2024-02-15T09:00:49","modified_gmt":"2024-02-15T08:00:49","slug":"suppression-financements-lutte-antitabac-union-europeenne","status":"publish","type":"actualites","link":"https:\/\/www.generationsanstabac.org\/fr\/actualites\/suppression-financements-lutte-antitabac-union-europeenne\/","title":{"rendered":"Suppression des financements pour la lutte antitabac en Union Europ\u00e9enne"},"content":{"rendered":"<p style=\"text-align: justify;\"><em>Des coupes budg\u00e9taires dans le Plan europ\u00e9en contre le cancer pourraient compromettre les objectifs de r\u00e9duction du tabagisme. Cette d\u00e9cision survient apr\u00e8s le report de la pr\u00e9paration et de l\u2019adoption d\u2019un texte europ\u00e9en sur les espaces sans tabac, tandis que deux directives europ\u00e9ennes sur le tabac et sa taxation sont au point mort. <\/em><\/p>\n<p style=\"text-align: justify;\">Une d\u00e9cision du Conseil europ\u00e9en du 1er f\u00e9vrier 2024 pr\u00e9voit de r\u00e9assigner \u00e0 d\u2019autres priorit\u00e9s un milliard d\u2019euros, sur les 5,3 milliards d\u2019euros du programme EU4Health.<\/p>\n<p style=\"text-align: justify;\">Plusieurs projets europ\u00e9ens de sant\u00e9 sont menac\u00e9s, dont le Plan europ\u00e9en contre le cancer, mais aussi la Strat\u00e9gie pharmaceutique, l\u2019Espace Europ\u00e9en des Donn\u00e9es de Sant\u00e9 (EHDS) et la lutte contre les in\u00e9galit\u00e9s de sant\u00e9<a href=\"#_ftn1\" name=\"_ftnref1\">[1]<\/a>. Les coupes pr\u00e9visibles dans le Plan europ\u00e9en contre le cancer devraient affecter les programmes antitabac et compromettre les objectifs de r\u00e9duction du tabagisme. Le tabagisme repr\u00e9sente pourtant la premi\u00e8re cause de mortalit\u00e9 \u00e9vitable en Europe et reste l\u2019une des sources majeures de cancers.<\/p>\n<h2 style=\"text-align: justify;\"><strong>Une d\u00e9cision qui suit le report de la recommandation sur les espaces sans tabac<\/strong><\/h2>\n<p style=\"text-align: justify;\">Cette d\u00e9cision est survenue au lendemain d\u2019un \u00e9v\u00e9nement organis\u00e9 par la Commission europ\u00e9enne r\u00e9affirmant la n\u00e9cessit\u00e9 du Plan europ\u00e9en contre le cancer, notamment pour r\u00e9duire les in\u00e9galit\u00e9s d\u2019acc\u00e8s aux soins du cancer entre pays europ\u00e9ens<a href=\"#_ftn2\" name=\"_ftnref2\">[2]<\/a>.<\/p>\n<p style=\"text-align: justify;\">Le m\u00eame 31 janvier 2024, en parall\u00e8le de cet \u00e9v\u00e9nement, la Commission europ\u00e9enne faisait part d\u2019un <a href=\"https:\/\/www.generationsanstabac.org\/actualites\/la-commission-europeenne-tarde-a-agir-sur-les-questions-du-tabac-et-de-la-nicotine\/\">nouveau report<\/a> de la r\u00e9vision des recommandations de 2009 sur les espaces sans tabac, pr\u00e9vue fin 2023. Ce report a suscit\u00e9 une vive \u00e9motion dans le secteur de la sant\u00e9. Une coalition d\u2019acteurs de sant\u00e9 a consid\u00e9r\u00e9 comme <em>\u00ab une affligeante erreur de jugement \u00bb<\/em> de ne pas int\u00e9grer la pr\u00e9vention de l\u2019usage des nouveaux produits du tabac dans le Plan europ\u00e9en contre le cancer<a href=\"#_ftn3\" name=\"_ftnref3\">[3]<\/a>. Le ministre de la Sant\u00e9 belge, Frank Vandenbroucke, a estim\u00e9 de son c\u00f4t\u00e9 que la sant\u00e9 des Europ\u00e9ens avait \u00e9t\u00e9 brad\u00e9e \u00e0 une puissante industrie.<\/p>\n<p style=\"text-align: justify;\">Les r\u00e9visions de deux autres directives essentielles, l\u2019une sur les produits du tabac (TPD), l\u2019autre sur leur taxation (TTD), ont elles aussi \u00e9t\u00e9 diff\u00e9r\u00e9es \u00e0 plusieurs reprises, freinant de fait la mise en place de mesures antitabac. Le poids de l\u2019industrie du tabac sur la Commission et sur certains Etat membres conduit \u00e0 ce d\u00e9calage entre les d\u00e9clarations et les actes.<\/p>\n<p style=\"text-align: justify;\"><strong>Mots-cl\u00e9s : Plan europ\u00e9en contre le cancer, Commission europ\u00e9enne, plan antitabac<\/strong><\/p>\n<p style=\"text-align: justify;\"><strong><a href=\"https:\/\/www.generationsanstabac.org\/\">\u00a9G\u00e9n\u00e9ration Sans Tabac<\/a><\/strong><\/p>\n<p style=\"text-align: right;\"><strong><em>MF<\/em><\/strong><\/p>\n<hr \/>\n<p style=\"text-align: justify;\"><a href=\"#_ftnref1\" name=\"_ftn1\">[1]<\/a> Holmgaard Mersh A, <a href=\"https:\/\/www.euractiv.com\/section\/health-consumers\/linksdossier\/health-brief-fundamental-health-questions-left-unanswered\/\"><em>Euractiv&rsquo;s Health Hub, Health brief: Fundamental health questions left unanswered<\/em><\/a>, Euractiv, publi\u00e9 le 7 f\u00e9vrier 2024, consult\u00e9 le 9 f\u00e9vrier 2024.<\/p>\n<p style=\"text-align: justify;\"><a href=\"#_ftnref2\" name=\"_ftn2\">[2]<\/a> <a href=\"https:\/\/hadea.ec.europa.eu\/events\/europes-beating-cancer-plan-heart-strong-european-health-union-2024-01-31_en\"><em>Europe\u2019s Beating Cancer Plan at the heart of a strong European Health Union<\/em><\/a>, European Commission, consult\u00e9 le 9 f\u00e9vrier 2024.<\/p>\n<p style=\"text-align: justify;\"><a href=\"#_ftnref3\" name=\"_ftn3\">[3]<\/a> ESMO\/ERS\/ECL\/EPHA, <a href=\"https:\/\/www.esmo.org\/content\/download\/793030\/18759718\/1\/ESMO-Statement-No-Smoke-Without-Fire.pdf\"><em>Health groups appalled at European Commission\u2019s failure to release Council recommendation on smoke-free environments<\/em><\/a>, publi\u00e9 le 31 janvier 2024, consult\u00e9 le 9 f\u00e9vrier 2024.<\/p>\n<p style=\"text-align: justify;\"><span style=\"color: #999999;\"><strong><a style=\"color: #999999;\" href=\"http:\/\/www.cnct.fr\/\" target=\"_blank\" rel=\"noopener noreferrer\">Comit\u00e9 national contre le tabagisme |<\/a><\/strong><\/span><\/p>\n","protected":false},"excerpt":{"rendered":"<p>Des coupes budg\u00e9taires dans le Plan europ\u00e9en contre le cancer pourraient compromettre les objectifs de r\u00e9duction du tabagisme. Cette d\u00e9cision survient apr\u00e8s le report de la pr\u00e9paration et de l\u2019adoption d\u2019un texte europ\u00e9en sur les espaces sans tabac, tandis que deux directives europ\u00e9ennes sur le tabac et sa taxation sont au point mort.<\/p>\n","protected":false},"featured_media":18703,"template":"","tags":[],"thematique":[474],"class_list":["post-21353","actualites","type-actualites","status-publish","has-post-thumbnail","hentry","thematique-sante"],"acf":[],"_links":{"self":[{"href":"https:\/\/www.generationsanstabac.org\/fr\/wp-json\/wp\/v2\/actualites\/21353","targetHints":{"allow":["GET"]}}],"collection":[{"href":"https:\/\/www.generationsanstabac.org\/fr\/wp-json\/wp\/v2\/actualites"}],"about":[{"href":"https:\/\/www.generationsanstabac.org\/fr\/wp-json\/wp\/v2\/types\/actualites"}],"version-history":[{"count":0,"href":"https:\/\/www.generationsanstabac.org\/fr\/wp-json\/wp\/v2\/actualites\/21353\/revisions"}],"wp:featuredmedia":[{"embeddable":true,"href":"https:\/\/www.generationsanstabac.org\/fr\/wp-json\/wp\/v2\/media\/18703"}],"wp:attachment":[{"href":"https:\/\/www.generationsanstabac.org\/fr\/wp-json\/wp\/v2\/media?parent=21353"}],"wp:term":[{"taxonomy":"post_tag","embeddable":true,"href":"https:\/\/www.generationsanstabac.org\/fr\/wp-json\/wp\/v2\/tags?post=21353"},{"taxonomy":"thematique","embeddable":true,"href":"https:\/\/www.generationsanstabac.org\/fr\/wp-json\/wp\/v2\/thematique?post=21353"}],"curies":[{"name":"wp","href":"https:\/\/api.w.org\/{rel}","templated":true}]}}