{"id":21347,"date":"2024-02-07T09:00:00","date_gmt":"2024-02-07T08:00:00","guid":{"rendered":"https:\/\/www.generationsanstabac.org\/actualites\/augmentation-de-77-des-nouveaux-cas-de-cancers-dici-2050-selon-loms\/"},"modified":"2024-02-07T09:00:00","modified_gmt":"2024-02-07T08:00:00","slug":"augmentation-de-77-des-nouveaux-cas-de-cancers-dici-2050-selon-loms","status":"publish","type":"actualites","link":"https:\/\/www.generationsanstabac.org\/fr\/actualites\/augmentation-de-77-des-nouveaux-cas-de-cancers-dici-2050-selon-loms\/","title":{"rendered":"Augmentation de 77 % des nouveaux cas de cancers d\u2019ici 2050, selon l\u2019OMS"},"content":{"rendered":"<p style=\"text-align: justify;\"><em>Le tabagisme reste le principal facteur de risques de cancers, devant l\u2019alcool, l\u2019ob\u00e9sit\u00e9 et la pollution atmosph\u00e9rique. Les disparit\u00e9s d\u2019acc\u00e8s aux soins selon les pays alimentent les in\u00e9galit\u00e9s Nord-Sud. <\/em><\/p>\n<p style=\"text-align: justify;\">En pr\u00e9lude de la Journ\u00e9e mondiale contre le cancer, le 4 f\u00e9vrier 2024, le Centre international de recherche sur le cancer (CIRC) de l\u2019Organisation mondiale de la sant\u00e9 (OMS) a publi\u00e9 ses derni\u00e8res pr\u00e9visions de l\u2019\u00e9volution des cancers dans le monde<a href=\"#_ftn1\" name=\"_ftnref1\">[1]<\/a>.<\/p>\n<p style=\"text-align: justify;\">Selon ces estimations, 20 millions de nouveaux cas de cancer et 9,7 millions de d\u00e9c\u00e8s auraient \u00e9t\u00e9 constat\u00e9s en 2022, contre 14,1 millions de nouveaux cas et 8,2 millions de d\u00e9c\u00e8s en 2012. En tenant compte de la croissance de la population et de son vieillissement, le CIRC \u00e9value que ce bilan sera port\u00e9 \u00e0 35 millions de nouveaux cas de cancer en 2050, soit une augmentation de 77 %. Le nombre de d\u00e9c\u00e8s en 2050 atteindrait 18 millions de personnes, soit plus du double de 2012.<\/p>\n<h2 style=\"text-align: justify;\"><strong>Le cancer du poumon, en t\u00eate des d\u00e9c\u00e8s et des nouveaux cas<\/strong><\/h2>\n<p style=\"text-align: justify;\">Parmi les cas de cancer r\u00e9pertori\u00e9s en 2022, dix types de cancers concentrent les deux tiers des nouveaux cas. Le cancer du poumon est le plus r\u00e9pandu, avec 2,5 millions de nouveaux cas (12,4 % du total), suivi par le cancer du sein, avec 2,3 millions de nouveaux cas (11,6 %). Les cancers colorectaux (9,6 %), de la prostate (7,3 %) et de l\u2019estomac (4,9 %) viennent ensuite.<\/p>\n<p style=\"text-align: justify;\">Les cancers du poumon sont, de loin, les plus <a href=\"https:\/\/www.generationsanstabac.org\/actualites\/le-cancer-du-poumon-reste-le-plus-meurtrier-au-monde\/\">meurtriers<\/a>, avec 1,8 millions de d\u00e9c\u00e8s (18,7 % du total), suivis par les cancers colorectaux (900 000 d\u00e9c\u00e8s, soit 9,3 %), du foie (760 000 d\u00e9c\u00e8s, soit 7,8 %), du sein (670 000 d\u00e9c\u00e8s, soit 6,9 %) et de l\u2019estomac (660 000 d\u00e9c\u00e8s, soit 6,8 %). Le cancer du poumon touche davantage les hommes, alors que le cancer du sein est la premi\u00e8re cause de cancer et de d\u00e9c\u00e8s par cancer chez les femmes. La r\u00e9\u00e9mergence du cancer du poumon comme cancer le plus courant proviendrait de l\u2019\u00e9volution de la consommation de tabac, notamment en Asie.<\/p>\n<p style=\"text-align: justify;\">Le tabac reste le premier des <a href=\"https:\/\/www.generationsanstabac.org\/actualites\/le-tabac-et-lalcool-sont-les-principales-causes-de-mortalite-par-cancer-dans-le-monde\/\">facteurs de risques<\/a> li\u00e9s \u00e0 l\u2019apparition des cancers, suivi par l\u2019alcool, l\u2019ob\u00e9sit\u00e9 et la pollution atmosph\u00e9rique. Les donn\u00e9es du CIRC confirment ainsi l\u2019importance des d\u00e9terminants commerciaux de la sant\u00e9, c\u2019est-\u00e0-dire la fa\u00e7on dont les activit\u00e9s du secteur priv\u00e9 affectent la sant\u00e9. Ainsi les d\u00e9terminants commerciaux de la sant\u00e9 pointent plus particuli\u00e8rement le r\u00f4le et la responsabilit\u00e9 de l\u2019industrie du tabac dans l\u2019\u00e9pid\u00e9mie tabagique.<\/p>\n<h2 style=\"text-align: justify;\"><strong>Des in\u00e9galit\u00e9s de sant\u00e9 g\u00e9ographiques <\/strong><\/h2>\n<p style=\"text-align: justify;\">Pr\u00e9sent\u00e9s en parall\u00e8le et couvrant 115 pays, les r\u00e9sultats d\u2019une \u00e9tude de l\u2019OMS sur la couverture sant\u00e9 des cancers indiquent que seulement 39 % de ces pays couvrent les besoins de base de leur population en mati\u00e8re de soin du cancer. L\u2019accessibilit\u00e9 aux soins de base du cancer est particuli\u00e8rement r\u00e9duite dans les pays \u00e0 revenu faible.<\/p>\n<p style=\"text-align: justify;\">Cette question de l\u2019acc\u00e8s aux soins se v\u00e9rifie tout particuli\u00e8rement avec le cancer du sein. Dans les pays o\u00f9 l\u2019indice de d\u00e9veloppement humain (IDH) est tr\u00e8s \u00e9lev\u00e9, 1 femme sur 12 se verra diagnostiqu\u00e9 un cancer du sein et 1 sur 71 en d\u00e9c\u00e8dera. Dans les pays o\u00f9 l\u2019IDH est tr\u00e8s bas, le cancer du sein touchera 1 femme sur 28, et 1 sur 48 en d\u00e9c\u00e8dera. Dans ces derniers pays, les femmes auraient 50 % moins de chances d\u2019\u00eatre d\u00e9pist\u00e9es du cancer du sein que dans les pays o\u00f9 l\u2019IDH est tr\u00e8s \u00e9lev\u00e9. Elles en d\u00e9c\u00e8deraient davantage pour cause de diagnostic tardif et de manque d\u2019acc\u00e8s aux traitements appropri\u00e9s. Une \u00e9tude r\u00e9cente \u00e9valuant l\u2019impact du tabagisme actif ou passif sur le cancer du sein a confirm\u00e9 cette forte disparit\u00e9 de l\u2019acc\u00e8s aux soins selon les zones g\u00e9ographiques<a href=\"#_ftn2\" name=\"_ftnref2\">[2]<\/a>. <em>\u00ab Les outils qui permettent aux gouvernements de prioriser les soins pour cancer et de s\u2019assurer que chacun ait acc\u00e8s \u00e0 des services de qualit\u00e9 et abordables existent. Ce n\u2019est pas qu\u2019une question de ressources, mais aussi une question de volont\u00e9 politique \u00bb<\/em>, a comment\u00e9 le Dr Cary Adams, directeur g\u00e9n\u00e9ral de l\u2019Union Internationale Contre le Cancer (UICC).<\/p>\n<p style=\"text-align: justify;\"><strong>Mots-cl\u00e9s : Journ\u00e9e mondiale contre le cancer, Centre international de recherche sur le cancer, Organisation mondiale de la sant\u00e9, cancer du poumon, acc\u00e8s aux soins<\/strong><\/p>\n<p><strong><a href=\"https:\/\/www.generationsanstabac.org\/\">\u00a9G\u00e9n\u00e9ration Sans Tabac<\/a><\/strong><\/p>\n<p style=\"text-align: right;\"><strong><em>MF<\/em><\/strong><\/p>\n<hr \/>\n<p style=\"text-align: justify;\"><a href=\"#_ftnref1\" name=\"_ftn1\">[1]<\/a> <a href=\"https:\/\/www.iarc.who.int\/wp-content\/uploads\/2024\/02\/pr345_E.pdf\"><em>Global cancer burden growing, amidst mounting need for services<\/em><\/a>, IARC, communiqu\u00e9 de presse, publi\u00e9 le 1<sup>er<\/sup> f\u00e9vrier 2024, consult\u00e9 le 2 f\u00e9vrier 2024.<\/p>\n<p style=\"text-align: justify;\"><a href=\"#_ftnref2\" name=\"_ftn2\">[2]<\/a> Guo Q, Lu Y, Liu W, Lan G, Lan T, <a href=\"https:\/\/bmcpublichealth.biomedcentral.com\/articles\/10.1186\/s12889-023-17405-w#citeas\"><em>The global, regional, and national disease burden of breast cancer attributable to tobacco from 1990 to 2019: a global burden of disease study<\/em><\/a>, BMC Public Health (2024) 24:107, published online : 06 january 2024.<\/p>\n<p><span style=\"color: #999999;\"><strong><a style=\"color: #999999;\" href=\"http:\/\/www.cnct.fr\/\" target=\"_blank\" rel=\"noopener noreferrer\">Comit\u00e9 national contre le tabagisme |<\/a><\/strong><\/span><\/p>\n","protected":false},"excerpt":{"rendered":"<p>Le tabagisme reste le principal facteur de risques de cancers, devant l\u2019alcool, l\u2019ob\u00e9sit\u00e9 et la pollution atmosph\u00e9rique.<\/p>\n","protected":false},"featured_media":11941,"template":"","tags":[],"thematique":[474],"class_list":["post-21347","actualites","type-actualites","status-publish","has-post-thumbnail","hentry","thematique-sante"],"acf":[],"_links":{"self":[{"href":"https:\/\/www.generationsanstabac.org\/fr\/wp-json\/wp\/v2\/actualites\/21347","targetHints":{"allow":["GET"]}}],"collection":[{"href":"https:\/\/www.generationsanstabac.org\/fr\/wp-json\/wp\/v2\/actualites"}],"about":[{"href":"https:\/\/www.generationsanstabac.org\/fr\/wp-json\/wp\/v2\/types\/actualites"}],"version-history":[{"count":0,"href":"https:\/\/www.generationsanstabac.org\/fr\/wp-json\/wp\/v2\/actualites\/21347\/revisions"}],"wp:featuredmedia":[{"embeddable":true,"href":"https:\/\/www.generationsanstabac.org\/fr\/wp-json\/wp\/v2\/media\/11941"}],"wp:attachment":[{"href":"https:\/\/www.generationsanstabac.org\/fr\/wp-json\/wp\/v2\/media?parent=21347"}],"wp:term":[{"taxonomy":"post_tag","embeddable":true,"href":"https:\/\/www.generationsanstabac.org\/fr\/wp-json\/wp\/v2\/tags?post=21347"},{"taxonomy":"thematique","embeddable":true,"href":"https:\/\/www.generationsanstabac.org\/fr\/wp-json\/wp\/v2\/thematique?post=21347"}],"curies":[{"name":"wp","href":"https:\/\/api.w.org\/{rel}","templated":true}]}}