{"id":21344,"date":"2024-02-05T09:00:12","date_gmt":"2024-02-05T08:00:12","guid":{"rendered":"https:\/\/www.generationsanstabac.org\/actualites\/la-commission-europeenne-tarde-a-agir-sur-les-questions-du-tabac-et-de-la-nicotine\/"},"modified":"2024-02-05T09:00:12","modified_gmt":"2024-02-05T08:00:12","slug":"la-commission-europeenne-tarde-a-agir-sur-les-questions-du-tabac-et-de-la-nicotine","status":"publish","type":"actualites","link":"https:\/\/www.generationsanstabac.org\/fr\/actualites\/la-commission-europeenne-tarde-a-agir-sur-les-questions-du-tabac-et-de-la-nicotine\/","title":{"rendered":"La Commission europ\u00e9enne tarde \u00e0 agir sur les questions du tabac et de la nicotine"},"content":{"rendered":"<p style=\"text-align: justify;\"><em>La publication, par la Commission europ\u00e9enne, de propositions sur l\u2019exposition aux rejets de cigarettes \u00e9lectroniques et de tabac chauff\u00e9 vient d\u2019\u00eatre diff\u00e9r\u00e9e. Deux autres directives importantes sur les produits du tabac et leur taxation sont \u00e9galement en attente prolong\u00e9e, laissant supposer de fortes interf\u00e9rences de la part de l\u2019industrie du tabac.  <\/em><\/p>\n<p style=\"text-align: justify;\">La recommandation europ\u00e9enne du 30 novembre 2009 relative aux environnements sans tabac ne prenait en compte que l\u2019exposition \u00e0 la fum\u00e9e des produits du tabac<a href=\"#_ftn1\" name=\"_ftnref1\">[1]<\/a>. Elle devait \u00eatre mise \u00e0 jour de fa\u00e7on \u00e0 int\u00e9grer les a\u00e9rosols des cigarettes \u00e9lectroniques et des dispositifs de tabac chauff\u00e9, dans le cadre du Plan europ\u00e9en pour vaincre le cancer.<\/p>\n<p style=\"text-align: justify;\">La Commission europ\u00e9enne (CE) vient cependant d\u2019annoncer qu\u2019elle diff\u00e9rait la publication de ces nouvelles propositions, attendues pour le troisi\u00e8me trimestre de 2023.<a href=\"#_ftn2\" name=\"_ftnref2\">[2]<\/a> Ce report s\u2019ajoute \u00e0 ceux qui touchent d\u00e9j\u00e0 la r\u00e9vision de deux autres directives, \u00e0 savoir la directive sur les produits du tabac (TPD) et celle sur la taxation du tabac (TTD).<\/p>\n<h2 style=\"text-align: justify;\"><strong>Blocage des directives portant sur le tabac<\/strong><\/h2>\n<p style=\"text-align: justify;\">La r\u00e9vision de la TTD \u00e9tait ainsi attendue pour d\u00e9cembre 2022 et est depuis report\u00e9e <em>sine die<\/em>. La r\u00e9vision de la TPD est pour sa part bloqu\u00e9e depuis 2019, date \u00e0 laquelle Ursula Von der Leyen a pris la t\u00eate de la Commission europ\u00e9enne et a promis de mener \u00e0 bien cette r\u00e9vision. Des engagements qui n\u2019ont jusqu\u2019ici pas \u00e9t\u00e9 suivi d\u2019effets et compromettent l\u2019objectif de l\u2019Union Europ\u00e9enne d\u2019une g\u00e9n\u00e9ration sans tabac en 2040, soit d\u2019atteindre une pr\u00e9valence de 5 % de fumeurs<a href=\"#_ftn3\" name=\"_ftnref3\">[3]<\/a>.<\/p>\n<p style=\"text-align: justify;\">La coalition Smoke Free Partnership (SFP), qui rassemble des acteurs de la lutte antitabac en Europe, dresse un parall\u00e8le entre cette inertie de la CE sur ces diff\u00e9rentes questions li\u00e9es au tabac et l\u2019accroissement des d\u00e9penses de lobbying de l\u2019industrie du tabac<a href=\"#_ftn4\" name=\"_ftnref4\">[4]<\/a>. Selon une analyse r\u00e9alis\u00e9e par SFP, les investissements de l\u2019industrie du tabac en Europe en mati\u00e8re de lobbying se sont en effet \u00e9lev\u00e9s \u00e0 15 millions d\u2019euros en 2021, un pic jamais atteint jusqu\u2019ici<a href=\"#_ftn5\" name=\"_ftnref5\">[5]<\/a>. Les interf\u00e9rences de l\u2019industrie du tabac \u00e9tant, \u00e0 l\u2019\u00e9chelle mondiale, connues pour constituer les principaux obstacles des politiques antitabac<a href=\"#_ftn6\" name=\"_ftnref6\">[6]<\/a>, SFP s\u2019interroge sur la r\u00e9elle ind\u00e9pendance de la Commission europ\u00e9enne vis-\u00e0-vis de cette industrie. La m\u00e9diatrice europ\u00e9enne, Emily O\u2019Reilly, avait elle-m\u00eame, en d\u00e9cembre 2023, appel\u00e9 la CE a davantage de <a href=\"https:\/\/www.generationsanstabac.org\/actualites\/la-mediatrice-europeenne-pointe-les-faiblesses-de-la-commission-europeenne-face-au-lobby-du-tabac\/\">transparence<\/a> dans ses interactions avec des repr\u00e9sentants de l\u2019industrie du tabac.<\/p>\n<p style=\"text-align: justify;\"><strong>Mots-cl\u00e9s : Commission europ\u00e9enne, produits du tabac, taxation, lobbying, industrie du tabac<\/strong><\/p>\n<p><strong><a href=\"https:\/\/www.generationsanstabac.org\/\">\u00a9G\u00e9n\u00e9ration Sans Tabac<\/a><\/strong><\/p>\n<p style=\"text-align: right;\"><b><i>MF<\/i><\/b><\/p>\n<hr \/>\n<p style=\"text-align: justify;\"><a href=\"#_ftnref1\" name=\"_ftn1\">[1]<\/a> <a href=\"https:\/\/eur-lex.europa.eu\/LexUriServ\/LexUriServ.do?uri=OJ:C:2009:296:0004:0014:FR:PDF\"><em>Recommandation du conseil du 30 novembre 2009 relative aux environnements sans tabac (2009\/C 296\/02)<\/em><\/a>, Journal officiel de l\u2019Union Europ\u00e9enne, 5 d\u00e9cembre 2009.<\/p>\n<p style=\"text-align: justify;\"><a href=\"#_ftnref2\" name=\"_ftn2\">[2]<\/a> Martuscelli C, <a href=\"https:\/\/www.politico.eu\/article\/commission-delays-smoking-file-as-belgian-presidency-calls-foul\/\"><em>Commission delays smoking file as Belgian presidency calls foul<\/em><\/a>, Politico, publi\u00e9 le 31 janvier 2024, consult\u00e9 le m\u00eame jour.<\/p>\n<p style=\"text-align: justify;\"><a href=\"#_ftnref3\" name=\"_ftn3\">[3]<\/a> <a href=\"https:\/\/ec.europa.eu\/commission\/presscorner\/detail\/en\/ip_21_342\"><em>Europe&rsquo;s Beating Cancer Plan: A new EU approach to prevention, treatment and care<\/em><\/a>, European Commission, publi\u00e9 le 3 f\u00e9vrier 2021, consult\u00e9 le 31 janvier 2024.<\/p>\n<p style=\"text-align: justify;\"><a href=\"#_ftnref4\" name=\"_ftn4\">[4]<\/a> <em>Smoke-free Environments: The Commission turns the clock back 30 years<\/em>, Smoke Free Partnership, communiqu\u00e9 de presse, publi\u00e9 le 30 janvier 2024, consult\u00e9 le 31 janvier 2024.<\/p>\n<p style=\"text-align: justify;\"><a href=\"#_ftnref5\" name=\"_ftn5\">[5]<\/a> <a href=\"https:\/\/www.smokefreepartnership.eu\/news\/sfp-news\/sfp-infographic-2022-declared-tobacco-industry-presence-in-the-eu-policy-making-environment\"><em>SFP Infographic 2022: Declared Tobacco industry presence in the EU policy-making environment<\/em><\/a>, Smoke Free Partnership, publi\u00e9 le 21 d\u00e9cembre 2022, consult\u00e9 le 31 janvier 2024.<\/p>\n<p style=\"text-align: justify;\"><a href=\"#_ftnref6\" name=\"_ftn6\">[6]<\/a> Assunta M, <a href=\"https:\/\/exposetobacco.org\/global-index\/\"><em>Global Tobacco Industry Interference Index 2023<\/em><\/a>, Global Center for Good Governance in Tobacco Control. Bangkok, Thailand, novembre 2023, 84 p.<\/p>\n<p><span style=\"color: #999999;\"><strong><a style=\"color: #999999;\" href=\"http:\/\/www.cnct.fr\/\" target=\"_blank\" rel=\"noopener noreferrer\">Comit\u00e9 national contre le tabagisme |<\/a><\/strong><\/span><\/p>\n","protected":false},"excerpt":{"rendered":"<p>La publication, par la Commission europ\u00e9enne, de propositions sur l\u2019exposition aux rejets de cigarettes \u00e9lectroniques et de tabac chauff\u00e9 vient d\u2019\u00eatre diff\u00e9r\u00e9e. Deux autres directives importantes sur les produits du tabac et leur taxation sont \u00e9galement en attente prolong\u00e9e, laissant supposer de fortes interf\u00e9rences de la part de l\u2019industrie du tabac. <\/p>\n","protected":false},"featured_media":11769,"template":"","tags":[],"thematique":[499,516],"class_list":["post-21344","actualites","type-actualites","status-publish","has-post-thumbnail","hentry","thematique-lobby","thematique-nouveaux-produits"],"acf":[],"_links":{"self":[{"href":"https:\/\/www.generationsanstabac.org\/fr\/wp-json\/wp\/v2\/actualites\/21344","targetHints":{"allow":["GET"]}}],"collection":[{"href":"https:\/\/www.generationsanstabac.org\/fr\/wp-json\/wp\/v2\/actualites"}],"about":[{"href":"https:\/\/www.generationsanstabac.org\/fr\/wp-json\/wp\/v2\/types\/actualites"}],"version-history":[{"count":0,"href":"https:\/\/www.generationsanstabac.org\/fr\/wp-json\/wp\/v2\/actualites\/21344\/revisions"}],"wp:featuredmedia":[{"embeddable":true,"href":"https:\/\/www.generationsanstabac.org\/fr\/wp-json\/wp\/v2\/media\/11769"}],"wp:attachment":[{"href":"https:\/\/www.generationsanstabac.org\/fr\/wp-json\/wp\/v2\/media?parent=21344"}],"wp:term":[{"taxonomy":"post_tag","embeddable":true,"href":"https:\/\/www.generationsanstabac.org\/fr\/wp-json\/wp\/v2\/tags?post=21344"},{"taxonomy":"thematique","embeddable":true,"href":"https:\/\/www.generationsanstabac.org\/fr\/wp-json\/wp\/v2\/thematique?post=21344"}],"curies":[{"name":"wp","href":"https:\/\/api.w.org\/{rel}","templated":true}]}}