{"id":21340,"date":"2024-01-30T09:00:31","date_gmt":"2024-01-30T08:00:31","guid":{"rendered":"https:\/\/www.generationsanstabac.org\/actualites\/nouvelle-zelande-envisagerait-gel-taxes-tabac-trois-ans\/"},"modified":"2024-01-30T09:00:31","modified_gmt":"2024-01-30T08:00:31","slug":"nouvelle-zelande-envisagerait-gel-taxes-tabac-trois-ans","status":"publish","type":"actualites","link":"https:\/\/www.generationsanstabac.org\/fr\/actualites\/nouvelle-zelande-envisagerait-gel-taxes-tabac-trois-ans\/","title":{"rendered":"La Nouvelle-Z\u00e9lande envisagerait un gel des taxes sur le tabac durant trois ans"},"content":{"rendered":"<p style=\"text-align: justify;\"><em>Alors que les taxes sur le tabac sont cens\u00e9es augmenter automatiquement chaque ann\u00e9e en Nouvelle-Z\u00e9lande, la ministre d\u00e9l\u00e9gu\u00e9e \u00e0 la Sant\u00e9 pr\u00e9parerait un gel de ces taxes sur trois ans, ainsi que l\u2019abandon des droits d\u2019accise sur le tabac chauff\u00e9. L\u2019\u00e9ventualit\u00e9 de ces mesures a suscit\u00e9 un toll\u00e9 de la part des acteurs de sant\u00e9 <a href=\"https:\/\/www.nzherald.co.nz\/nz\/associate-health-minister-casey-costellos-proposed-tobacco-tax-freeze-slammed\/KAAY4X5ADFC3TCKJJ74MIIIGQA\/\">[1]<\/a>. L\u2019int\u00e9ress\u00e9e a d\u00e9menti.<\/em><\/p>\n<p style=\"text-align: justify;\">Le nouveau gouvernement n\u00e9oz\u00e9landais avait annonc\u00e9, le 27 novembre 2023, un revirement de la politique antitabac conduite depuis plusieurs d\u00e9cennies. Il disait abandonner non seulement le projet d\u2019interdire en 2027 la vente de produits du tabac aux personnes n\u00e9es \u00e0 partir de 2009, mais aussi la r\u00e9duction du nombre de points de vente et la commercialisation de cigarettes \u00e0 tr\u00e8s faible teneur en nicotine. Ces initiatives pla\u00e7aient pourtant la Nouvelle-Z\u00e9lande en t\u00eate de la lutte antitabac au niveau international. Ceci avait suscit\u00e9 une vive \u00e9motion parmi les acteurs de sant\u00e9, en Nouvelle-Z\u00e9lande comme dans les autres pays.<\/p>\n<p style=\"text-align: justify;\">Selon les informations du NZ Herald, Casey Costello, la ministre d\u00e9l\u00e9gu\u00e9e \u00e0 la Sant\u00e9, envisagerait \u00e0 pr\u00e9sent un gel des taxes sur les produits du tabac pour une dur\u00e9e de trois ans<a href=\"#_ftn1\" name=\"_ftnref1\">[1]<\/a>. Les produits de tabac chauff\u00e9 pourraient, de leur c\u00f4t\u00e9, \u00eatre exempt\u00e9s de droits d\u2019accise.<\/p>\n<h2 style=\"text-align: justify;\"><strong>Une intention controvers\u00e9e, qui va \u00e0 l\u2019encontre de la politique de sant\u00e9<\/strong><\/h2>\n<p style=\"text-align: justify;\">Casey Costello a d\u00e9menti les intentions qui lui ont \u00e9t\u00e9 pr\u00eat\u00e9es, mais ces r\u00e9v\u00e9lations ont provoqu\u00e9 un toll\u00e9 des acteurs de sant\u00e9. Certains d\u2019entre eux ont demand\u00e9 que la ministre d\u00e9l\u00e9gu\u00e9e soit relev\u00e9e de ses fonctions. <em>\u00ab Casey Costello a perdu toute cr\u00e9dibilit\u00e9 en tant que ministre d\u00e9l\u00e9gu\u00e9e \u00e0 la Sant\u00e9. Tout ce qu\u2019elle a fait jusqu\u2019\u00e0 pr\u00e9sent se fait au d\u00e9triment de la sant\u00e9. En fait, elle se comporte plut\u00f4t comme une ministre de l\u2019industrie du tabac \u00bb<\/em>, a d\u00e9clar\u00e9 Boyd Swinburn, co-pr\u00e9sident de la Health Coalition Aotearoa.<\/p>\n<p style=\"text-align: justify;\">Ayesha Verall, l\u2019ancienne ministre de la Sant\u00e9, a demand\u00e9 \u00e0 la ministre d\u00e9l\u00e9gu\u00e9e de s\u2019expliquer. Casey Costello a en effet ni\u00e9 avoir effectu\u00e9 des d\u00e9marches pour stopper l\u2019indexation des taxes sur le tabac sur le niveau d\u2019inflation, alors qu\u2019elle aurait bien effectu\u00e9 une telle demande \u00e0 ses services, selon NZ Herald. Ben Youden, le directeur d\u2019Action on Smoking and Health (ASH-NZ), a, de son c\u00f4t\u00e9, soulign\u00e9 l\u2019incoh\u00e9rence des propos de la ministre d\u00e9l\u00e9gu\u00e9e. En novembre 2023, la ministre de Finances avait en effet d\u00e9clar\u00e9 compter sur les recettes fiscales du tabac pour financer la politique du gouvernement, notamment des baisses d\u2019imp\u00f4ts.<\/p>\n<h2 style=\"text-align: justify;\"><strong>Un gouvernement \u00e0 l\u2019\u00e9coute de l\u2019industrie du tabac<\/strong><\/h2>\n<p style=\"text-align: justify;\">L\u2019abandon des mesures-phares de la politique antitabac avait \u00e9t\u00e9 l\u2019une des premi\u00e8res mesures act\u00e9es par la nouvelle coalition au pouvoir. Celle-ci est conduite par le National Party, dont est membre l\u2019actuel ministre du logement, des infrastructures et des sports, Chris Bishop, qui fut aussi lobbyiste pour Philip Morris International (PMI). Les alli\u00e9s du National Party, l\u2019Association of Consumers and Taxpayers (ACT) et New Zealand First, auraient aussi fait pression pour enrayer la politique antitabac.<\/p>\n<p style=\"text-align: justify;\">L\u2019arr\u00eat de l\u2019augmentation de la taxation des produits du tabac est une demande r\u00e9currente de l\u2019industrie du tabac, afin de maintenir ses produits abordables et d\u2019accro\u00eetre ses marges b\u00e9n\u00e9ficiaires. L\u2019exemption des droits d\u2019accise pour le tabac chauff\u00e9 est \u00e9galement insistante de la part des fabricants, en particulier de PMI, en vue de renforcer la tr\u00e8s haute rentabilit\u00e9 de ces produits. Au fil des mesures envisag\u00e9es, les intentions du gouvernement actuel confirmeraient une nette influence des industriels du tabac sur la politique de sant\u00e9 publique n\u00e9o-z\u00e9landaise. Ceci contrevient clairement \u00e0 l\u2019article 5.3 de la Convention-cadre de l\u2019OMS pour la lutte antitabac (CCLAT), qui stipule que les politiques de sant\u00e9 doivent \u00eatre prot\u00e9g\u00e9es des interf\u00e9rences de l\u2019industrie du tabac.<\/p>\n<p><strong>Mots-cl\u00e9s : Nouvelle-Z\u00e9lande, taxation, tabac chauff\u00e9, Casey Costello, Chris Bishop, Philip Morris International.<\/strong><\/p>\n<p><strong><a href=\"https:\/\/www.generationsanstabac.org\/\">\u00a9G\u00e9n\u00e9ration Sans Tabac<\/a><\/strong><\/p>\n<p style=\"text-align: right;\"><strong><em>MF<\/em><\/strong><\/p>\n<hr \/>\n<p><a href=\"https:\/\/www.nzherald.co.nz\/nz\/associate-health-minister-casey-costellos-proposed-tobacco-tax-freeze-slammed\/KAAY4X5ADFC3TCKJJ74MIIIGQA\/\">[1] <em>Associate Health Minister Casey Costello\u2019s proposed tobacco tax freeze slammed<\/em><\/a>, NZ Gerald, publi\u00e9 le 25 janvier 2024, consult\u00e9 le 29 janvier 2024.<\/p>\n<p><span style=\"color: #999999;\"><strong><a style=\"color: #999999;\" href=\"http:\/\/www.cnct.fr\/\" target=\"_blank\" rel=\"noopener noreferrer\">Comit\u00e9 national contre le tabagisme |<\/a><\/strong><\/span><\/p>\n","protected":false},"excerpt":{"rendered":"<p>Alors que les taxes sur le tabac sont cens\u00e9es augmenter automatiquement chaque ann\u00e9e en Nouvelle-Z\u00e9lande, la ministre d\u00e9l\u00e9gu\u00e9e \u00e0 la Sant\u00e9 pr\u00e9parerait un gel de ces taxes sur trois ans, ainsi que l\u2019abandon des droits d\u2019accise sur le tabac chauff\u00e9. L\u2019\u00e9ventualit\u00e9 de ces mesures a suscit\u00e9 un toll\u00e9 de la part des acteurs de sant\u00e9. L\u2019int\u00e9ress\u00e9e a d\u00e9menti.<\/p>\n","protected":false},"featured_media":10230,"template":"","tags":[],"thematique":[491],"class_list":["post-21340","actualites","type-actualites","status-publish","has-post-thumbnail","hentry","thematique-politiques-publiques"],"acf":[],"_links":{"self":[{"href":"https:\/\/www.generationsanstabac.org\/fr\/wp-json\/wp\/v2\/actualites\/21340","targetHints":{"allow":["GET"]}}],"collection":[{"href":"https:\/\/www.generationsanstabac.org\/fr\/wp-json\/wp\/v2\/actualites"}],"about":[{"href":"https:\/\/www.generationsanstabac.org\/fr\/wp-json\/wp\/v2\/types\/actualites"}],"version-history":[{"count":0,"href":"https:\/\/www.generationsanstabac.org\/fr\/wp-json\/wp\/v2\/actualites\/21340\/revisions"}],"wp:featuredmedia":[{"embeddable":true,"href":"https:\/\/www.generationsanstabac.org\/fr\/wp-json\/wp\/v2\/media\/10230"}],"wp:attachment":[{"href":"https:\/\/www.generationsanstabac.org\/fr\/wp-json\/wp\/v2\/media?parent=21340"}],"wp:term":[{"taxonomy":"post_tag","embeddable":true,"href":"https:\/\/www.generationsanstabac.org\/fr\/wp-json\/wp\/v2\/tags?post=21340"},{"taxonomy":"thematique","embeddable":true,"href":"https:\/\/www.generationsanstabac.org\/fr\/wp-json\/wp\/v2\/thematique?post=21340"}],"curies":[{"name":"wp","href":"https:\/\/api.w.org\/{rel}","templated":true}]}}