{"id":21339,"date":"2024-01-27T09:00:27","date_gmt":"2024-01-27T08:00:27","guid":{"rendered":"https:\/\/www.generationsanstabac.org\/actualites\/france-les-collegiens-et-lyceens-fument-de-moins-en-moins\/"},"modified":"2024-01-27T09:00:27","modified_gmt":"2024-01-27T08:00:27","slug":"france-les-collegiens-et-lyceens-fument-de-moins-en-moins","status":"publish","type":"actualites","link":"https:\/\/www.generationsanstabac.org\/fr\/actualites\/france-les-collegiens-et-lyceens-fument-de-moins-en-moins\/","title":{"rendered":"France : les coll\u00e9giens et lyc\u00e9ens fument de moins en moins"},"content":{"rendered":"<p style=\"text-align: justify;\"><em>Une<\/em><a href=\"https:\/\/www.ofdt.fr\/BDD\/publications\/docs\/eisxDATA2e1.pdf\"><em> enqu\u00eate<\/em><\/a><em> publi\u00e9e ce jeudi 25 janvier montre que les \u00e9l\u00e8ves scolaris\u00e9s dans les \u00e9tablissements relevant du minist\u00e8re de l\u2019Education nationale sont de moins en moins nombreux \u00e0 exp\u00e9rimenter et consommer du tabac. 8,2% des \u00e9l\u00e8ves de terminale ont d\u00e9clar\u00e9 \u00eatre des fumeurs quotidiens en 2022 contre 21,5% en 2018. Des r\u00e9sultats tr\u00e8s encourageants qui rendent envisageable une g\u00e9n\u00e9ration sans tabac d\u2019ici 2032<a href=\"#_ftn1\" name=\"_ftnref1\"><strong>[1]<\/strong><\/a>. <\/em><\/p>\n<p style=\"text-align: justify;\">L\u2019Enqu\u00eate nationale en coll\u00e8ges et en lyc\u00e9es chez les adolescents sur la sant\u00e9 et les substances (ENCLASS) est men\u00e9e par l\u2019Observatoire fran\u00e7ais des drogues et des tendances addictives (OFDT) et l\u2019\u00c9cole des hautes \u00e9tudes en sant\u00e9 publique (EHESP), en partenariat avec l\u2019\u00c9ducation Nationale. C\u2019est une enqu\u00eate anonyme qui repose sur un questionnaire auto-administr\u00e9 en ligne. La population cible du dispositif EnCLASS est donc constitu\u00e9e de l\u2019ensemble des \u00e9l\u00e8ves de la sixi\u00e8me \u00e0 la terminale scolaris\u00e9s dans les \u00e9tablissements relevant du minist\u00e8re de l\u2019\u00c9ducation nationale, publics ou priv\u00e9s sous contrat. Au final, les questionnaires de 9 566 coll\u00e9giens et lyc\u00e9ens ont \u00e9t\u00e9 retenus.<\/p>\n<p style=\"text-align: justify;\">Outre la baisse de la consommation de tabac, les adolescents consomment \u00e9galement de moins en moins d\u2019alcool et de cannabis.<\/p>\n<h2 style=\"text-align: justify;\"><strong>Baisse importante de l\u2019exp\u00e9rimentation et de la consommation de tabac <\/strong><\/h2>\n<p style=\"text-align: justify;\">La consommation des produits du tabac a continu\u00e9 sa baisse en 2022 quel que soit l\u2019\u00e2ge ou le sexe. Chez les coll\u00e9giens (6<sup>e<\/sup> \u00e0 la 3<sup>e<\/sup>), l\u2019exp\u00e9rimentation du tabac est pass\u00e9 de 21,2% en 2018 \u00e0 11,4% en 2022. La consommation quotidienne est, quant \u00e0 elle, pass\u00e9e de 2,6 \u00e0 0,9%. La consommation de la chicha a elle aussi diminu\u00e9 chez les coll\u00e9giens, son exp\u00e9rimentation a \u00e9t\u00e9 r\u00e9duite de moiti\u00e9, passant de 21,5 % \u00e0 11,7 %, tandis que l\u2019usage r\u00e9cent (dans le mois) a \u00e9t\u00e9 divis\u00e9 par trois, chutant de 6,3 % \u00e0 2,1 % entre 2018 et 2022.<\/p>\n<p style=\"text-align: justify;\">Chez les lyc\u00e9ens (2<sup>nd<\/sup> \u00e0 la terminale), l&rsquo;exp\u00e9rimentation du tabac a, elle aussi, fortement diminu\u00e9, passant de 53% \u00e0 34%. La consommation quotidienne a \u00e9volu\u00e9 au cours de la p\u00e9riode \u00e9tudi\u00e9e de 17,5% \u00e0 6,2%. M\u00eame tendance pour la chicha dont l\u2019exp\u00e9rimentation est tomb\u00e9e de 41,7% \u00e0 28,2% et la consommation r\u00e9cente de 12,1% \u00e0 5%. Pour les auteurs de l\u2019enqu\u00eate, ces r\u00e9sultats rendent la perspective d\u2019une g\u00e9n\u00e9ration sans tabac atteignable, \u00e0 savoir une pr\u00e9valence inf\u00e9rieure \u00e0 5% chez les jeunes n\u00e9s en 2014 et parvenus \u00e0 l\u2019\u00e2ge adulte en 2032.<\/p>\n<h2 style=\"text-align: justify;\"><strong>Consommation quotidienne \u00e0 la hausse des produits du vapotage<\/strong><\/h2>\n<p style=\"text-align: justify;\">Les r\u00e9sultats montrent que 24,2% des lyc\u00e9ens ont d\u00e9clar\u00e9 vapoter au cours du dernier mois, contre 16,6% en 2018, la consommation quotidienne passe pour sa part de 2,8% \u00e0 3,8%. Au coll\u00e8ge, l\u2019usage quotidien de la cigarette \u00e9lectronique concerne d\u00e9sormais 1,4 % des coll\u00e9giens, soit une pr\u00e9valence \u00e9quivalente \u00e0 celle du tabagisme quotidien. L\u2019usage r\u00e9cent de ce produit augmente \u00e9galement continuellement chez les lyc\u00e9ens puisqu\u2019un quart a d\u00e9clar\u00e9 en avoir consomm\u00e9 dans le mois en 2022 contre 17% en 2018.<\/p>\n<p style=\"text-align: justify;\">Concernant l\u2019exp\u00e9rimentation, elle est pass\u00e9e de 52,1% \u00e0 44% chez les lyc\u00e9ens entre 2018 et 2022 et est rest\u00e9e stable chez les coll\u00e9giens (20%). Pour les auteurs, cette \u00e9volution est \u00e0 surveiller de pr\u00e8s ; <em>\u00ab Il y a peut-\u00eatre un transfert du tabac vers le vapotage, qui est vu comme plus moderne et marrant \u00bb <\/em>suppose Karine Gallopel-Morvan professeure \u00e0 l\u2019EHESP. La hausse de la consommation des produits du vapotage par les jeunes s\u2019explique par des campagnes publicitaires agressives d\u00e9ploy\u00e9es ces derni\u00e8res ann\u00e9es sur les lieux de vente et en ligne. Port\u00e9s par les ar\u00f4mes, de nombreuses offres promotionnelle et une forte accessibilit\u00e9, les produits du vapotage s\u00e9duisent les jeunes.<\/p>\n<h2 style=\"text-align: justify;\"><strong>Efficacit\u00e9 des politiques publiques de sant\u00e9 <\/strong><\/h2>\n<p style=\"text-align: justify;\">Cette baisse importante de la consommation de tabac chez les adolescents est la cons\u00e9quence directe des mesures antitabac fortes mises en place ces derni\u00e8res ann\u00e9es en France. Certaines mesures comme la hausse des prix, le d\u00e9veloppement des espaces sans tabac ou le paquet neutre ont des impacts directs sur les plus jeunes pour limiter l\u2019initiation.<\/p>\n<p style=\"text-align: justify;\">Si la France s\u2019illustre par une l\u00e9gislation antitabac forte et compl\u00e8te, il apparait n\u00e9cessaire que les mesures soient bien appliqu\u00e9es. Les r\u00e9sultats de l\u2019enqu\u00eate montre qu\u2019un tiers des lyc\u00e9ens a d\u00e9clar\u00e9 qu\u2019il \u00e9tait toujours tr\u00e8s facile de se procurer des cigarettes, une proportion allant jusqu\u2019\u00e0 41% chez les \u00e9l\u00e8ves mineurs de terminale. Des donn\u00e9es confort\u00e9es par les \u00e9tudes client-myst\u00e8res du Comit\u00e9 national contre le tabagisme qui montrent que deux tiers des buralistes vendent du tabac aux mineurs, facilitant de fait l\u2019accessibilit\u00e9 et l\u2019initiation de ce produit.<\/p>\n<p style=\"text-align: justify;\">Le nouveau Plan national de lutte contre le tabac, publi\u00e9 fin 2023 t\u00e9moigne de cette volont\u00e9 de s\u2019engager dans une g\u00e9n\u00e9ration sans tabac et sans nicotine dans les prochaines ann\u00e9es.<\/p>\n<p style=\"text-align: justify;\"><strong>Mots-cl\u00e9s : France, adolescents, coll\u00e9giens, lyc\u00e9ens, tabagisme, vapotage, g\u00e9n\u00e9ration sans tabac, antitabac, OFDT, EHESP<\/strong><\/p>\n<p><strong><a href=\"https:\/\/www.generationsanstabac.org\/\">\u00a9G\u00e9n\u00e9ration Sans Tabac<\/a><\/strong><\/p>\n<p style=\"text-align: right;\"><b><i>AE<\/i><\/b><\/p>\n<hr \/>\n<p style=\"text-align: justify;\"><a href=\"#_ftnref1\" name=\"_ftn1\">[1]<\/a> <a href=\"https:\/\/www.ofdt.fr\/publications\/collections\/resultats\/les-usages-de-substances-psychoactives-chez-les-collegiens-et-lyceens-resultats-enclass-2022\/\">Les usages de substances psychoactives chez les coll\u00e9giens et lyc\u00e9ens &#8211; R\u00e9sultats EnCLASS 2022<\/a>, OFDT, publi\u00e9 le 25 janvier 2024<\/p>\n<p><span style=\"color: #999999;\"><strong><a style=\"color: #999999;\" href=\"http:\/\/www.cnct.fr\/\" target=\"_blank\" rel=\"noopener noreferrer\">Comit\u00e9 national contre le tabagisme |<\/a><\/strong><\/span><\/p>\n","protected":false},"excerpt":{"rendered":"<p>Une enqu\u00eate publi\u00e9e ce jeudi 25 janvier montre que les \u00e9l\u00e8ves scolaris\u00e9s dans les \u00e9tablissements relevant du minist\u00e8re de l\u2019Education nationale sont de moins en moins nombreux \u00e0 exp\u00e9rimenter et consommer du tabac. 8,2% des \u00e9l\u00e8ves de terminale ont d\u00e9clar\u00e9 \u00eatre des fumeurs quotidiens en 2022 contre 21,5% en 2018. Des r\u00e9sultats tr\u00e8s encourageants qui rendent envisageable une g\u00e9n\u00e9ration sans tabac d\u2019ici 2032<\/p>\n","protected":false},"featured_media":11928,"template":"","tags":[],"thematique":[474],"class_list":["post-21339","actualites","type-actualites","status-publish","has-post-thumbnail","hentry","thematique-sante"],"acf":[],"_links":{"self":[{"href":"https:\/\/www.generationsanstabac.org\/fr\/wp-json\/wp\/v2\/actualites\/21339","targetHints":{"allow":["GET"]}}],"collection":[{"href":"https:\/\/www.generationsanstabac.org\/fr\/wp-json\/wp\/v2\/actualites"}],"about":[{"href":"https:\/\/www.generationsanstabac.org\/fr\/wp-json\/wp\/v2\/types\/actualites"}],"version-history":[{"count":0,"href":"https:\/\/www.generationsanstabac.org\/fr\/wp-json\/wp\/v2\/actualites\/21339\/revisions"}],"wp:featuredmedia":[{"embeddable":true,"href":"https:\/\/www.generationsanstabac.org\/fr\/wp-json\/wp\/v2\/media\/11928"}],"wp:attachment":[{"href":"https:\/\/www.generationsanstabac.org\/fr\/wp-json\/wp\/v2\/media?parent=21339"}],"wp:term":[{"taxonomy":"post_tag","embeddable":true,"href":"https:\/\/www.generationsanstabac.org\/fr\/wp-json\/wp\/v2\/tags?post=21339"},{"taxonomy":"thematique","embeddable":true,"href":"https:\/\/www.generationsanstabac.org\/fr\/wp-json\/wp\/v2\/thematique?post=21339"}],"curies":[{"name":"wp","href":"https:\/\/api.w.org\/{rel}","templated":true}]}}