{"id":21335,"date":"2024-01-31T15:25:46","date_gmt":"2024-01-31T14:25:46","guid":{"rendered":"https:\/\/www.generationsanstabac.org\/actualites\/apres-les-cigarettes-electroniques-espagne-interdit-les-aromes-dans-le-tabac-chauffe\/"},"modified":"2024-01-31T15:25:46","modified_gmt":"2024-01-31T14:25:46","slug":"apres-les-cigarettes-electroniques-espagne-interdit-les-aromes-dans-le-tabac-chauffe","status":"publish","type":"actualites","link":"https:\/\/www.generationsanstabac.org\/fr\/actualites\/apres-les-cigarettes-electroniques-espagne-interdit-les-aromes-dans-le-tabac-chauffe\/","title":{"rendered":"L&rsquo;Espagne interdit les ar\u00f4mes dans le tabac chauff\u00e9"},"content":{"rendered":"<p style=\"text-align: justify;\"><em>Un d\u00e9cret vient d\u2019interdire la pr\u00e9sence d\u2019ar\u00f4mes dans les produits du tabac chauff\u00e9, ainsi que dans les accessoires du tabac fum\u00e9 (filtres, feuilles, emballage ou capsules) en Espagne. L\u2019un des principaux attraits de ces produits pour les jeunes non-fumeurs dispara\u00eet.  <\/em><\/p>\n<p style=\"text-align: justify;\">En vue d\u2019atteindre une g\u00e9n\u00e9ration sans tabac en 2030, l\u2019Espagne a adopt\u00e9 des mesures plus restrictives concernant les produits de tabac. L\u2019interdiction des ar\u00f4mes vient d\u2019\u00eatre act\u00e9e pour les produits de tabac chauff\u00e9<a href=\"#_ftn2\" name=\"_ftnref2\">[2]<\/a> mais \u00e9galement pour les accessoires du tabac fum\u00e9. L\u2019interdiction des ar\u00f4mes dans les produits de tabac chauff\u00e9 correspond \u00e0 la transposition d\u2019une <a href=\"https:\/\/www.generationsanstabac.org\/actualites\/lunion-europeenne-interdit-les-aromes-dans-le-tabac-chauffe\/\">directive europ\u00e9enne<\/a> de 2022. La mesure prendra effet sous trois mois, apr\u00e8s validation par le conseil des ministres et publication au journal officiel.<\/p>\n<h2 style=\"text-align: justify;\"><strong>Les produits de tabac chauff\u00e9 assimil\u00e9s aux autres produits du tabac<\/strong><\/h2>\n<p style=\"text-align: justify;\">Parmi les mesures d\u2019accompagnement de ce d\u00e9cret, les ar\u00f4mes sont \u00e9galement interdits dans les accessoires de tabac fum\u00e9 (filtres, feuilles, emballage, capsules). En incluant ces accessoires du tabac fum\u00e9, le gouvernement espagnol cherche notamment \u00e0 contrer les <a href=\"https:\/\/www.generationsanstabac.org\/actualites\/les-strategies-de-lindustrie-du-tabac-pour-contourner-linterdiction-du-menthol-aux-etats-unis\/\">tentatives de contournement<\/a> de la l\u00e9gislation par les industriels du tabac.<\/p>\n<p style=\"text-align: justify;\">Les produits de tabac chauff\u00e9 devront par ailleurs porter les avertissements sanitaires des produits du tabac, indiquant qu\u2019ils sont <a href=\"https:\/\/www.generationsanstabac.org\/actualites\/philip-morris-deboute-de-son-recours-concernant-les-avertissements-sanitaires-sur-le-tabac-chauffe\/\">des produits nocifs<\/a> pour la sant\u00e9. Une \u00e9tude espagnole publi\u00e9e en 2022 pointait en effet le d\u00e9veloppement des ventes de b\u00e2tonnets pour le tabac chauff\u00e9 IQOS du fabricant Philip Morris alors qu\u2019une diminution des ventes de cigarettes conventionnelles \u00e9tait enregistr\u00e9e en Espagne<a href=\"#_ftn3\" name=\"_ftnref3\">[3]<\/a>. Cette \u00e9tude sugg\u00e9rait de mieux contr\u00f4ler les messages des industriels du tabac selon lesquels le tabac chauff\u00e9 serait moins nocif que les cigarettes conventionnelles.<\/p>\n<p style=\"text-align: justify;\">Assimilant leurs dispositifs de tabac chauff\u00e9 aux cigarettes \u00e9lectroniques, les fabricants estiment que l\u2019a\u00e9rosol produit par le tabac chauff\u00e9 n\u2019est pas aussi toxique que la fum\u00e9e de cigarette classique. La pyrolyse du tabac chauff\u00e9 produit cependant une combustion incompl\u00e8te, qui apparente cet a\u00e9rosol \u00e0 la fum\u00e9e de cigarette. Une \u00e9tude a ainsi montr\u00e9 que l\u2019a\u00e9rosol \u00e9mis par ce dispositif peut se r\u00e9v\u00e9ler <a href=\"https:\/\/www.generationsanstabac.org\/actualites\/le-tabac-chauffe-au-moins-aussi-nocif-que-la-cigarette-sur-les-plans-respiratoire-et-cardiovasculaire\/\">aussi nocif<\/a> que les cigarettes sur les plans respiratoire et cardiovasculaire<a href=\"#_ftn4\" name=\"_ftnref4\">[4]<\/a>.<\/p>\n<p style=\"text-align: justify;\">Certains pays d\u00e9cident d&rsquo;aller plus loin et envisagent d&rsquo;interdire les ar\u00f4mes pour les produits du vapotage. Des interdictions ont d\u00e9j\u00e0 vu le jour au Canada, aux Pays-Bas et au Danemark, et sont pr\u00e9vus en Irlande, au Royaume-Uni et aux Etats-Unis. En France, le Comit\u00e9 national contre le tabagisme (CNCT) appelle \u00e9galement \u00e0 restreindre les ar\u00f4mes pour les produits du vapotage \u00e0 la seule saveur tabac. Les industriels du tabac et du vapotage entretiennent de leur c\u00f4t\u00e9 un lobbying intensif pour \u00e9viter cette restriction<a href=\"#_ftn5\" name=\"_ftnref5\">[5]<\/a>.<\/p>\n<p>&nbsp;<\/p>\n<p><strong><em>Version modifi\u00e9e le 31 janvier 2024. <\/em><\/strong><\/p>\n<p>&nbsp;<\/p>\n<p style=\"text-align: justify;\"><strong>Mots-cl\u00e9s : Espagne, ar\u00f4mes, tabac chauff\u00e9, avertissements sanitaires<\/strong><\/p>\n<p><strong><a href=\"https:\/\/www.generationsanstabac.org\/\">\u00a9G\u00e9n\u00e9ration Sans Tabac<\/a><\/strong><\/p>\n<p style=\"text-align: right;\"><strong><em>MF<\/em><\/strong><\/p>\n<hr \/>\n<p style=\"text-align: justify;\"><a href=\"#_ftnref1\" name=\"_ftn1\">[1]<\/a> <a href=\"https:\/\/murciatoday.com\/spain-bans-flavoured-e_cigarettes_2284295-a.html\"><em>Spain bans flavoured e-cigarettes<\/em><\/a>, Murcia Today, publi\u00e9 le 14 novembre 2023, consult\u00e9 le 17 janvier 2024<\/p>\n<p style=\"text-align: justify;\"><a href=\"#_ftnref2\" name=\"_ftn2\">[2]<\/a> <a href=\"https:\/\/www.catalannews.com\/society-science\/item\/spain-to-ban-flavored-heated-tobacco-products\"><em>Spain bans flavored heated tobacco products<\/em><\/a>, Catalan News, publi\u00e9 le 16 janvier 2024, consult\u00e9 le 17 janvier 2024.<\/p>\n<p style=\"text-align: justify;\"><a href=\"#_ftnref3\" name=\"_ftn3\">[3]<\/a> Golpea A, Marti\u0301n-A\u0301lvarezb J, Galianob A, Asensio E, <a href=\"https:\/\/www.gacetasanitaria.org\/en-effect-iqos-introduction-on-philip-articulo-S021391112200005X\"><em>Effect of IQOS introduction on Philip Morris International cigarette sales in Spain: a Logarithmic Mean Divisa Index decomposition approach<\/em><\/a>, Gaceta Sanitaria, 2022;36(4):293\u2013300.<\/p>\n<p style=\"text-align: justify;\"><a href=\"#_ftnref4\" name=\"_ftn4\">[4]<\/a> Goebel I, Mohr T, Axt PN, Watz H, Trinkmann F, Weckmann M, Dro\u0308mann D, Franzen KF, <a href=\"https:\/\/www.mdpi.com\/2305-6304\/11\/9\/758\"><em>Impact of Heated Tobacco Products, E-Cigarettes, and Combustible Cigarettes on Small Airways and Arterial Stiffness<\/em><\/a>. Toxics 2023,11,758.<\/p>\n<p style=\"text-align: justify;\"><a href=\"#_ftnref5\" name=\"_ftn5\">[5]<\/a> <a href=\"https:\/\/www.francetvinfo.fr\/sante\/drogue-addictions\/interdiction-des-aromes-dans-les-produits-de-vapotage-la-federation-de-la-vape-est-sous-le-choc-de-cette-demande_5656664.html\"><em>Interdiction des ar\u00f4mes dans les produits de vapotage : la f\u00e9d\u00e9ration de la vape est \u00ab\u00a0sous le choc\u00a0\u00bb de cette demande<\/em><\/a>, France Info, publi\u00e9 le 13 f\u00e9vrier 2023, consult\u00e9 le 17 janvier 2024.<\/p>\n<p><span style=\"color: #999999;\"><strong><a style=\"color: #999999;\" href=\"http:\/\/www.cnct.fr\/\" target=\"_blank\" rel=\"noopener noreferrer\">Comit\u00e9 national contre le tabagisme |<\/a><\/strong><\/span><\/p>\n","protected":false},"excerpt":{"rendered":"<p>Un d\u00e9cret vient d\u2019interdire la pr\u00e9sence d\u2019ar\u00f4mes dans les produits du tabac chauff\u00e9, ainsi que dans les accessoires du tabac fum\u00e9 (filtres, feuilles, emballage ou capsules) en Espagne. Fin 2023, le gouvernement avait d\u00e9j\u00e0 interdit les ar\u00f4mes dans les cigarettes \u00e9lectroniques et les e-liquides. L\u2019un des principaux attraits de ces produits pour les jeunes non-fumeurs dispara\u00eet. <\/p>\n","protected":false},"featured_media":11920,"template":"","tags":[],"thematique":[516],"class_list":["post-21335","actualites","type-actualites","status-publish","has-post-thumbnail","hentry","thematique-nouveaux-produits"],"acf":[],"_links":{"self":[{"href":"https:\/\/www.generationsanstabac.org\/fr\/wp-json\/wp\/v2\/actualites\/21335","targetHints":{"allow":["GET"]}}],"collection":[{"href":"https:\/\/www.generationsanstabac.org\/fr\/wp-json\/wp\/v2\/actualites"}],"about":[{"href":"https:\/\/www.generationsanstabac.org\/fr\/wp-json\/wp\/v2\/types\/actualites"}],"version-history":[{"count":0,"href":"https:\/\/www.generationsanstabac.org\/fr\/wp-json\/wp\/v2\/actualites\/21335\/revisions"}],"wp:featuredmedia":[{"embeddable":true,"href":"https:\/\/www.generationsanstabac.org\/fr\/wp-json\/wp\/v2\/media\/11920"}],"wp:attachment":[{"href":"https:\/\/www.generationsanstabac.org\/fr\/wp-json\/wp\/v2\/media?parent=21335"}],"wp:term":[{"taxonomy":"post_tag","embeddable":true,"href":"https:\/\/www.generationsanstabac.org\/fr\/wp-json\/wp\/v2\/tags?post=21335"},{"taxonomy":"thematique","embeddable":true,"href":"https:\/\/www.generationsanstabac.org\/fr\/wp-json\/wp\/v2\/thematique?post=21335"}],"curies":[{"name":"wp","href":"https:\/\/api.w.org\/{rel}","templated":true}]}}