{"id":21320,"date":"2024-01-12T07:50:42","date_gmt":"2024-01-12T06:50:42","guid":{"rendered":"https:\/\/www.generationsanstabac.org\/actualites\/cote-ivoire-femmes-juristes-formees-controle-tabac\/"},"modified":"2025-01-16T15:42:20","modified_gmt":"2025-01-16T14:42:20","slug":"cote-ivoire-femmes-juristes-formees-controle-tabac","status":"publish","type":"actualites","link":"https:\/\/www.generationsanstabac.org\/fr\/actualites\/cote-ivoire-femmes-juristes-formees-controle-tabac\/","title":{"rendered":"C\u00f4te d\u2019Ivoire : des femmes juristes form\u00e9es au contr\u00f4le du tabac"},"content":{"rendered":"<p style=\"text-align: justify\"><em>L\u2019association des femmes juristes de C\u00f4te d\u2019Ivoire (AFJCI) et l\u2019organisation am\u00e9ricaine Campaign for Tobacco-Free Kids (CTFK) ont organis\u00e9 un atelier de trois jours sur le renforcement de capacit\u00e9s des juristes dans le domaine des politiques publiques et du droit du tabac. <\/em><\/p>\n<p style=\"text-align: justify\">C\u2019est la premi\u00e8re fois que l\u2019AFJCI s\u2019int\u00e9resse sp\u00e9cifiquement \u00e0 ce sujet du tabac. L&rsquo;atelier a \u00e9t\u00e9 con\u00e7u pour renforcer les capacit\u00e9s notamment juridiques d\u2019un groupe de juristes du pays qui rejoindront les r\u00e9seaux de lutte antitabac existants en C\u00f4te d\u2019Ivoire et \u00e0 l\u2019international. Cette formation s\u2019inscrit dans le cadre de la coop\u00e9ration d\u00e9ploy\u00e9e entre les acteurs des diff\u00e9rents pays en mati\u00e8re de lutte contre le tabagisme.<\/p>\n<p style=\"text-align: justify\">CTFK propose de mani\u00e8re plus globale des programmes de formation \u00e0 l\u2019attention de juristes de pays en d\u00e9veloppement. Ceux-ci portent sur le contr\u00f4le du tabac en g\u00e9n\u00e9ral avec les diff\u00e9rentes dispositions \u00e9prouv\u00e9es ainsi que sur le contentieux et la jurisprudence de r\u00e9f\u00e9rence dans ce domaine. Lanc\u00e9 pour la premi\u00e8re fois en 2021 dans les pays anglophones, le programme d\u2019\u00e9tude s\u2019est poursuivi en 2023 dans les pays d\u2019Afrique francophone dans le cadre d\u2019un partenariat avec l\u2019Alliance pour le contr\u00f4le du tabac en Afrique (ATCA), le Comit\u00e9 national contre le tabagisme (CNCT) en France et l\u2019institut de droit O Neil pour la sant\u00e9 publique de l\u2019Universit\u00e9 Georgetown de Washington.<\/p>\n<h2 style=\"text-align: justify\"><strong>Faire conna\u00eetre et appliquer les mesures protectrices de lutte antitabac<\/strong><\/h2>\n<p style=\"text-align: justify\">Pour la pr\u00e9sidente de l\u2019association, Me Francine Aka<a href=\"#_ftn1\" name=\"_ftnref1\">[1]<\/a>, il \u00e9tait important que les membres de l&rsquo;association soient inform\u00e9es et form\u00e9es sur cette th\u00e9matique ainsi que l\u2019ensemble des juristes avec lesquelles l\u2019association travaille. Elle ajoute que cette formation permettra aux juristes de prendre en compte les textes existants sur le contr\u00f4le du tabac afin de mieux les faire conna\u00eetre et appliquer, en particulier la Convention-Cadre pour la lutte antitabac de l\u2019OMS que le pays a ratifi\u00e9 et la loi nationale 2019-676 du 23 juillet 2019 relative \u00e0 la lutte antitabac en C\u00f4te d\u2019Ivoire.<\/p>\n<p style=\"text-align: justify\">Si la C\u00f4te d\u2019Ivoire a fait des progr\u00e8s r\u00e9cemment en mati\u00e8re de lutte contre le tabagisme, le <a href=\"https:\/\/files.tobaccoatlas.org\/wp-content\/uploads\/pdf\/cote-divoire-country-facts-en.pdf\">taux de pr\u00e9valence<\/a> tabagique est estim\u00e9 \u00e0 plus de 14 % de la population totale, avec une progression inqui\u00e9tante chez les jeunes (19% des 13 \u2013 15 ans sont fumeurs selon l\u2019OMS). Le pays reste \u00e9galement perm\u00e9able au lobby de l\u2019industrie du tabac selon le dernier Indice sur l\u2019ing\u00e9rence de l\u2019industrie du tabac en C\u00f4te d\u2019Ivoire<a href=\"#_ftn2\" name=\"_ftnref2\">[2]<\/a>.<\/p>\n<h2 style=\"text-align: justify\"><strong>Anticiper les recours intent\u00e9s par l\u2019industrie du tabac contre les mesures de sant\u00e9<\/strong><\/h2>\n<p style=\"text-align: justify\">Cette formation permet \u00e9galement aux juristes d\u2019anticiper les potentiels proc\u00e8s intent\u00e9s par l\u2019industrie du tabac et de contrer efficacement les arguments avanc\u00e9s par cette derni\u00e8re. En effet, d\u00e9but 2022<a href=\"#_ftn3\" name=\"_ftnref3\">[3]<\/a>, le Conseil des ministres a adopt\u00e9 un d\u00e9cret sur les modalit\u00e9s d\u2019application des avertissements sanitaires dans le cadre du conditionnement et de l\u2019\u00e9tiquetage des produits du tabac. La C\u00f4te d\u2019Ivoire deviendra ainsi le premier pays d\u2019Afrique et le 20e au monde \u00e0 exiger un emballage neutre pour les produits du tabac. Le paquet neutre, accompagn\u00e9 d\u2019un arsenal d\u2019autres mesures (espaces sans tabac, interdiction de la publicit\u00e9, hausse des taxes, interdiction des ar\u00f4mes, etc.) est un puissant outil de sant\u00e9 publique.<\/p>\n<p style=\"text-align: justify\">L\u2019emballage reste un outil marketing d\u00e9terminant pour l\u2019industrie du tabac et les attaques de celle-ci sont intenses dans l\u2019ensemble des pays ayant souhait\u00e9 mettre en place un paquet neutre pour les produits du tabac. L\u2019argument de l\u2019inefficacit\u00e9 de la mesure reste toujours avanc\u00e9 est en d\u00e9pit des nombreuses \u00e9tudes scientifiques qui prouvent le contraire. Le paquet neutre permet en effet de r\u00e9duire l\u2019attractivit\u00e9 des produits du tabac, il permet une meilleure lisibilit\u00e9 des avertissements sanitaires et contribue \u00e0 d\u00e9normaliser la consommation tabac.<\/p>\n<p style=\"text-align: justify\"><strong>Mots-cl\u00e9s : C\u00f4te d\u2019Ivoire, Afrique, formation, juristes, femmes, contr\u00f4le du tabac, contentieux, paquet neutre, r\u00e9glementation, proc\u00e8s<\/strong><\/p>\n<p><strong><a href=\"https:\/\/www.generationsanstabac.org\/\">\u00a9G\u00e9n\u00e9ration Sans Tabac<\/a><\/strong><\/p>\n<p style=\"text-align: right\"><strong><em>AE<\/em><\/strong><\/p>\n<hr \/>\n<p style=\"text-align: justify\"><a href=\"#_ftnref1\" name=\"_ftn1\">[1]<\/a> Donald GONLI,<a href=\"https:\/\/www.linfodrome.com\/societe\/93717-lutte-anti-tabac-les-femmes-juristes-se-forment\"> Lutte antitabac : les femmes juristes se forment<\/a>, L&rsquo;infodrome, publi\u00e9 le 7 janvier 2024, consult\u00e9 le 8 janvier 2024<\/p>\n<p style=\"text-align: justify\"><a href=\"#_ftnref2\" name=\"_ftn2\">[2]<\/a> <a href=\"https:\/\/atca-africa.org\/fr\/presentation-dun-rapport-sur-lindice-dingerence-de-lindustrie-du-tabac-en-cote-divoire\/\">Pr\u00e9sentation d\u2019un rapport sur l\u2019indice d\u2019ing\u00e9rence de l\u2019industrie du tabac en C\u00f4te d\u2019Ivoire<\/a>, ATCA<\/p>\n<p style=\"text-align: justify\"><a href=\"#_ftnref3\" name=\"_ftn3\">[3]<\/a> G\u00e9n\u00e9ration sans tabac, <a href=\"https:\/\/www.generationsanstabac.org\/actualites\/cote-d-ivoire-premier-pays-africain-instaurer-le-paquet-neutre\/\">La C\u00f4te d\u2019Ivoire devrait \u00eatre le premier pays africain \u00e0 instaurer le paquet neutre<\/a>, publi\u00e9 le 31 janvier 2023, consult\u00e9 le 8 janvier 2024<\/p>\n<p><span style=\"color: #999999\"><strong><a style=\"color: #999999\" href=\"http:\/\/www.cnct.fr\/\" target=\"_blank\" rel=\"noopener noreferrer\">Comit\u00e9 national contre le tabagisme |<\/a><\/strong><\/span><\/p>\n","protected":false},"excerpt":{"rendered":"<p>L\u2019association des femmes juristes de C\u00f4te d\u2019Ivoire (AFJCI) et l\u2019organisation am\u00e9ricaine Campaign for Tobacco-Free Kids (CTFK) ont organis\u00e9 un atelier de trois jours sur le renforcement de capacit\u00e9s des juristes dans le domaine des politiques publiques et du droit du tabac.<\/p>\n","protected":false},"featured_media":21321,"template":"","tags":[],"thematique":[502,565],"class_list":["post-21320","actualites","type-actualites","status-publish","has-post-thumbnail","hentry","thematique-justice","thematique-sensibilisation"],"acf":[],"_links":{"self":[{"href":"https:\/\/www.generationsanstabac.org\/fr\/wp-json\/wp\/v2\/actualites\/21320","targetHints":{"allow":["GET"]}}],"collection":[{"href":"https:\/\/www.generationsanstabac.org\/fr\/wp-json\/wp\/v2\/actualites"}],"about":[{"href":"https:\/\/www.generationsanstabac.org\/fr\/wp-json\/wp\/v2\/types\/actualites"}],"version-history":[{"count":0,"href":"https:\/\/www.generationsanstabac.org\/fr\/wp-json\/wp\/v2\/actualites\/21320\/revisions"}],"wp:featuredmedia":[{"embeddable":true,"href":"https:\/\/www.generationsanstabac.org\/fr\/wp-json\/wp\/v2\/media\/21321"}],"wp:attachment":[{"href":"https:\/\/www.generationsanstabac.org\/fr\/wp-json\/wp\/v2\/media?parent=21320"}],"wp:term":[{"taxonomy":"post_tag","embeddable":true,"href":"https:\/\/www.generationsanstabac.org\/fr\/wp-json\/wp\/v2\/tags?post=21320"},{"taxonomy":"thematique","embeddable":true,"href":"https:\/\/www.generationsanstabac.org\/fr\/wp-json\/wp\/v2\/thematique?post=21320"}],"curies":[{"name":"wp","href":"https:\/\/api.w.org\/{rel}","templated":true}]}}