{"id":21319,"date":"2024-01-11T09:00:55","date_gmt":"2024-01-11T08:00:55","guid":{"rendered":"https:\/\/www.generationsanstabac.org\/actualites\/des-universites-entierement-sans-tabac-en-tunisie\/"},"modified":"2024-01-11T09:00:55","modified_gmt":"2024-01-11T08:00:55","slug":"des-universites-entierement-sans-tabac-en-tunisie","status":"publish","type":"actualites","link":"https:\/\/www.generationsanstabac.org\/fr\/actualites\/des-universites-entierement-sans-tabac-en-tunisie\/","title":{"rendered":"Des universit\u00e9s enti\u00e8rement sans tabac en Tunisie"},"content":{"rendered":"<p style=\"text-align: justify;\"><em>Depuis le 2 janvier 2024, il est interdit de fumer dans tous les locaux des \u00e9tablissements universitaires de Tunisie. Plusieurs actions d\u2019aide au sevrage tabagique et de sensibilisation accompagnent cette interdiction. Cette mesure rappelle l\u2019importance de pr\u00e9server du tabagisme, actif comme passif, les jeunes et les lieux d\u2019enseignement.<\/em><\/p>\n<p style=\"text-align: justify;\">C\u2019est \u00e0 l\u2019occasion de la Journ\u00e9e mondiale sans tabac, le 31 mai 2023, que fut sign\u00e9e en Tunisie une charte pour la lutte antitabac. La cheffe du gouvernement avait alors rassembl\u00e9 neuf de ses ministres pour mettre en place une coordination multisectorielle de la lutte antitabac<a href=\"#_ftn1\" name=\"_ftnref1\">[1]<\/a>. Il s\u2019agissait notamment de mettre la Tunisie en accord avec les directives de la Convention-cadre pour la lutte antitabac (<a href=\"https:\/\/iris.who.int\/bitstream\/handle\/10665\/42812\/9242591017.pdf\">CCLAT<\/a>) de l\u2019Organisation Mondiale de la Sant\u00e9 (OMS), et d\u2019acter des mesures concr\u00e8tes. Avec 13 200 d\u00e9c\u00e8s lui \u00e9tant attribu\u00e9s en 2019, le tabagisme repr\u00e9sente en effet 20 % des causes de mortalit\u00e9 en Tunisie et p\u00e8se sur le d\u00e9veloppement \u00e9conomique du pays.<\/p>\n<p style=\"text-align: justify;\">L\u2019une de ces mesures a fait l\u2019objet d\u2019une circulaire parue le 24 ao\u00fbt 2023. Celle-ci vise \u00e0  faire appliquer l\u2019interdiction de fumer dans tous les \u00e9tablissements universitaires de Tunisie et est entr\u00e9e en vigueur le 2 janvier 2024<a href=\"#_ftn2\" name=\"_ftnref2\">[2]<\/a>. Un <a href=\"http:\/\/www.otaf.info\/files\/public\/docs\/legislation\/tun-19981116-decret-98-2248.pdf\">d\u00e9cret de novembre 1998<\/a> interdit en effet de fumer dans les lieux d\u2019enseignement, mais \u00e9tait peu appliqu\u00e9 et autorisait des espaces r\u00e9serv\u00e9s aux fumeurs.<\/p>\n<h2 style=\"text-align: justify;\"><strong>L\u2019interdiction de fumer s\u2019applique \u00e0 l\u2019ensemble des locaux universitaires<\/strong><\/h2>\n<p style=\"text-align: justify;\">L\u2019interdiction de fumer concerne l\u2019ensemble des lieux des universit\u00e9s tunisiennes, au sein de l\u2019enceinte qu\u2019il s\u2019agisse de l\u2019int\u00e9rieur des locaux ou \u00e0 l\u2019ext\u00e9rieur de ceux-ci. Bureaux, salles de cours, salles de r\u00e9union, laboratoires, restaurants universitaires, mais aussi couloirs, halls, toilettes, jardins et foyers sont express\u00e9ment d\u00e9sign\u00e9s comme des lieux sans tabac. Des panneaux d\u2019interdiction de fumer doivent \u00eatre install\u00e9s de mani\u00e8re visible et en nombre suffisant. Les contrevenants s\u2019exposent d\u2019une part \u00e0 des sanctions disciplinaires, d\u2019autre part aux sanctions p\u00e9nales pr\u00e9vues par la <a href=\"http:\/\/www.otaf.info\/files\/public\/docs\/legislation\/tun-19980223-loi-98-17.pdf\">loi du 23 f\u00e9vrier 1998<\/a>. Les cigarettes \u00e9lectroniques, dont l\u2019usage est pourtant en croissance en Afrique du Nord, ne sont pas mentionn\u00e9es dans cette mesure et semblent peu r\u00e9glement\u00e9es en Tunisie<a href=\"#_ftn3\" name=\"_ftnref3\">[3]<\/a>.<\/p>\n<p style=\"text-align: justify;\">En parall\u00e8le de cette mesure de protection des \u00e9tudiants et des personnels universitaires \u00e0 l\u2019\u00e9gard des risques du tabagisme passif, des campagnes de sensibilisation sur les risques de cette exposition au tabagisme passif et d\u2019incitation \u00e0 l\u2019arr\u00eat du tabac vont \u00eatre d\u00e9ploy\u00e9es. Des \u00e9v\u00e9nements seront organis\u00e9s par les clubs culturels dans les locaux universitaires pour sensibiliser le public. Des s\u00e9minaires et des manifestations scientifiques, organis\u00e9s en collaboration avec la m\u00e9decine scolaire et universitaire, devraient les relayer.<\/p>\n<h2 style=\"text-align: justify;\"><strong>Les universit\u00e9s, lieux qui devraient \u00eatre, par principe, sans tabac<\/strong><\/h2>\n<p style=\"text-align: justify;\">Une \u00e9tude publi\u00e9e en 2022 avait indiqu\u00e9 que <a href=\"https:\/\/www.generationsanstabac.org\/actualites\/tabac-et-jeunes-la-situation-alarmante-de-la-tunisie\/\">les trois quarts<\/a> des jeunes Tunisiens \u00e9taient expos\u00e9s au tabagisme passif, y compris au sein des \u00e9tablissements d\u2019enseignement<a href=\"#_ftn4\" name=\"_ftnref4\">[4]<\/a>. En juin 2023, Hatem Bouzaiene, pr\u00e9sident de l&rsquo;Alliance tunisienne contre le tabac, indiquait que 30 % des mineurs et 50 % des hommes sont fumeurs, faisant de la Tunisie l\u2019un des pays arabes les plus fumeurs<a href=\"#_ftn5\" name=\"_ftnref5\">[5]<\/a>. Avec tous les autres lieux d\u2019enseignement, les \u00e9tablissements universitaires font pourtant partie des sites identifi\u00e9s par le d\u00e9cret de novembre 1998 comme devant \u00eatre sans tabac. Les universit\u00e9s sont par ailleurs des lieux de travail et doivent prot\u00e9ger l\u2019ensemble de leurs salari\u00e9s, bien au-del\u00e0 des salles de cours.<\/p>\n<p style=\"text-align: justify;\">Une des nouveaut\u00e9s de cette mesure est d\u2019inclure les espaces ext\u00e9rieurs et non couverts des universit\u00e9s. L\u2019inclusion de lieux ext\u00e9rieurs dans le champ de l\u2019interdiction de fumer se multiplie dans de nombreux pays. En France, les initiatives <a href=\"https:\/\/www.generationsanstabac.org\/actualites\/thionville-ville-sans-tabac-de-la-maternelle-au-lycee\/\">municipales<\/a> se sont d\u00e9velopp\u00e9es au cours de ces derni\u00e8res ann\u00e9es en particulier aux abords des \u00e9tablissements scolaires. Sur la base de ces exp\u00e9riences locales, une g\u00e9n\u00e9ralisation de cette interdiction de fumer aux abords de l\u2019ensemble des \u00e9tablissements scolaires a ainsi \u00e9t\u00e9 int\u00e9gr\u00e9e dans le nouveau Programme national de lutte contre le tabac 2023-2027 (PNLT), publi\u00e9 en <a href=\"https:\/\/www.generationsanstabac.org\/actualites\/france-nouveau-plan-antitabac-seduit-pas-pleinement-associations\/\">novembre 2023<\/a>.<\/p>\n<p style=\"text-align: justify;\"><strong>Mots-cl\u00e9s : Tunisie, universit\u00e9s, interdiction de fumer, tabagisme passif<\/strong><\/p>\n<p><strong><a href=\"https:\/\/www.generationsanstabac.org\/\">\u00a9G\u00e9n\u00e9ration Sans Tabac<\/a><\/strong><\/p>\n<p style=\"text-align: right;\"><strong><em>MF<\/em><\/strong><\/p>\n<hr \/>\n<p><a href=\"#_ftnref1\" name=\"_ftn1\">[1]<\/a> OMS-R\u00e9gion M\u00e9diterran\u00e9e orientale, <a href=\"https:\/\/www.emro.who.int\/fr\/tun\/tunisia-news\/31-mai-2023-dar-dhiafa-carthage.html\"><em>R\u00e9union du groupe minist\u00e9riel pour la lutte antitabac en Tunisie<\/em><\/a>, consult\u00e9 le 8 janvier 2024.<\/p>\n<p><a href=\"#_ftnref2\" name=\"_ftn2\">[2]<\/a> Ben Mansour L, <a href=\"https:\/\/www.yaluna.tn\/la-tunisie-adopte-des-mesures-strictes-pour-eradiquer-la-cigarette-dans-les-universites\/\"><em>La Tunisie adopte des mesures strictes pour \u00e9radiquer la cigarette dans les universit\u00e9s<\/em><\/a>, Yaluna, publi\u00e9 le 3 janvier 2024, consult\u00e9 le 8 janvier 2024.<\/p>\n<p><a href=\"#_ftnref3\" name=\"_ftn3\">[3]<\/a> Jirjees F, Dallal Bashi YH, Kharaba Z, Ahmadi K, Barakat M, AlObaidi H. <a href=\"https:\/\/www.ncbi.nlm.nih.gov\/pmc\/articles\/PMC10603825\/\"><em>Public awareness, prevalence, and regulations for the sale of electronic cigarettes in Arab countries: A narrative review.<\/em><\/a> Tob Induc Dis. 2023 Oct 27;21:143.<\/p>\n<p><a href=\"#_ftnref4\" name=\"_ftn4\">[4]<\/a> Ayedi Y, Harizi C, Skhiri A, Fakhfakh R. <a href=\"http:\/\/www.tobaccoinduceddiseases.org\/pdf-143994-72306?filename=Linking%20Global%20Youth.pdf\"><em>Linking Global Youth Tobacco Survey (GYTS) data to the WHO Framework Convention on Tobacco Control (FCTC): The case for Tunisia<\/em><\/a>. Tobacco Induced Diseases. 2022;20(January):7. doi:10.18332\/tid\/143994.<\/p>\n<p><a href=\"#_ftnref5\" name=\"_ftn5\">[5]<\/a> <a href=\"https:\/\/www.businessnews.com.tn\/article,520,129617,1\"><em>Tabagisme : des chiffres effrayants en ce qui concerne les enfants et les adolescents !<\/em><\/a>, Business News, publi\u00e9 le 2 juin 2023, consult\u00e9 le 8 janvier 2024<\/p>\n<p><span style=\"color: #999999;\"><strong><a style=\"color: #999999;\" href=\"http:\/\/www.cnct.fr\/\" target=\"_blank\" rel=\"noopener noreferrer\">Comit\u00e9 national contre le tabagisme |<\/a><\/strong><\/span><\/p>\n","protected":false},"excerpt":{"rendered":"<p>Depuis le 2 janvier 2024, il est interdit de fumer dans tous les locaux des \u00e9tablissements universitaires de Tunisie. Plusieurs actions d\u2019aide au sevrage tabagique et de sensibilisation accompagnent cette interdiction. Cette mesure rappelle l\u2019importance de pr\u00e9server du tabagisme, actif comme passif, les jeunes et les lieux d\u2019enseignement.<\/p>\n","protected":false},"featured_media":11901,"template":"","tags":[],"thematique":[480,474],"class_list":["post-21319","actualites","type-actualites","status-publish","has-post-thumbnail","hentry","thematique-environnement","thematique-sante"],"acf":[],"_links":{"self":[{"href":"https:\/\/www.generationsanstabac.org\/fr\/wp-json\/wp\/v2\/actualites\/21319","targetHints":{"allow":["GET"]}}],"collection":[{"href":"https:\/\/www.generationsanstabac.org\/fr\/wp-json\/wp\/v2\/actualites"}],"about":[{"href":"https:\/\/www.generationsanstabac.org\/fr\/wp-json\/wp\/v2\/types\/actualites"}],"version-history":[{"count":0,"href":"https:\/\/www.generationsanstabac.org\/fr\/wp-json\/wp\/v2\/actualites\/21319\/revisions"}],"wp:featuredmedia":[{"embeddable":true,"href":"https:\/\/www.generationsanstabac.org\/fr\/wp-json\/wp\/v2\/media\/11901"}],"wp:attachment":[{"href":"https:\/\/www.generationsanstabac.org\/fr\/wp-json\/wp\/v2\/media?parent=21319"}],"wp:term":[{"taxonomy":"post_tag","embeddable":true,"href":"https:\/\/www.generationsanstabac.org\/fr\/wp-json\/wp\/v2\/tags?post=21319"},{"taxonomy":"thematique","embeddable":true,"href":"https:\/\/www.generationsanstabac.org\/fr\/wp-json\/wp\/v2\/thematique?post=21319"}],"curies":[{"name":"wp","href":"https:\/\/api.w.org\/{rel}","templated":true}]}}