{"id":21317,"date":"2024-01-09T09:00:54","date_gmt":"2024-01-09T08:00:54","guid":{"rendered":"https:\/\/www.generationsanstabac.org\/actualites\/canada-les-acteurs-de-sante-appellent-a-interdire-la-vente-de-tabac-aux-personnes-nees-a-partir-de-2008\/"},"modified":"2024-01-09T09:00:54","modified_gmt":"2024-01-09T08:00:54","slug":"canada-les-acteurs-de-sante-appellent-a-interdire-la-vente-de-tabac-aux-personnes-nees-a-partir-de-2008","status":"publish","type":"actualites","link":"https:\/\/www.generationsanstabac.org\/fr\/actualites\/canada-les-acteurs-de-sante-appellent-a-interdire-la-vente-de-tabac-aux-personnes-nees-a-partir-de-2008\/","title":{"rendered":"Canada : les acteurs de sant\u00e9 appellent \u00e0 interdire la vente de tabac aux personnes n\u00e9es \u00e0 partir de 2008"},"content":{"rendered":"<p style=\"text-align: justify;\"><em>S\u2019inspirant du projet annul\u00e9 depuis peu en Nouvelle-Z\u00e9lande, les acteurs de sant\u00e9 publique demandent au gouvernement f\u00e9d\u00e9ral du Canada d\u2019envisager l\u2019interdiction de vendre du tabac \u2013 voire des cigarettes \u00e9lectroniques \u2013 aux personnes n\u00e9es \u00e0 partir du 1er janvier 2008. La r\u00e9duction du nombre de points de vente et le rel\u00e8vement de l\u2019\u00e2ge l\u00e9gal d\u2019achat \u00e0 21 ans sont \u00e9galement r\u00e9clam\u00e9s.<\/em><\/p>\n<p style=\"text-align: justify;\">Fin novembre 2023, le nouveau gouvernement n\u00e9o-z\u00e9landais annon\u00e7ait qu\u2019il suspendait le projet d\u2019une g\u00e9n\u00e9ration sans tabac <a href=\"https:\/\/www.generationsanstabac.org\/actualites\/revirement-de-la-nouvelle-zelande-sur-sa-politique-antitabac\/\">en Nouvelle-Z\u00e9lande<\/a>. Celui-ci pr\u00e9voyait d\u2019interdire la vente de tabac \u00e0 toute personne n\u00e9e \u00e0 partir du 1er janvier 2009.<\/p>\n<p style=\"text-align: justify;\">Ce revirement, orchestr\u00e9 par l\u2019industrie du tabac, n\u2019a toutefois pas entam\u00e9 la d\u00e9termination d\u2019autres acteurs de sant\u00e9 pour un projet semblable. <a href=\"https:\/\/www.generationsanstabac.org\/actualites\/langleterre-veut-interdire-la-vente-de-cigarettes-aux-personnes-nees-apres-2009\/\">L\u2019Angleterre<\/a> a ainsi int\u00e9gr\u00e9 une mesure de ce type dans la pr\u00e9sentation du nouveau plan de lutte contre le tabagisme, d\u00e9but octobre 2023.<\/p>\n<p style=\"text-align: justify;\">Au Canada, plusieurs voix se sont r\u00e9cemment \u00e9lev\u00e9es pour inviter le gouvernent f\u00e9d\u00e9ral \u00e0 \u00e9tudier s\u00e9rieusement la proposition d\u2019interdire la vente de tabac aux personnes n\u00e9es \u00e0 partir de 2008. Bien que la pr\u00e9valence tabagique se soit r\u00e9duite \u00e0 10 % de fumeurs quotidiens au Canada, 46 000 d\u00e9c\u00e8s dus au tabagisme sont encore d\u00e9nombr\u00e9s chaque ann\u00e9e dans ce pays. Chez les 12-18 ans, cette pr\u00e9valence tabagique \u00e9tait de 5,7 % en 2020 et permet donc d\u2019envisager une interdiction de vendre des produits du tabac \u00e0 toute une classe d\u2019\u00e2ge.<\/p>\n<h2 style=\"text-align: justify;\"><strong>Interdire l\u2019achat de tabac aux personnes n\u00e9es apr\u00e8s une certaine date<\/strong><\/h2>\n<p style=\"text-align: justify;\">Quelques jours apr\u00e8s l\u2019annonce du renoncement n\u00e9o-z\u00e9landais, Ottawa Public Health interpelait Health Canada sur ce th\u00e8me en proposant <em>\u00ab une approche similaire \u00bb<\/em><a href=\"#_ftn1\" name=\"_ftnref1\">[1]<\/a>. Le Dr Vera Etches, responsable des questions m\u00e9dicales \u00e0 Ottawa, argumentait notamment en indiquant que la Nouvelle-Z\u00e9lande et le Canada poursuivaient le m\u00eame objectif de r\u00e9duire la pr\u00e9valence tabagique \u00e0 5 % de la population \u2013 un objectif en fait aussi partag\u00e9 par plusieurs autres pays. Le Dr Etches estimait que d\u2019autres mesures qui \u00e9taient jusqu\u2019ici envisag\u00e9es en Nouvelle-Z\u00e9lande, comme les cigarettes \u00e0 teneur r\u00e9duite en nicotine ou la r\u00e9duction des points de vente de tabac, devraient \u00e9galement \u00eatre \u00e9tudi\u00e9es. Health Canada a r\u00e9pondu prendre en compte ces contributions dans sa prochaine r\u00e9vision de la loi sur les produits du tabac et du vapotage.<\/p>\n<p style=\"text-align: justify;\">D\u2019autres voix ont depuis abond\u00e9 dans ce sens. Andrew Pipe, un chercheur clinicien de l\u2019University of Ottawa Heart Institute, a invit\u00e9 Health Canada et le ministre f\u00e9d\u00e9ral de la Sant\u00e9 \u00e0 consid\u00e9rer cette mesure avec la plus grande attention. Rob Cunningham, juriste de la Soci\u00e9t\u00e9 Canadienne du Cancer, estime qu\u2019il faut aller plus loin en interdisant \u00e9galement la vente des cigarettes \u00e9lectroniques aux personnes n\u00e9es \u00e0 partir de 2008<a href=\"#_ftn2\" name=\"_ftnref2\">[2]<\/a>. Ces produits \u00e9tant cens\u00e9s faciliter le sevrage tabagique, celui-ci consid\u00e8re que ne pas les inclure dans une interdiction g\u00e9n\u00e9rationnelle des produits du tabac qui englobent les cigarettes \u00e9lectroniques au Canada pourrait offrir une faille, qu\u2019il faut donc combler. Le Canada est en effet actuellement un des pays o\u00f9 la pr\u00e9valence d\u2019usage des cigarettes \u00e9lectroniques est la plus \u00e9lev\u00e9e chez les jeunes. Rob Cunningham a \u00e9galement rappel\u00e9 la n\u00e9cessit\u00e9 de r\u00e9duire le nombre de d\u00e9taillants, pour les produits du tabac comme pour ceux du vapotage.<\/p>\n<p style=\"text-align: justify;\">Ces acteurs de sant\u00e9 s\u2019accordaient \u00e9galement pour r\u00e9clamer le rel\u00e8vement \u00e0 21 ans de l\u2019\u00e2ge l\u00e9gal auquel des produits du tabac et du vapotage peuvent \u00eatre vendus. A ce jour, l\u2019\u00cele du Prince-Edouard est la seule province \u00e0 avoir fix\u00e9 ce seuil ; au Qu\u00e9bec, en Alberta et au Monitoba, cet \u00e2ge-limite est encore de 18 ans, les autres provinces l\u2019ayant port\u00e9 \u00e0 19 ans.<\/p>\n<h2 style=\"text-align: justify;\"><strong>Les industriels du tabac redoutent une mesure de ce type <\/strong><\/h2>\n<p style=\"text-align: justify;\">La plupart des fumeurs ayant commenc\u00e9 \u00e0 fumer en \u00e9tant mineurs, l\u2019interdiction de vendre des produits du tabac \u00e0 partir d\u2019une certaine date de naissance appara\u00eet comme une mesure particuli\u00e8rement protectrice pour \u00e9viter l\u2019initiation au tabagisme, dans un pays o\u00f9 l\u2019effectivit\u00e9 des mesures est \u00e9lev\u00e9e. En touchant l\u2019ensemble d\u2019une classe d\u2019\u00e2ge, la radicalit\u00e9 de cette mesure ent\u00e9rine et renforce l\u2019actuelle interdiction de vendre du tabac aux mineurs.<\/p>\n<p style=\"text-align: justify;\">Ce type de mesure semble par ailleurs inqui\u00e9ter au plus haut point l\u2019industrie du tabac. Les reculs observ\u00e9s en Nouvelle-Z\u00e9lande et <a href=\"https:\/\/www.generationsanstabac.org\/actualites\/apres-la-nouvelle-zelande-la-malaisie-abandonne-une-politique-antitabac\/\">en Malaisie<\/a> sur cette th\u00e9matique indiquent de fortes interf\u00e9rences de la part des industriels. En Malaisie, dont le projet incluait \u00e9galement une limitation de vente des cigarettes \u00e9lectronique, la Malaysian Vapers Alliance, membre de la World Vapers\u2019 Alliance, aurait \u00e9t\u00e9 particuli\u00e8rement active pour obtenir le retrait de cette mesure<a href=\"#_ftn3\" name=\"_ftnref3\">[3]<\/a>.<\/p>\n<p style=\"text-align: justify;\">Au Royaume-Uni, les industriels du tabac ont fait savoir qu\u2019ils ne s\u2019opposeraient pas \u00e0 une interdiction de vente aux moins de 21 ans, si le projet d\u2019interdiction g\u00e9n\u00e9rationnelle \u00e9tait abandonn\u00e9<a href=\"#_ftn4\" name=\"_ftnref4\">[4]<\/a>. Ils laissent entendre qu\u2019une violente campagne d\u2019opinion serait lanc\u00e9e si le projet \u00e9tait retenu, une menace \u00e0 peine voil\u00e9e \u00e0 la veille d\u2019une ann\u00e9e \u00e9lectorale. Comme dans tous les pays, l\u2019argument d\u2019une explosion des cigarettes de contrebande est aussi avanc\u00e9 pour contrer toute mesure antitabac efficace. Le projet d\u2019une interdiction g\u00e9n\u00e9rationnelle para\u00eet donc une menace bien r\u00e9elle pour l\u2019industrie du tabac.<\/p>\n<p><strong><a href=\"https:\/\/www.generationsanstabac.org\/\">\u00a9G\u00e9n\u00e9ration Sans Tabac<\/a><\/strong><\/p>\n<p style=\"text-align: right;\"><strong><em>MF<\/em><\/strong><\/p>\n<hr \/>\n<p style=\"text-align: justify;\"><a href=\"#_ftnref1\" name=\"_ftn1\">[1]<\/a> White-Crummey A, <a href=\"https:\/\/www.cbc.ca\/news\/canada\/ottawa\/canada-smoking-age-law-ban-new-zealand-1.7042670\"><em>Ottawa Public Health urges tough anti-smoking policy that New Zealand is scrapping<\/em><\/a>, CBC News, publi\u00e9 le 30 novembre 2023, consult\u00e9 le 29 d\u00e9cembre 2023.<\/p>\n<p style=\"text-align: justify;\"><a href=\"#_ftnref2\" name=\"_ftn2\">[2]<\/a> Kirkup K, <a href=\"https:\/\/www.theglobeandmail.com\/politics\/article-canada-urged-to-consider-lifetime-ban-on-cigarette-sales-to-anyone\/\"><em>Canada urged to consider lifetime ban on cigarette sales to anyone born after 2008<\/em><\/a>, The Globe and Mail, publi\u00e9 le 27 d\u00e9cembre 2023, consult\u00e9 le 29 d\u00e9cembre 2023.<\/p>\n<p style=\"text-align: justify;\"><a href=\"#_ftnref3\" name=\"_ftn3\">[3]<\/a> <a href=\"https:\/\/tobaccotactics.org\/article\/tobacco-industry-interference-with-endgame-policies\/\"><em>Tobacco Industry Interference with Endgame Policies<\/em><\/a>, tobacco Tactics, mis \u00e0 jour le 20 d\u00e9cembre 2023, consult\u00e9 le 29 d\u00e9cembre 2023.<\/p>\n<p style=\"text-align: justify;\"><a href=\"#_ftnref4\" name=\"_ftn4\">[4]<\/a> Parsley D, Vaughan R<em>, <\/em><a href=\"https:\/\/web.archive.org\/web\/20231201152949\/https:\/inews.co.uk\/news\/big-tobacco-campaign-block-sunak-smoking-ban-2783205\"><em>Revealed: Big Tobacco\u2019s campaign to block Rishi Sunak\u2019s smoking ban<\/em><\/a>, The i, publi\u00e9 le 1er d\u00e9cembre 2023, accessed December 2023<\/p>\n<p><span style=\"color: #999999;\"><strong><a style=\"color: #999999;\" href=\"http:\/\/www.cnct.fr\/\" target=\"_blank\" rel=\"noopener noreferrer\">Comit\u00e9 national contre le tabagisme |<\/a><\/strong><\/span><\/p>\n","protected":false},"excerpt":{"rendered":"<p>S\u2019inspirant du projet annul\u00e9 depuis peu en Nouvelle-Z\u00e9lande, les acteurs de sant\u00e9 publique demandent au gouvernement f\u00e9d\u00e9ral du Canada d\u2019envisager l\u2019interdiction de vendre du tabac \u2013 voire des cigarettes \u00e9lectroniques \u2013 aux personnes n\u00e9es \u00e0 partir du 1er janvier 2008. La r\u00e9duction du nombre de points de vente et le rel\u00e8vement de l\u2019\u00e2ge l\u00e9gal d\u2019achat \u00e0 21 ans sont \u00e9galement r\u00e9clam\u00e9s.<\/p>\n","protected":false},"featured_media":11897,"template":"","tags":[],"thematique":[491,474],"class_list":["post-21317","actualites","type-actualites","status-publish","has-post-thumbnail","hentry","thematique-politiques-publiques","thematique-sante"],"acf":[],"_links":{"self":[{"href":"https:\/\/www.generationsanstabac.org\/fr\/wp-json\/wp\/v2\/actualites\/21317","targetHints":{"allow":["GET"]}}],"collection":[{"href":"https:\/\/www.generationsanstabac.org\/fr\/wp-json\/wp\/v2\/actualites"}],"about":[{"href":"https:\/\/www.generationsanstabac.org\/fr\/wp-json\/wp\/v2\/types\/actualites"}],"version-history":[{"count":0,"href":"https:\/\/www.generationsanstabac.org\/fr\/wp-json\/wp\/v2\/actualites\/21317\/revisions"}],"wp:featuredmedia":[{"embeddable":true,"href":"https:\/\/www.generationsanstabac.org\/fr\/wp-json\/wp\/v2\/media\/11897"}],"wp:attachment":[{"href":"https:\/\/www.generationsanstabac.org\/fr\/wp-json\/wp\/v2\/media?parent=21317"}],"wp:term":[{"taxonomy":"post_tag","embeddable":true,"href":"https:\/\/www.generationsanstabac.org\/fr\/wp-json\/wp\/v2\/tags?post=21317"},{"taxonomy":"thematique","embeddable":true,"href":"https:\/\/www.generationsanstabac.org\/fr\/wp-json\/wp\/v2\/thematique?post=21317"}],"curies":[{"name":"wp","href":"https:\/\/api.w.org\/{rel}","templated":true}]}}