{"id":21295,"date":"2023-12-16T09:00:46","date_gmt":"2023-12-16T08:00:46","guid":{"rendered":"https:\/\/www.generationsanstabac.org\/actualites\/le-cout-social-du-tabac-evalue-a-plus-de-49-milliards-de-livres-en-angleterre\/"},"modified":"2023-12-16T09:00:46","modified_gmt":"2023-12-16T08:00:46","slug":"le-cout-social-du-tabac-evalue-a-plus-de-49-milliards-de-livres-en-angleterre","status":"publish","type":"actualites","link":"https:\/\/www.generationsanstabac.org\/fr\/actualites\/le-cout-social-du-tabac-evalue-a-plus-de-49-milliards-de-livres-en-angleterre\/","title":{"rendered":"Le co\u00fbt social du tabac \u00e9valu\u00e9 \u00e0 plus de 49 milliards de livres en Angleterre"},"content":{"rendered":"<p style=\"text-align: justify;\"><em>Les co\u00fbts du tabac \u00e0 l\u2019\u00e9conomie anglaise ont \u00e9t\u00e9 estim\u00e9s quatre fois sup\u00e9rieurs aux taxes qu\u2019il rapporte, selon une \u00e9tude de Landman Economics conduite pour ASH UK. Les co\u00fbts en perte de productivit\u00e9 et en d\u00e9penses sociales qu\u2019entra\u00eenent le tabac sont nettement sup\u00e9rieurs aux seuls co\u00fbts m\u00e9dicaux.  <\/em><\/p>\n<p style=\"text-align: justify;\">Les co\u00fbts du tabac pour la soci\u00e9t\u00e9 et pour l\u2019\u00e9conomie ne se r\u00e9duisent pas aux seules d\u00e9penses m\u00e9dicales qui affectent les organismes de sant\u00e9 et de protection sociale. Une \u00e9tude anglaise, r\u00e9alis\u00e9e par Landman Economics pour le compte d\u2019Action on Smoking and Health (ASH UK), documente l\u2019ampleur du co\u00fbt pour la collectivit\u00e9 et vient poser des chiffres l\u00e0 o\u00f9 il n\u2019existe souvent que des croyances erron\u00e9es.<\/p>\n<p style=\"text-align: justify;\">L\u2019une de ces croyances est de supposer que les taxes sur les produits du tabac  constituent une manne financi\u00e8re pour l\u2019Etat anglais. Les \u00e9tudes conduites sur le co\u00fbt social du tabac montrent que ces taxes \u2013 soit 11,3 milliards de livres en 2023 (13,2 milliards d\u2019euros) \u2013 ne couvrent en fait qu\u2019une partie, ici un quart, des co\u00fbts cumul\u00e9s par la collectivit\u00e9.<\/p>\n<h2 style=\"text-align: justify;\"><strong>Les co\u00fbts de productivit\u00e9 et de prestations sociales d\u00e9passent ceux du sanitaire<\/strong><\/h2>\n<p style=\"text-align: justify;\">L\u2019\u00e9tude de Landman Economics \u00e9value \u00e0 49,2 milliards de livres sterling (57,6 milliards d\u2019euros) par an le co\u00fbt social total du tabac en Angleterre<a href=\"#_ftn1\" name=\"_ftnref1\">[1]<\/a>.<\/p>\n<p style=\"text-align: justify;\">Les co\u00fbts de productivit\u00e9, essentiellement assum\u00e9s par les entreprises et l\u2019\u00e9conomie locale, sont de loin les plus importants, avec 32 milliards de livres (37,4 milliards d\u2019euros). Les co\u00fbts de prestations sociales, en grande partie couverts par les collectivit\u00e9s locales, repr\u00e9sentent 15 milliards de livres (17,5 milliards d\u2019euros) et incluent \u00e9galement le co\u00fbt des soins \u00e0 domicile et l\u2019h\u00e9bergement en structure hospitali\u00e8re. Les co\u00fbts strictement m\u00e9dicaux sont estim\u00e9s \u00e0 1,9 milliards de livres (2,2 milliards d\u2019euros), soit une portion minime du co\u00fbt social total. Les co\u00fbts imputables aux incendies, ici \u00e9valu\u00e9s \u00e0 328 millions de livres (384 millions d\u2019euros) ont \u00e9t\u00e9 r\u00e9vis\u00e9s apr\u00e8s cette \u00e9tude, ce qui conduirait \u00e0 r\u00e9\u00e9valuer \u00e0 49,3 milliards le co\u00fbt social total li\u00e9 au tabac.<\/p>\n<p style=\"text-align: justify;\">A l\u2019ensemble de ces co\u00fbts, s\u2019ajouteraient 25,9 milliards de livres (30,3 milliards d\u2019euros) en ann\u00e9es de vie ajust\u00e9es sur la qualit\u00e9, du fait des d\u00e9c\u00e8s pr\u00e9matur\u00e9s dus au tabac.<\/p>\n<h2 style=\"text-align: justify;\"><strong>D\u00e9tail des co\u00fbts du tabac en Angleterre<\/strong><\/h2>\n<table>\n<tbody>\n<tr>\n<td width=\"652\"><strong>Co\u00fbts de productivit\u00e9<\/strong><\/p>\n<p>dont   &#8211; pertes de revenus dues au tabac<\/p>\n<p>&#8211; pertes d\u2019emploi dues au tabac<\/p>\n<p>&#8211; d\u00e9c\u00e8s pr\u00e9matur\u00e9s dus au tabac<\/p>\n<p>&#8211; perte de valeur ajout\u00e9e due aux d\u00e9penses de tabac<\/td>\n<td width=\"241\"><strong>32 milliards \u00a3<\/strong><\/p>\n<p>9,3 milliards \u00a3<\/p>\n<p>7,3 milliards \u00a3<\/p>\n<p>1,8 milliards \u00a3<\/p>\n<p>13,6 milliards \u00a3<\/td>\n<\/tr>\n<tr>\n<td width=\"652\"><strong>Co\u00fbts m\u00e9dicaux<\/strong><\/td>\n<td width=\"241\"><strong>1,9 milliards \u00a3<\/strong><\/td>\n<\/tr>\n<tr>\n<td width=\"652\"><strong>Co\u00fbts sociaux<\/strong><\/p>\n<p>dont   &#8211; soins \u00e0 domicile<\/p>\n<p>&#8211; soins en r\u00e9sidentiel<\/p>\n<p>&#8211; soins informels par la famille et les amis<\/p>\n<p>&#8211; soins non satisfaits<\/td>\n<td width=\"241\"><strong>15 milliards \u00a3<\/strong><\/p>\n<p>644,3 millions \u00a3<\/p>\n<p>588,1 millions \u00a3<\/p>\n<p>8,4 milliards \u00a3<\/p>\n<p>5,4 milliards \u00a3<\/td>\n<\/tr>\n<tr>\n<td width=\"652\"><strong>Co\u00fbts des incendies<\/strong><\/p>\n<p>dont  &#8211; d\u00e9c\u00e8s dus aux incendies attribu\u00e9s au tabac<\/p>\n<p>&#8211; blessures dues aux incendies attribu\u00e9s au tabac<\/p>\n<p>&#8211; d\u00e9g\u00e2ts mat\u00e9riels dus aux incendies attribu\u00e9s au tabac<\/p>\n<p>&#8211; co\u00fbt annuel des services de secours et d\u2019incendie d\u00fb aux<\/p>\n<p>incendies attribu\u00e9s au tabac<\/td>\n<td width=\"241\"><strong>328,1 millions \u00a3<\/strong><\/p>\n<p>137,2 millions \u00a3<\/p>\n<p>84,4 millions \u00a3<\/p>\n<p>98,2 millions \u00a3<\/p>\n<p>&nbsp;<\/p>\n<p>8,3 millions \u00a3<\/td>\n<\/tr>\n<tr>\n<td width=\"652\"><strong>Co\u00fbt total <\/strong><\/td>\n<td width=\"241\"><strong>49,2 milliards \u00a3<\/strong><\/td>\n<\/tr>\n<\/tbody>\n<\/table>\n<h2 style=\"text-align: justify;\"><strong>Une \u00e9conomie qui profite peu aux acteurs locaux<\/strong><\/h2>\n<p style=\"text-align: justify;\">L\u2019impact sur l\u2019\u00e9conomie locale s\u2019observe notamment par l\u2019absorption des revenus d\u00e9di\u00e9s aux produits du tabac, souvent produits \u00e0 l\u2019\u00e9tranger et g\u00e9n\u00e9rant peu de marges pour les d\u00e9taillants, alors que ces revenus auraient pu \u00eatre investis dans des produits ou des services plus locaux. Quand elles sont implant\u00e9es dans un pays, les usines tr\u00e8s automatis\u00e9es de cette industrie emploient peu de main d\u2019\u0153uvre. Si personne n\u2019achetait de tabac en Angleterre, le b\u00e9n\u00e9fice total pour l\u2019\u00e9conomie anglaise serait de 13,6 milliards de livres (15,9 milliards d\u2019euros).<\/p>\n<p style=\"text-align: justify;\">Par ailleurs, selon Howard Reed, de Landman Economics, le co\u00fbt \u00e9conomique du tabac est plus important pour les localit\u00e9s o\u00f9 la pr\u00e9valence tabagique est \u00e9lev\u00e9e. Ce co\u00fbt est d\u2019autant plus difficile \u00e0 supporter que ces localit\u00e9s comportent des populations d\u00e9favoris\u00e9es et disposent de revenus moindres. Les maladies et les incapacit\u00e9s de travail g\u00e9n\u00e9r\u00e9es par le tabac sont ainsi estim\u00e9es \u00e0 <a href=\"https:\/\/www.generationsanstabac.org\/actualites\/angleterre-cout-soins-fumeurs-pese-services-locaux\/\">dix ann\u00e9es de vie<\/a>, en comparaison de travailleurs non-fumeurs.<\/p>\n<p style=\"text-align: justify;\">Un calcul de ce type a \u00e9t\u00e9 effectu\u00e9 et plusieurs fois r\u00e9actualis\u00e9 en France pour \u00e9valuer le co\u00fbt social du tabac. Dans l\u2019estimation de 2019, publi\u00e9e en <a href=\"https:\/\/www.generationsanstabac.org\/actualites\/le-tabac-en-france-un-cout-social-majeur-et-a-la-hausse\/\">juillet 2023<\/a>, ce co\u00fbt social atteindrait chaque ann\u00e9e 156 milliards d\u2019euros pour le tabac, 102 milliards d\u2019euros pour l\u2019alcool et 7,7 milliards d\u2019euros pour les drogues illicites<a href=\"#_ftn2\" name=\"_ftnref2\">[2]<\/a>. Cette m\u00eame ann\u00e9e, les taxes per\u00e7ues en France sur les produits du tabac s\u2019\u00e9levaient \u00e0 13,1 milliards d\u2019euros.<\/p>\n<p style=\"text-align: justify;\"><strong>Mots-cl\u00e9s : Angleterre, co\u00fbt social, productivit\u00e9, prestations sociales, \u00e9conomie locale<\/strong><\/p>\n<p><strong><a href=\"https:\/\/www.generationsanstabac.org\/\">\u00a9G\u00e9n\u00e9ration Sans Tabac<\/a><\/strong><\/p>\n<p style=\"text-align: right;\"><b><i>MF<\/i><\/b><\/p>\n<hr \/>\n<p><a href=\"#_ftnref1\" name=\"_ftn1\">[1]<\/a> <a href=\"https:\/\/ash.org.uk\/media-centre\/news\/press-releases\/new-figures-show-smoking-costs-billions-more-than-tobacco-taxes-as-consultation-on-creating-a-smokefree-generation-closes\"><em>New figures show smoking costs billions more than tobacco taxes as consultation on creating a smokefree generation closes<\/em><\/a>, ASH UK, publi\u00e9 le 6 d\u00e9cembre 2023, consult\u00e9 le 11 d\u00e9cembre 2023.<\/p>\n<p><a href=\"#_ftnref2\" name=\"_ftn2\">[2]<\/a> Kopp P, <a href=\"http:\/\/www.ofdt.fr\/BDD\/publications\/docs\/eisxpk2d7.pdf\"><em>Le co\u00fbt social des drogues : estimation en France en 2019<\/em><\/a>, OFDT, Notes, juillet 2023, 15 p.<\/p>\n<p><span style=\"color: #999999;\"><strong><a style=\"color: #999999;\" href=\"http:\/\/www.cnct.fr\/\" target=\"_blank\" rel=\"noopener noreferrer\">Comit\u00e9 national contre le tabagisme |<\/a><\/strong><\/span><\/p>\n","protected":false},"excerpt":{"rendered":"<p>En Angleterre, les co\u00fbts du tabac \u00e0 l\u2019\u00e9conomie anglaise ont \u00e9t\u00e9 estim\u00e9s quatre fois sup\u00e9rieurs aux taxes qu\u2019il rapporte, selon une \u00e9tude de Landman Economics conduite pour ASH UK. Les co\u00fbts en perte de productivit\u00e9 et en d\u00e9penses sociales qu\u2019entra\u00eenent le tabac sont nettement sup\u00e9rieurs aux seuls co\u00fbts m\u00e9dicaux. <\/p>\n","protected":false},"featured_media":21296,"template":"","tags":[],"thematique":[491],"class_list":["post-21295","actualites","type-actualites","status-publish","has-post-thumbnail","hentry","thematique-politiques-publiques"],"acf":[],"_links":{"self":[{"href":"https:\/\/www.generationsanstabac.org\/fr\/wp-json\/wp\/v2\/actualites\/21295","targetHints":{"allow":["GET"]}}],"collection":[{"href":"https:\/\/www.generationsanstabac.org\/fr\/wp-json\/wp\/v2\/actualites"}],"about":[{"href":"https:\/\/www.generationsanstabac.org\/fr\/wp-json\/wp\/v2\/types\/actualites"}],"version-history":[{"count":0,"href":"https:\/\/www.generationsanstabac.org\/fr\/wp-json\/wp\/v2\/actualites\/21295\/revisions"}],"wp:featuredmedia":[{"embeddable":true,"href":"https:\/\/www.generationsanstabac.org\/fr\/wp-json\/wp\/v2\/media\/21296"}],"wp:attachment":[{"href":"https:\/\/www.generationsanstabac.org\/fr\/wp-json\/wp\/v2\/media?parent=21295"}],"wp:term":[{"taxonomy":"post_tag","embeddable":true,"href":"https:\/\/www.generationsanstabac.org\/fr\/wp-json\/wp\/v2\/tags?post=21295"},{"taxonomy":"thematique","embeddable":true,"href":"https:\/\/www.generationsanstabac.org\/fr\/wp-json\/wp\/v2\/thematique?post=21295"}],"curies":[{"name":"wp","href":"https:\/\/api.w.org\/{rel}","templated":true}]}}