{"id":21286,"date":"2023-12-10T09:00:38","date_gmt":"2023-12-10T08:00:38","guid":{"rendered":"https:\/\/www.generationsanstabac.org\/actualites\/un-mouvement-dalerte-sur-le-cobalt-detournerait-les-jeunes-des-cigarettes-electroniques\/"},"modified":"2023-12-10T09:00:38","modified_gmt":"2023-12-10T08:00:38","slug":"un-mouvement-dalerte-sur-le-cobalt-detournerait-les-jeunes-des-cigarettes-electroniques","status":"publish","type":"actualites","link":"https:\/\/www.generationsanstabac.org\/fr\/actualites\/un-mouvement-dalerte-sur-le-cobalt-detournerait-les-jeunes-des-cigarettes-electroniques\/","title":{"rendered":"Un mouvement d\u2019alerte sur le cobalt d\u00e9tournerait les jeunes des cigarettes \u00e9lectroniques"},"content":{"rendered":"<p style=\"text-align: justify;\"><em>Sur le r\u00e9seau TikTok, les indignations face aux conditions d\u2019extraction du cobalt en R\u00e9publique D\u00e9mocratique du Congo auraient initi\u00e9 une vague d\u2019abandon de la cigarette \u00e9lectronique pour ce motif. L\u2019int\u00e9r\u00eat des jeunes pour la justice sociale pourrait \u00eatre un levier de sensibilisation. <\/em><\/p>\n<p style=\"text-align: justify;\"><em>\u00ab Je vais arr\u00eater de vapoter pour le Congo. \u00bb<\/em> La vid\u00e9o d\u2019une cr\u00e9atrice de contenu d\u00e9nomm\u00e9e Kristina est devenue virale et a \u00e9t\u00e9 relay\u00e9e 1,8 million de fois sur le r\u00e9seau TikTok<a href=\"#_ftn1\" name=\"_ftnref1\">[1]<\/a>. La jeune femme y exprimait sa r\u00e9volte apr\u00e8s avoir pris connaissance des conditions d\u2019extraction mini\u00e8re du cobalt en R\u00e9publique D\u00e9mocratique du Congo (RDC). D\u00e9sireuse de r\u00e9duire sa consommation de cobalt et prenant conscience que les cigarettes \u00e9lectroniques jetables (\u00ab puffs \u00bb) sont une source de gaspillage de ce minerai, Kristina annon\u00e7ait qu\u2019elle renon\u00e7ait maintenant \u00e0 consommer des puffs.<\/p>\n<p style=\"text-align: justify;\">Diffus\u00e9e d\u00e9but novembre 2023, la vid\u00e9o a non seulement \u00e9t\u00e9 abondamment relay\u00e9e, mais elle a suscit\u00e9 des dizaines de commentaires o\u00f9 d\u2019autres jeunes d\u00e9claraient \u00e9galement vouloir stopper leur vapotage pour ce motif.<\/p>\n<h2 style=\"text-align: justify;\"><strong>Les exactions dues \u00e0 l\u2019extraction mini\u00e8re suscitent l\u2019indignation<\/strong><\/h2>\n<p style=\"text-align: justify;\">D\u2019autres vid\u00e9os sur ce th\u00e8me sont ensuite apparues dans ce sillage et appelaient, elles aussi, \u00e0 se d\u00e9tourner du vapotage pour les m\u00eames raisons, amor\u00e7ant une sorte de tendance sur les r\u00e9seaux sociaux. Dans l\u2019une d\u2019entre elles, relay\u00e9e 4,5 millions de fois, un cr\u00e9ateur de contenu avait rendu hommage \u00e0 ce mouvement naissant <em>: \u00ab Vous n\u2019arr\u00eateriez pas pour votre propre sant\u00e9, mais maintenant que vous savez que ces vapoteuses sont faites d\u2019un minerai extrait en R\u00e9publique D\u00e9mocratique du Congo, vous \u00eatre pr\u00eats \u00e0 vous sevrer \u00ab \u00e0 la dure \u00bb ; vous avez tout mon respect. \u00bb<\/em><\/p>\n<p style=\"text-align: justify;\">S\u2019appuyant sur un rapport d\u2019Amnesty International publi\u00e9 en septembre 2023, plusieurs points noirs de l\u2019extraction mini\u00e8re ont \u00e9t\u00e9 soulign\u00e9s par les lanceurs d\u2019alerte. L\u2019exploitation des enfants dans ces mines est le plus souvent mise en avant, mais les expropriations et les massacres de villageois, le travail forc\u00e9 et les violences sexuelles font \u00e9galement partie des arguments avanc\u00e9s. S\u2019il n\u2019est pas totalement absent, le volet environnemental semble ici moins d\u00e9terminant que l\u2019aspect humain. Les autres batteries contenant du cobalt (t\u00e9l\u00e9phones mobiles, ordinateurs portables\u2026) sont moins remises en cause car, contrairement aux puffs, ces batteries ne sont pas jet\u00e9es apr\u00e8s un usage unique.<\/p>\n<p style=\"text-align: justify;\">Interrog\u00e9 par la BBC, Christoph Vogel, un sp\u00e9cialiste de l\u2019extraction mini\u00e8re en RDC, confirme les conditions de vie d\u00e9plorables des mineurs, mais il estime qu\u2019elles ne sont pas sp\u00e9cifiques au secteur du cobalt, dans ce pays comme dans la r\u00e9gion<a href=\"#_ftn2\" name=\"_ftnref2\">[2]<\/a>. Il regrette par ailleurs la \u00ab simplification massive \u00bb des informations par les activistes num\u00e9riques, sans forc\u00e9ment avoir conscience des r\u00e9alit\u00e9s du terrain.<\/p>\n<h2 style=\"text-align: justify;\"><strong>Double tranchant des r\u00e9seaux sociaux<\/strong><\/h2>\n<p style=\"text-align: justify;\">Depuis leur apparition et leur succ\u00e8s aupr\u00e8s des jeunes et des adolescents, les r\u00e9seaux sociaux ont jusqu\u2019ici surtout \u00e9t\u00e9 exploit\u00e9s par les industriels pour promouvoir leurs nouveaux produits du tabac et de la nicotine. Des milliers d\u2019influenceurs, qui connaissent diff\u00e9rents niveaux de notori\u00e9t\u00e9, sont ainsi financ\u00e9s pour appuyer des campagnes commerciales. Cette strat\u00e9gie de communication se r\u00e9v\u00e8le habituellement payante, les r\u00e9seaux sociaux \u00e9tant aujourd\u2019hui, selon <a href=\"https:\/\/www.generationsanstabac.org\/actualites\/les-jeunes-fortement-exposes-a-la-publicite-pour-le-vapotage\/\">une \u00e9tude<\/a>, la premi\u00e8re source d\u2019exposition publicitaire des jeunes \u00e0 ces produits.<\/p>\n<p style=\"text-align: justify;\">Avec des moyens sensiblement inf\u00e9rieurs, les acteurs de sant\u00e9 publique se sont eux-m\u00eames empar\u00e9s de ces m\u00e9dias depuis une vingtaine d\u2019ann\u00e9es. Au-del\u00e0 des informations sanitaires, les <a href=\"https:\/\/www.generationsanstabac.org\/la-promotion-des-droits-humains-est-au-centre-de-la-lutte-antitabac\/\">droits humains<\/a> et la <a href=\"https:\/\/www.generationsanstabac.org\/article\/journee-mondiale-sans-tabac-consequences-environnement-tabac\/\">prise de conscience environnementale<\/a> font partie des d\u00e9g\u00e2ts d\u00e9nonc\u00e9s par ces acteurs de la lutte contre le tabagisme. La mise en avant des dommages caus\u00e9s \u00e0 la communaut\u00e9 afro-am\u00e9ricaine par les produits du tabac et de la nicotine au <a href=\"https:\/\/www.generationsanstabac.org\/article\/strategie-cigarettiers-menthol-interdiction-mai-2020\/\">menthol<\/a> a ainsi \u00e9t\u00e9 abondamment soulign\u00e9e. De m\u00eame, la d\u00e9nonciation par ces m\u00eames acteurs du travail des enfants par l\u2019industrie du tabac s\u2019inscrit dans cette d\u00e9marche.<\/p>\n<p style=\"text-align: justify;\"><strong>Mots-cl\u00e9s : r\u00e9seaux sociaux, TikTok, RDC, Congo, cobalt, cigarettes \u00e9lectroniques jetables, puffs<\/strong><\/p>\n<p><strong><a href=\"https:\/\/www.generationsanstabac.org\/\">\u00a9G\u00e9n\u00e9ration Sans Tabac<\/a><\/strong><\/p>\n<p style=\"text-align: right;\"><em><strong>MF<\/strong><\/em><\/p>\n<hr \/>\n<p style=\"text-align: justify;\"><a href=\"#_ftnref1\" name=\"_ftn1\">[1]<\/a> Andelane L, <a href=\"https:\/\/www.newshub.co.nz\/home\/lifestyle\/2023\/12\/tiktok-movement-raising-awareness-on-the-congo-s-mining-industry-encourages-people-to-give-up-vaping.html\"><em>TikTok movement raising awareness on the Congo&rsquo;s mining industry encourages people to give up vaping<\/em><\/a>, NewsHub.nz, publi\u00e9 le 4 d\u00e9cembre 2023, consult\u00e9 le 6 d\u00e9cembre 2023<\/p>\n<p style=\"text-align: justify;\"><a href=\"#_ftnref2\" name=\"_ftn2\">[2]<\/a> Chibelushi W, <a href=\"https:\/\/www.bbc.com\/news\/world-africa-67569996\"><em>Congo cobalt: TikTokers quit vaping over mining concerns<\/em><\/a>, BBC News, publi\u00e9 le 4 d\u00e9cembre 2023, consult\u00e9 le 6 d\u00e9cembre 2023<\/p>\n<p><strong><a href=\"http:\/\/www.cnct.fr\/\" target=\"_blank\" rel=\"noopener noreferrer\">Comit\u00e9 national contre le tabagisme |<\/a><\/strong><\/p>\n","protected":false},"excerpt":{"rendered":"<p>Sur le r\u00e9seau TikTok, les indignations face aux conditions d\u2019extraction du cobalt en R\u00e9publique D\u00e9mocratique du Congo auraient initi\u00e9 une vague d\u2019abandon de la cigarette \u00e9lectronique pour ce motif. L\u2019int\u00e9r\u00eat des jeunes pour la justice sociale pourrait \u00eatre un levier de sensibilisation.<\/p>\n","protected":false},"featured_media":11859,"template":"","tags":[],"thematique":[480],"class_list":["post-21286","actualites","type-actualites","status-publish","has-post-thumbnail","hentry","thematique-environnement"],"acf":[],"_links":{"self":[{"href":"https:\/\/www.generationsanstabac.org\/fr\/wp-json\/wp\/v2\/actualites\/21286","targetHints":{"allow":["GET"]}}],"collection":[{"href":"https:\/\/www.generationsanstabac.org\/fr\/wp-json\/wp\/v2\/actualites"}],"about":[{"href":"https:\/\/www.generationsanstabac.org\/fr\/wp-json\/wp\/v2\/types\/actualites"}],"version-history":[{"count":0,"href":"https:\/\/www.generationsanstabac.org\/fr\/wp-json\/wp\/v2\/actualites\/21286\/revisions"}],"wp:featuredmedia":[{"embeddable":true,"href":"https:\/\/www.generationsanstabac.org\/fr\/wp-json\/wp\/v2\/media\/11859"}],"wp:attachment":[{"href":"https:\/\/www.generationsanstabac.org\/fr\/wp-json\/wp\/v2\/media?parent=21286"}],"wp:term":[{"taxonomy":"post_tag","embeddable":true,"href":"https:\/\/www.generationsanstabac.org\/fr\/wp-json\/wp\/v2\/tags?post=21286"},{"taxonomy":"thematique","embeddable":true,"href":"https:\/\/www.generationsanstabac.org\/fr\/wp-json\/wp\/v2\/thematique?post=21286"}],"curies":[{"name":"wp","href":"https:\/\/api.w.org\/{rel}","templated":true}]}}