{"id":21248,"date":"2023-11-11T09:00:25","date_gmt":"2023-11-11T08:00:25","guid":{"rendered":"https:\/\/www.generationsanstabac.org\/actualites\/thionville-ville-sans-tabac-de-la-maternelle-au-lycee\/"},"modified":"2023-11-11T09:00:25","modified_gmt":"2023-11-11T08:00:25","slug":"thionville-ville-sans-tabac-de-la-maternelle-au-lycee","status":"publish","type":"actualites","link":"https:\/\/www.generationsanstabac.org\/fr\/actualites\/thionville-ville-sans-tabac-de-la-maternelle-au-lycee\/","title":{"rendered":"Thionville, ville sans tabac de la maternelle au lyc\u00e9e"},"content":{"rendered":"<p style=\"text-align: justify;\"><em>Pionni\u00e8re, avec Joinville en Haute Marne, des villes sans tabac en France, Thionville profite du Mois sans tabac pour engager des actions antitabac aupr\u00e8s des jeunes. Une initiative relay\u00e9e au lyc\u00e9e polyvalent Rosa-Parks, dont les abords deviennent non-fumeurs.  <\/em><\/p>\n<p style=\"text-align: justify;\">Thionville est l\u2019une des villes les plus peupl\u00e9es de Moselle. Situ\u00e9e \u00e0 quelques kilom\u00e8tres du Luxembourg, elle se situe dans une r\u00e9gion o\u00f9 les achats transfrontaliers de produits du tabac sont fr\u00e9quents. Ces raisons ont incit\u00e9e le maire de Thionville, \u00e9galement pr\u00e9sident de la communaut\u00e9 d\u2019agglom\u00e9ration Porte de France-Thionville, \u00e0 rejoindre le programme \u00ab Ville libre sans tabac \u00bb mis en \u0153uvre par la coalition r\u00e9gionale Grand Est Sans Tabac (GEST), avec son partenaire le Comit\u00e9 national contre le tabagisme (CNCT).<\/p>\n<p style=\"text-align: justify;\">Le programme exp\u00e9rimental \u00ab Ville libre sans tabac \u00bb consiste \u00e0 am\u00e9liorer la sant\u00e9 et la qualit\u00e9 de vie des habitants en prot\u00e9geant de l\u2019exposition au tabagisme. Il pr\u00e9voit ainsi la mise en \u0153uvre d\u2019un plan local complet de lutte contre le tabagisme int\u00e9grant des campagnes de sensibilisation, la g\u00e9n\u00e9ralisation d\u2019espaces ext\u00e9rieurs sans tabac, une incitation globale \u00e0 l\u2019arr\u00eat du tabac, mais aussi le respect de la r\u00e9glementation en vigueur. Les nombreuses actions mises en place <a href=\"https:\/\/www.generationsanstabac.org\/actualites\/grand-est-lancement-du-projet-mairies-libres-sans-tabac-villes-libres-sans-tabac\/\">depuis 2021<\/a> sont, \u00e0 l\u2019occasion du Mois sans tabac, compl\u00e9t\u00e9es par plusieurs initiatives en direction des jeunes.<\/p>\n<h2 style=\"text-align: justify;\"><strong>Des actions de protection et de sensibilisation centr\u00e9es sur les jeunes <\/strong><\/h2>\n<p style=\"text-align: justify;\">Parmi les mesures annonc\u00e9es en novembre 2023 par la ville, figure l\u2019extension des espaces sans tabac qui se sont d\u00e9j\u00e0 d\u00e9velopp\u00e9s au cours des derni\u00e8res ann\u00e9es<a href=\"#_ftn1\" name=\"_ftnref1\">[1]<\/a>. Apr\u00e8s les parcs et jardins publics et les abords des \u00e9coles maternelles et primaires, ce sont les abords du conservatoire, du lyc\u00e9e Rosa-Parks et de cinq lieux multi-accueil qui deviendront \u00ab sans tabac \u00bb au printemps 2024. Le conseil municipal des jeunes pr\u00e9pare par ailleurs la mise en place d\u2019actions de sensibilisation et de pr\u00e9vention du tabagisme aupr\u00e8s des jeunes.<\/p>\n<p style=\"text-align: justify;\">Au lyc\u00e9e Rosa-Parks, les \u00e9l\u00e8ves du BTS Sanitaire et social travaillent au projet tuteur\u00e9 \u00ab Lyc\u00e9e Rosa-Parks sans tabac \u00bb. Les actions de sensibilisation envisag\u00e9es sont non seulement tourn\u00e9es vers les lyc\u00e9ens, mais aussi vers les enseignants et les personnels administratifs et techniques. S\u2019il est interdit de fumer dans l\u2019enceinte des lyc\u00e9es depuis la loi Evin en 1991 et si les premi\u00e8res exp\u00e9rimentations de lyc\u00e9es sans tabac datent de 2003<a href=\"#_ftn2\" name=\"_ftnref2\">[2]<\/a>, les abords des lyc\u00e9es restent en effet des lieux de consommation et d\u2019initiation au tabagisme.<\/p>\n<h2 style=\"text-align: justify;\"><strong>D\u00e9veloppement du projet \u00ab ville libre sans tabac \u00bb<\/strong><\/h2>\n<p style=\"text-align: justify;\">Interrog\u00e9 en 2022 par France Bleu Lorraine Nord, Jean-Christophe Hamelin-Boyer, l\u2019adjoint au maire de Thionville, a confirm\u00e9 qu\u2019il ne souhaitait pas une ville sans fumeurs, <em>\u00ab mais une ville sans tabac \u00bb<a href=\"#_ftn3\" name=\"_ftnref3\"><strong>[3]<\/strong><\/a><\/em>. En mars 2023, une campagne d\u2019information dans la presse locale avait rappel\u00e9 les derni\u00e8res actions mises en place par la ville : promotion de l\u2019aide \u00e0 l\u2019arr\u00eat du tabac, mise en place de \u00ab Mairie sans tabac, lieu exemplaire \u00bb, respect des interdits<a href=\"#_ftn4\" name=\"_ftnref4\">[4]<\/a>. Ce dernier volet concerne notamment le respect de l\u2019interdiction de fumer dans les espaces sans tabac, et celui de l\u2019interdiction de vente aux mineurs de produits du tabac et du vapotage. Depuis janvier 2016, les agents de police municipale et les garde-champ\u00eatres sont habilit\u00e9s \u00e0 faire respecter ces deux interdictions<a href=\"#_ftn5\" name=\"_ftnref5\">[5]<\/a>.<\/p>\n<p style=\"text-align: justify;\"><strong>Mots-cl\u00e9s : Thionville, Ville libre sans tabac, Mois sans tabac, lyc\u00e9e sans tabac.<\/strong><\/p>\n<p style=\"text-align: justify;\"><strong><a href=\"https:\/\/www.generationsanstabac.org\/\">\u00a9G\u00e9n\u00e9ration Sans Tabac<\/a><\/strong><\/p>\n<p style=\"text-align: right;\"><b><i>MF<\/i><\/b><\/p>\n<hr \/>\n<p style=\"text-align: justify;\"><a href=\"#_ftnref1\" name=\"_ftn1\">[1]<\/a> <a href=\"https:\/\/www.agglo-thionville.fr\/actualites\/actualite\/mois-sans-tabac-thionville-et-sa-communaute-dagglomeration-sengagent-pour-proteger-les-jeunes-du-tabagisme-et-preparer-une-generations-sans-tabac-en-2032\"><em>Mois sans Tabac : Thionville et sa Communaut\u00e9 d\u2019Agglom\u00e9ration s\u2019engagent pour prot\u00e9ger les jeunes du tabagisme et pr\u00e9parer une g\u00e9n\u00e9rations sans tabac en 2032<\/em><\/a>, Portes de France-Thionville, publi\u00e9 le 1<sup>er<\/sup> novembre 2023, consult\u00e9 le 6 novembre 2023<\/p>\n<p style=\"text-align: justify;\"><a href=\"#_ftnref2\" name=\"_ftn2\">[2]<\/a> <a href=\"https:\/\/www.santepubliquefrance.fr\/determinants-de-sante\/tabac\/documents\/article\/lycee-sans-tabac-22-etablissements-pilotes\"><em>Lyc\u00e9e sans tabac : 22 \u00e9tablissements pilotes<\/em><\/a>, Sant\u00e9 Publique France, mis \u00e0 jour le 6 septembre 2019, consult\u00e9 le 6 novembre 2023.<\/p>\n<p style=\"text-align: justify;\"><a href=\"#_ftnref3\" name=\"_ftn3\">[3]<\/a> Lhuillier F, <a href=\"https:\/\/www.francebleu.fr\/infos\/sante-sciences\/a-thionville-c-est-toute-l-annee-le-mois-sans-tabac-1666169232\"><em>A Thionville, c&rsquo;est toute l&rsquo;ann\u00e9e le mois sans tabac<\/em><\/a>, Ici, publi\u00e9 le 19 octobre 2022, consult\u00e9 le 6 novembre 2023.<\/p>\n<p style=\"text-align: justify;\"><a href=\"#_ftnref4\" name=\"_ftn4\">[4]<\/a> <a href=\"https:\/\/villelibresanstabac.cnct.fr\/actualites\/ville-libre-sans-tabac-depuis-2021-cest\/\"><em>Ville Libre Sans Tabac, depuis 2021, c\u2019est\u2026<\/em><\/a>, Ville libre sans tabac, consult\u00e9 le 6 novembre 2023.<\/p>\n<p style=\"text-align: justify;\"><a href=\"#_ftnref5\" name=\"_ftn5\">[5]<\/a> Bovi-Hosy G, <a href=\"https:\/\/www.lagazettedescommunes.com\/423330\/loi-sante-les-policiers-municipaux-appeles-a-combattre-le-tabagisme-maj\/\"><em>Loi Sant\u00e9 : les policiers municipaux appel\u00e9s \u00e0 combattre le tabagisme<\/em><\/a>, La Gazette des Communes, Club pr\u00e9vention s\u00e9curit\u00e9, publi\u00e9 le 7 juillet 2016, consult\u00e9 le 6 novembre 2023.<\/p>\n<p><strong><a href=\"http:\/\/www.cnct.fr\/\" target=\"_blank\" rel=\"noopener noreferrer\">Comit\u00e9 national contre le tabagisme |<\/a><\/strong><\/p>\n","protected":false},"excerpt":{"rendered":"<p>Pionni\u00e8re, avec Joinville en Haute Marne, des villes sans tabac en France, Thionville profite du Mois sans tabac pour engager des actions antitabac aupr\u00e8s des jeunes. Une initiative relay\u00e9e au lyc\u00e9e polyvalent Rosa-Parks, dont les abords deviennent non-fumeurs.<\/p>\n","protected":false},"featured_media":21249,"template":"","tags":[],"thematique":[491],"class_list":["post-21248","actualites","type-actualites","status-publish","has-post-thumbnail","hentry","thematique-politiques-publiques"],"acf":[],"_links":{"self":[{"href":"https:\/\/www.generationsanstabac.org\/fr\/wp-json\/wp\/v2\/actualites\/21248","targetHints":{"allow":["GET"]}}],"collection":[{"href":"https:\/\/www.generationsanstabac.org\/fr\/wp-json\/wp\/v2\/actualites"}],"about":[{"href":"https:\/\/www.generationsanstabac.org\/fr\/wp-json\/wp\/v2\/types\/actualites"}],"version-history":[{"count":0,"href":"https:\/\/www.generationsanstabac.org\/fr\/wp-json\/wp\/v2\/actualites\/21248\/revisions"}],"wp:featuredmedia":[{"embeddable":true,"href":"https:\/\/www.generationsanstabac.org\/fr\/wp-json\/wp\/v2\/media\/21249"}],"wp:attachment":[{"href":"https:\/\/www.generationsanstabac.org\/fr\/wp-json\/wp\/v2\/media?parent=21248"}],"wp:term":[{"taxonomy":"post_tag","embeddable":true,"href":"https:\/\/www.generationsanstabac.org\/fr\/wp-json\/wp\/v2\/tags?post=21248"},{"taxonomy":"thematique","embeddable":true,"href":"https:\/\/www.generationsanstabac.org\/fr\/wp-json\/wp\/v2\/thematique?post=21248"}],"curies":[{"name":"wp","href":"https:\/\/api.w.org\/{rel}","templated":true}]}}