{"id":21245,"date":"2023-11-08T09:00:37","date_gmt":"2023-11-08T08:00:37","guid":{"rendered":"https:\/\/www.generationsanstabac.org\/actualites\/irlande-normalisation-du-vapotage-chez-les-jeunes-adolescents\/"},"modified":"2023-11-08T09:00:37","modified_gmt":"2023-11-08T08:00:37","slug":"irlande-normalisation-du-vapotage-chez-les-jeunes-adolescents","status":"publish","type":"actualites","link":"https:\/\/www.generationsanstabac.org\/fr\/actualites\/irlande-normalisation-du-vapotage-chez-les-jeunes-adolescents\/","title":{"rendered":"Irlande : normalisation du vapotage chez les jeunes adolescents"},"content":{"rendered":"<p style=\"text-align: justify;\"><em>For\u00f3ige Sligo, une organisation de jeunes, en partenariat avec la North West Regional Drug and Alcohol Task Force (NWRDATF) a commandit\u00e9 une \u00e9tude sur la consommation des produits de vapotage des adolescents et jeunes adultes dans les comt\u00e9s de Sligo et Leitrim en Irlande<a href=\"#_ftn1\" name=\"_ftnref1\"><strong>[1]<\/strong><\/a>. Les r\u00e9sultats montrent que les enfants restent tr\u00e8s expos\u00e9s \u00e0 la publicit\u00e9 pour ces produits et qu\u2019ils arrivent ais\u00e9ment \u00e0 se procurer ces produits dans les lieux de vente malgr\u00e9 l\u2019interdiction de vente aux mineurs de moins de 18 ans. <\/em><\/p>\n<p style=\"text-align: justify;\">L&rsquo;\u00e9tude \u00ab What&rsquo;s the Panic with Vaping ? \u00bb a utilis\u00e9 une approche mixte pour recueillir des informations sur la nature et l&rsquo;ampleur du vapotage chez les enfants et les jeunes aupr\u00e8s d&rsquo;une s\u00e9rie de parties prenantes, notamment des enfants, des jeunes, des \u00e9ducateurs, des organisations de jeunesse, des organisations communautaires et des organisations de sant\u00e9. Une enqu\u00eate quantitative a \u00e9t\u00e9 r\u00e9alis\u00e9e aupr\u00e8s de 527 jeunes par le biais d&rsquo;un processus d&rsquo;auto-compl\u00e9tion en ligne afin de recueillir des donn\u00e9es d\u00e9mographiques, des donn\u00e9es d&rsquo;utilisation et des informations relatives aux attitudes et aux exp\u00e9riences de vapotage chez les enfants et les jeunes \u00e2g\u00e9s de 10 \u00e0 24 ans dans les comt\u00e9s de Sligo et de Leitrim. \u00c0 cela s&rsquo;est ajout\u00e9e une \u00e9tude qualitative r\u00e9alis\u00e9e avec dix-neuf groupes de discussion organis\u00e9s entre mars et mai 2023 (9 dans le comt\u00e9 de Sligo sur quatre sites et 11 dans le comt\u00e9 de Leitrim sur trois sites) avec la participation de 375 enfants et jeunes \u00e2g\u00e9s de 10 \u00e0 24 ans.<\/p>\n<p style=\"text-align: justify;\">Quinze entretiens semi-structur\u00e9s ont \u00e9galement \u00e9t\u00e9 men\u00e9s aupr\u00e8s de membres du personnel scolaire, des animateurs de jeunesse, des travailleurs communautaires, ainsi que des professionnels de sant\u00e9.<\/p>\n<h2 style=\"text-align: justify;\"><strong>Une normalisation du vapotage y compris chez les 10-12 ans<\/strong><\/h2>\n<p style=\"text-align: justify;\">Pour les auteurs de l\u2019\u00e9tude, bien que le nombre de r\u00e9ponses \u00e0 l&rsquo;enqu\u00eate dans cette tranche d&rsquo;\u00e2ge soit relativement peu \u00e9lev\u00e9 (n=31), il est embl\u00e9matique de la diffusion et de l\u2019utilisation des produits du vapotage m\u00eame parmi les enfants. \u00c0 la question de savoir s&rsquo;ils avaient d\u00e9j\u00e0 vapot\u00e9, 23 % ont en effet r\u00e9pondu par l\u2019affirmative.<\/p>\n<p style=\"text-align: justify;\">Les autres \u00e9l\u00e9ments recueillis aupr\u00e8s de cet \u00e9chantillon des 10-12 ans soulignent les motivations indiqu\u00e9es par ces derniers dans l&rsquo;utilisation des cigarettes \u00e9lectroniques. Ils font \u00e9tat du sentiment de \u00ab faire partie d&rsquo;un groupe qu\u2019ils pensent \u00eatre cool \u00bb, \u00ab faire ce que font leurs amis \u00bb et ils \u00ab pensent que cela leur donne l&rsquo;air d&rsquo;\u00eatre plus \u00e2g\u00e9s \u00bb. Ces points de vue sugg\u00e8rent que les enfants estiment que l&rsquo;appartenance \u00e0 un groupe social est un facteur cl\u00e9 dans l&rsquo;adoption de comportements de vapotage par les jeunes. Les enfants ont \u00e9galement indiqu\u00e9 que les cigarettes \u00e9lectroniques \u00e9taient \u00ab peu ch\u00e8res \u00e0 l&rsquo;achat \u00bb et qu&rsquo;ils pensaient que cela contribuait \u00e0 ce que d&rsquo;autres jeunes de leur \u00e2ge aient facilement acc\u00e8s aux produits de vapotage.<\/p>\n<p style=\"text-align: justify;\">Lorsqu&rsquo;on leur a demand\u00e9 quels \u00e9taient les principaux endroits o\u00f9 ils \u00e9taient expos\u00e9s \u00e0 la publicit\u00e9 pour les produits de vapotage, ils ont r\u00e9pondu majoritairement les magasins sp\u00e9cialis\u00e9s (87 %), Internet (29 %), les stations-services (19 %) et la presse \u00e9crite (10 %), les panneaux d&rsquo;affichage (10 %) et les cin\u00e9mas (10 %).<\/p>\n<p style=\"text-align: justify;\">Concernant l\u2019accessibilit\u00e9 des produits, seuls 22% ont d\u00e9clar\u00e9 qu\u2019il n\u2019\u00e9tait pas facile de contourner les restrictions d\u2019\u00e2ge lors de l\u2019achat, l\u2019Irlande interdisant la vente de ces produits aux moins de 18 ans.<\/p>\n<h2 style=\"text-align: justify;\"><strong>La majorit\u00e9 des adolescents et jeunes adultes qui vapotent n\u2019ont jamais fum\u00e9 auparavant<\/strong><\/h2>\n<p style=\"text-align: justify;\">Concernant la cat\u00e9gorie des 13-16 ans, 36% (n=134) ont d\u00e9clar\u00e9 vapoter actuellement. Parmi eux, la moiti\u00e9 n\u2019avait jamais fum\u00e9 auparavant et un tiers indiquait vapoter quotidiennement.<\/p>\n<p style=\"text-align: justify;\">Pr\u00e8s de trois quarts (73%) de cette tranche d\u2019\u00e2ge ont mentionn\u00e9 voir des jeunes de leur \u00e2ge vapoter plusieurs fois par semaine voire tous les jours (52%).<\/p>\n<p style=\"text-align: justify;\">La majorit\u00e9 des personnes interrog\u00e9es ont indiqu\u00e9 qu&rsquo;elles avaient commenc\u00e9 parce qu&rsquo;elles \u00ab aimaient les saveurs \u00bb (27 %), \u00ab parce que leurs amis le faisaient \u00bb (24 %) et \u00ab pour essayer quelque chose de nouveau \u00bb (21 %). Seuls 2% des r\u00e9pondants ont indiqu\u00e9 vapoter pour arr\u00eater de fumer.<\/p>\n<p style=\"text-align: justify;\">Les r\u00e9pondants de cette cat\u00e9gorie d&rsquo;\u00e2ge qui ont d\u00e9clar\u00e9 acheter eux-m\u00eames des produits de vapotage ont indiqu\u00e9 qu&rsquo;ils achetaient ces produits aupr\u00e8s de diverses sources, notamment dans un magasin de produits de vapotage (32 %), un magasin local (magasin d\u2019\u00e9lectronique, \u00e9picerie, stations-services, etc ; 31 %) et aupr\u00e8s d\u2019amis (29 %). 93% adolescents de cette cat\u00e9gorie d\u2019\u00e2ge estiment qu\u2019il est facile de contourner les restrictions d\u2019\u00e2ge concernant la vente de ces produits.<\/p>\n<p style=\"text-align: justify;\">Parmi les facteurs d&rsquo;incitation \u00e0 la consommation mentionn\u00e9s figure le prix de ces produits : les cigarettes \u00e9lectroniques \u00ab ne sont pas ch\u00e8res \u00bb.  Les ar\u00f4mes et la capacit\u00e9 per\u00e7ue d&rsquo;utiliser des produits du vapotage dans des lieux o\u00f9 il est interdit de fumer du tabac ont \u00e9galement \u00e9t\u00e9 identifi\u00e9s comme des facteurs cl\u00e9s pour l&rsquo;augmentation de la consommation des cigarettes \u00e9lectroniques.<\/p>\n<p style=\"text-align: justify;\">Parmi les jeunes adultes, 70% des r\u00e9pondants \u00e2g\u00e9s de 17 \u00e0 24 ans (n=125) ont indiqu\u00e9 qu&rsquo;ils vapotaient actuellement dont 27% quotidiennement. 51% ont d\u00e9clar\u00e9 n\u2019avoir jamais fum\u00e9 auparavant. La majorit\u00e9 d\u2019entre eux (52%) se fournit dans les magasins de vapotage. Comme dans la tranche d&rsquo;\u00e2ge des 13-16 ans, le vapotage contribue \u00e0 une identit\u00e9 soigneusement \u00e9labor\u00e9e et son utilisation est assimil\u00e9e \u00e0 la mode, et \u00ab l&rsquo;aspect de la cigarette \u00e9lectronique \u00bb en termes de couleur est consid\u00e9r\u00e9 par de nombreuses consommatrices comme un \u00e9l\u00e9ment important dans le choix de la marque.<\/p>\n<h2 style=\"text-align: justify;\"><strong>La n\u00e9cessit\u00e9 de mieux r\u00e9glementer les dispositifs de vapotage pour prot\u00e9ger les jeunes<\/strong><\/h2>\n<p style=\"text-align: justify;\">L&rsquo;\u00e9tude indique que, dans toutes les tranches d&rsquo;\u00e2ge, il existe un lien entre une identit\u00e9 \u00ab cool \u00bb et l&rsquo;utilisation des produits du vapotage. Elle r\u00e9v\u00e8le \u00e9galement qu\u2019un nombre important d\u2019adolescents et jeunes adultes se sont initi\u00e9s au vapotage afin de se sentir inclus parmi leurs pairs. Les jeunes consult\u00e9s dans le cadre de l&rsquo;\u00e9tude estiment aussi que le marketing des produits de vapotage les cible directement. Ils trouvent les packagings attractifs, ressemblant parfois \u00e0 des jouets et constituant de v\u00e9ritables accessoires. Ils \u00e9voquent \u00e9galement la grande disponibilit\u00e9 d&rsquo;ar\u00f4mes, de couleurs et de possibilit\u00e9 de personnalisation du produit.<\/p>\n<p style=\"text-align: justify;\">Cette \u00e9tude fournit des recommandations cl\u00e9s aux d\u00e9cideurs politiques pour enrayer la consommation en hausse des produits du vapotage chez les adolescents irlandais. Selon les auteurs, il faudrait notamment envisager de l\u00e9gif\u00e9rer pour interdire les ar\u00f4mes et augmenter sensiblement le prix des produits de vapotage afin de les rendre moins accessibles aux enfants. D&rsquo;autres restrictions devraient \u00eatre impos\u00e9es en mati\u00e8re de publicit\u00e9s pour ces produits. Les auteurs recommandent en la mati\u00e8re d\u2019aligner les r\u00e8gles sur celles concernant les produits du tabac. Ils pr\u00e9conisent \u00e9galement de diffuser des messages de sant\u00e9 publique coh\u00e9rents et de mener des campagnes de pr\u00e9vention \u00e0 l\u2019attention du grand public abordant notamment les risques et cons\u00e9quences du vapotage pour les plus jeunes.<\/p>\n<p style=\"text-align: justify;\"><strong><a href=\"https:\/\/www.generationsanstabac.org\/\">\u00a9G\u00e9n\u00e9ration Sans Tabac<\/a><\/strong><\/p>\n<p style=\"text-align: right;\"><b><i>AE<\/i><\/b><\/p>\n<hr \/>\n<p style=\"text-align: justify;\"><strong>Mots-cl\u00e9s : Irlande, vapotage, adolescents, jeunes adultes, enfants, cigarette \u00e9lectronique, ar\u00f4mes, publicit\u00e9, mode de vie<\/strong><\/p>\n<p style=\"text-align: justify;\"><a href=\"#_ftnref1\" name=\"_ftn1\">[1]<\/a> <a href=\"https:\/\/www.foroige.ie\/blog\/foroige-sligo-release-vaping-research-report\">For\u00f3ige Sligo Release Vaping Research Report<\/a>, publi\u00e9 le 26 octobre 2023, consult\u00e9 le 3 novembre 2023<\/p>\n<p><strong><a href=\"http:\/\/www.cnct.fr\/\" target=\"_blank\" rel=\"noopener noreferrer\">Comit\u00e9 national contre le tabagisme |<\/a><\/strong><\/p>\n","protected":false},"excerpt":{"rendered":"<p>For\u00f3ige Sligo, une organisation de jeunes, en partenariat avec la North West Regional Drug and Alcohol Task Force (NWRDATF) a commandit\u00e9 une \u00e9tude sur la consommation des produits de vapotage des adolescents et jeunes adultes dans les comt\u00e9s de Sligo et Leitrim en Irlande[1]. Les r\u00e9sultats montrent que les enfants restent tr\u00e8s expos\u00e9s \u00e0 la publicit\u00e9 pour ces produits et qu\u2019ils arrivent ais\u00e9ment \u00e0 se procurer ces produits dans les lieux de vente malgr\u00e9 l\u2019interdiction de vente aux mineurs de moins de 18 ans.<\/p>\n","protected":false},"featured_media":11804,"template":"","tags":[],"thematique":[516],"class_list":["post-21245","actualites","type-actualites","status-publish","has-post-thumbnail","hentry","thematique-nouveaux-produits"],"acf":[],"_links":{"self":[{"href":"https:\/\/www.generationsanstabac.org\/fr\/wp-json\/wp\/v2\/actualites\/21245","targetHints":{"allow":["GET"]}}],"collection":[{"href":"https:\/\/www.generationsanstabac.org\/fr\/wp-json\/wp\/v2\/actualites"}],"about":[{"href":"https:\/\/www.generationsanstabac.org\/fr\/wp-json\/wp\/v2\/types\/actualites"}],"version-history":[{"count":0,"href":"https:\/\/www.generationsanstabac.org\/fr\/wp-json\/wp\/v2\/actualites\/21245\/revisions"}],"wp:featuredmedia":[{"embeddable":true,"href":"https:\/\/www.generationsanstabac.org\/fr\/wp-json\/wp\/v2\/media\/11804"}],"wp:attachment":[{"href":"https:\/\/www.generationsanstabac.org\/fr\/wp-json\/wp\/v2\/media?parent=21245"}],"wp:term":[{"taxonomy":"post_tag","embeddable":true,"href":"https:\/\/www.generationsanstabac.org\/fr\/wp-json\/wp\/v2\/tags?post=21245"},{"taxonomy":"thematique","embeddable":true,"href":"https:\/\/www.generationsanstabac.org\/fr\/wp-json\/wp\/v2\/thematique?post=21245"}],"curies":[{"name":"wp","href":"https:\/\/api.w.org\/{rel}","templated":true}]}}