{"id":21241,"date":"2023-11-03T09:00:05","date_gmt":"2023-11-03T08:00:05","guid":{"rendered":"https:\/\/www.generationsanstabac.org\/actualites\/mois-sans-tabac-un-defi-collectif-pour-arreter-de-fumer\/"},"modified":"2025-01-16T15:45:52","modified_gmt":"2025-01-16T14:45:52","slug":"mois-sans-tabac-un-defi-collectif-pour-arreter-de-fumer","status":"publish","type":"actualites","link":"https:\/\/www.generationsanstabac.org\/fr\/actualites\/mois-sans-tabac-un-defi-collectif-pour-arreter-de-fumer\/","title":{"rendered":"Mois sans tabac : un d\u00e9fi collectif pour arr\u00eater de fumer"},"content":{"rendered":"<p style=\"text-align: justify\"><em>Sant\u00e9 Publique France et le minist\u00e8re de la Sant\u00e9 et de la Pr\u00e9vention invitent les fumeurs \u00e0 se joindre \u00e0 l\u2019\u00e9dition 2023 du Mois sans tabac dans l\u2019objectif d\u2019arr\u00eater de fumer. Cette op\u00e9ration de marketing social, reconduite depuis 2016, est consid\u00e9r\u00e9e par l\u2019OCDE comme \u00e9tant l\u2019une des plus co\u00fbts-efficaces. <\/em><\/p>\n<p style=\"text-align: justify\">Avec pr\u00e8s de 32% de fumeurs chez les 18-75 ans en France, dont 25% quotidiens, le tabagisme reste particuli\u00e8rement pr\u00e9occupant en France. Il est chaque ann\u00e9e responsable de 75 000 d\u00e9c\u00e8s, soit 13 % de la mortalit\u00e9 totale. Pr\u00e8s de deux fumeurs sur trois (59 %) souhaitent pourtant arr\u00eater de fumer.<\/p>\n<p style=\"text-align: justify\">Con\u00e7ue sous la forme d\u2019un d\u00e9fi collectif, le Mois sans tabac invite les fumeurs \u00e0 arr\u00eater de fumer durant les 30 jours de novembre<a href=\"#_ftn1\" name=\"_ftnref1\">[1]<\/a>. Maintenir l\u2019arr\u00eat du tabac durant tout un mois multiplie en effet par cinq la probabilit\u00e9 de parvenir \u00e0 un r\u00e9sultat d\u00e9finitif. Plus de 130 000 personnes et 3 777 partenaires participent cette ann\u00e9e \u00e0 l\u2019op\u00e9ration Mois sans tabac, qu\u2019ils soient entreprises, associations ou institutions.<\/p>\n<h2 style=\"text-align: justify\"><strong>Un regain d\u2019int\u00e9r\u00eat en 2022, apr\u00e8s le creux de la crise COVID-19 <\/strong><\/h2>\n<p style=\"text-align: justify\">Participer \u00e0 une action collective est le pivot de cette op\u00e9ration de marketing social, qui utilise le levier de la solidarit\u00e9 pour stimuler la motivation des fumeurs. Le slogan <em>\u00ab Vous n\u2019\u00e9tiez pas seul quand vous avez commenc\u00e9, vous ne serez pas seul pour arr\u00eater \u00bb<\/em> est repris cette ann\u00e9e pour souligner le fondement collectif du tabagisme, lors de l\u2019initiation, mais aussi sur son maintien. Il s\u2019agit ici d\u2019utiliser ce ressort collectif pour sortir du tabagisme. Des actions de terrain dans les centres commerciaux et les entreprises permettent notamment de rencontrer au plus pr\u00e8s les fumeurs.<\/p>\n<p style=\"text-align: justify\">La participation au Mois sans tabac avait \u00e9t\u00e9 perturb\u00e9e par la crise de la COVID-19, et n\u2019avait rassembl\u00e9 que 126 568 personnes en 2020 et 112 933 en 2021. Avec 162 012 participants inscrits en 2022, soit 1,4 % du total des fumeurs, la participation avait connu un bond de 43 % entre 2021 et 2022. En 2022, la participation \u00e9tait f\u00e9minine \u00e0 67 %. La tranche d\u2019\u00e2ge des 25-44 ans \u00e9tait la plus repr\u00e9sent\u00e9e parmi les inscriptions (54 %), suivie par celle des plus de 45 ans (33 %) et celle des moins de 25 ans (11 %)<a href=\"#_ftn2\" name=\"_ftnref2\">[2]<\/a>.<\/p>\n<p style=\"text-align: justify\">Au total, plus d\u2019un million de fumeurs se sont d\u00e9j\u00e0 inscrits aux pr\u00e9c\u00e9dentes \u00e9ditions du Mois sans tabac depuis son lancement en 2016.<\/p>\n<h2 style=\"text-align: justify\"><strong>Des outils pour appuyer la d\u00e9marche d\u2019arr\u00eat du tabac<\/strong><\/h2>\n<p style=\"text-align: justify\">Plusieurs outils sont mis \u00e0 disposition des fumeurs pour appuyer leur d\u00e9marche d\u2019arr\u00eat du tabac :<\/p>\n<ul style=\"text-align: justify\">\n<li>Le site <a href=\"https:\/\/mois-sans-tabac.tabac-info-service.fr\">Mois sans tabac<\/a> permet de s\u2019inscrire \u00e0 l\u2019op\u00e9ration, d\u2019y participer et de recevoir le kit d\u2019aide \u00e0 l\u2019arr\u00eat Mois sans tabac.<\/li>\n<li>Le site <a href=\"https:\/\/www.tabac-info-service.fr\">Tabac Info Service<\/a> propose des informations sur le tabac et des outils d\u2019accompagnement.<\/li>\n<li>Le num\u00e9ro d\u2019appel <a href=\"https:\/\/www.tabac-info-service.fr\/je-me-fais-accompagner\/le-39-89\">39 89<\/a> (gratuit) est la ligne t\u00e9l\u00e9phonique de Tabac Info Service. Il vise \u00e0 mettre en relation les fumeurs avec un tabacologue et \u00e0 b\u00e9n\u00e9ficier d\u2019un suivi personnalis\u00e9. Il est particuli\u00e8rement adapt\u00e9 aux personnes g\u00e9ographiquement isol\u00e9es et permet aux populations les moins favoris\u00e9es d\u2019\u00eatre mises en relation avec des professionnels de sant\u00e9. Depuis le 31 mai 2023, la plateforme <a href=\"https:\/\/app.acce-o.fr\/client\/tabac-info-service\">Acceo<\/a> permet aux personnes sourdes ou malentendantes d\u2019acc\u00e9der au 39 89.<\/li>\n<li>L\u2019application d\u2019<a href=\"https:\/\/www.tabac-info-service.fr\/je-me-fais-accompagner\/je-telecharge-l-application-pour-arreter-de-fumer\">e-coaching<\/a> de Tabac Info Service propose un programme d\u2019accompagnement personnalis\u00e9 pour optimiser les chances d\u2019arr\u00eat.<\/li>\n<li>Sur les r\u00e9seaux sociaux, les pages <a href=\"https:\/\/www.facebook.com\/tabacinfoservice\/\">Facebook<\/a>, <a href=\"https:\/\/twitter.com\/Mois_sans_tabac\">X<\/a> et <a href=\"https:\/\/www.instagram.com\/tabacinfoservice\/\">Instagram<\/a> de Sant\u00e9 Publique France offrent aux fumeurs la possibilit\u00e9 d\u2019\u00e9changer avec d\u2019autres fumeurs, de se soutenir, d\u2019obtenir des informations et de partager des astuces pour affronter le sevrage.<\/li>\n<\/ul>\n<p style=\"text-align: justify\">D\u00e9clin\u00e9 d\u2019apr\u00e8s l\u2019op\u00e9ration Stoptober au Royaume-Uni, le Mois sans tabac a montr\u00e9 l\u2019int\u00e9r\u00eat des actions de marketing social. L\u2019implication massive d\u2019une grande vari\u00e9t\u00e9 de partenaires, la port\u00e9e d\u2019une action collective nationale et la forte publicit\u00e9 qui lui est accord\u00e9e sont les principales cl\u00e9s du succ\u00e8s de cette op\u00e9ration. Un rapport de l\u2019Organisation de Coop\u00e9ration et de D\u00e9veloppement Economiques (OCDE) publi\u00e9 en juin 2023 a confirm\u00e9 que, si les actions de lutte antitabac sont globalement <a href=\"https:\/\/www.generationsanstabac.org\/actualites\/lutte-antitabac-en-france-des-mesures-particulierement-couts-efficaces\/\">co\u00fbts-efficaces<\/a>, l\u2019op\u00e9ration Mois sans tabac est l\u2019une des plus rentables.<\/p>\n<p style=\"text-align: justify\">Mois sans tabac s\u2019inscrit dans une strat\u00e9gie d\u2019ensemble de r\u00e9duction du tabagisme. Celle-ci comprend l\u2019augmentation du prix du tabac, des mesures r\u00e9glementaires fortes et effectives (interdiction de vente aux mineurs, le d\u00e9veloppement de lieux sans tabac, la r\u00e9glementation des produits pour les rendre moins attractifs\u2026) et des campagnes de sensibilisation du public. Autant de dispositions qui devraient \u00eatre renforc\u00e9es par le prochain Programme national de lutte contre le tabac (PNLT), annonc\u00e9 cet automne.<\/p>\n<p>&nbsp;<\/p>\n<p><img fetchpriority=\"high\" decoding=\"async\" class=\"aligncenter size-large wp-image-6576\" src=\"https:\/\/www.generationsanstabac.org\/wp-content\/uploads\/2024\/07\/Infographie-Mois-sans-tabac-410x1024.jpg\" alt=\"\" width=\"410\" height=\"1024\" \/><\/p>\n<p>&nbsp;<\/p>\n<p style=\"text-align: justify\"><em>Pour en savoir davantage sur le Mois sans tabac, consulter notre <\/em><a href=\"https:\/\/www.generationsanstabac.org\/article\/mois-sans-tabac-utilisation-du-marketing-social-dans-la-lutte-antitabac\/\"><em>fiche d\u2019information<\/em><\/a><em>. <\/em><\/p>\n<p><strong>Mots-cl\u00e9s : Mois sans tabac, Sant\u00e9 Publique France, Tabac Info Service, marketing social, sevrage, arr\u00eat du tabac<\/strong><\/p>\n<p style=\"text-align: justify\"><strong><a href=\"https:\/\/www.generationsanstabac.org\/\">\u00a9G\u00e9n\u00e9ration Sans Tabac<\/a><\/strong><\/p>\n<p style=\"text-align: right\"><b><i>MF<\/i><\/b><\/p>\n<hr \/>\n<p><a href=\"#_ftnref1\" name=\"_ftn1\">[1]<\/a> <a href=\"https:\/\/sante.gouv.fr\/actualites\/actualites-du-ministere\/article\/8eme-edition-de-mois-sans-tabac-les-inscriptions-sont-ouvertes\"><em>8\u00e8me \u00e9dition de Mois sans tabac : les inscriptions sont ouvertes<\/em><\/a>, Minist\u00e8re de la Sant\u00e9 et de la Pr\u00e9vention, publi\u00e9 le 18 octobre 2023, consult\u00e9 le 2 novembre 2023.<\/p>\n<p><a href=\"#_ftnref2\" name=\"_ftn2\">[2]<\/a> <a href=\"https:\/\/www.santepubliquefrance.fr\/presse\/2023\/8e-edition-de-mois-sans-tabac-inscrivez-vous-des-maintenant-pour-relever-le-defi\"><em>8e \u00e9dition de Mois sans tabac : Inscrivez-vous d\u00e8s maintenant pour relever le d\u00e9fi !<\/em><\/a>, Sant\u00e9 Publique France, publi\u00e9 le 18 octobre 2023, consult\u00e9 le 2 novembre 2023.<\/p>\n<p><strong><a href=\"http:\/\/www.cnct.fr\/\" target=\"_blank\" rel=\"noopener noreferrer\">Comit\u00e9 national contre le tabagisme |<\/a><\/strong><\/p>\n","protected":false},"excerpt":{"rendered":"<p>Sant\u00e9 Publique France et le minist\u00e8re de la Sant\u00e9 et de la Pr\u00e9vention invitent les fumeurs \u00e0 se joindre \u00e0 l\u2019\u00e9dition 2023 du Mois sans tabac dans l\u2019objectif d\u2019arr\u00eater de fumer. Cette op\u00e9ration de marketing social, reconduite depuis 2016, est consid\u00e9r\u00e9e par l\u2019OCDE comme \u00e9tant l\u2019une des plus co\u00fbts-efficaces.<\/p>\n","protected":false},"featured_media":15420,"template":"","tags":[],"thematique":[474,565],"class_list":["post-21241","actualites","type-actualites","status-publish","has-post-thumbnail","hentry","thematique-sante","thematique-sensibilisation"],"acf":[],"_links":{"self":[{"href":"https:\/\/www.generationsanstabac.org\/fr\/wp-json\/wp\/v2\/actualites\/21241","targetHints":{"allow":["GET"]}}],"collection":[{"href":"https:\/\/www.generationsanstabac.org\/fr\/wp-json\/wp\/v2\/actualites"}],"about":[{"href":"https:\/\/www.generationsanstabac.org\/fr\/wp-json\/wp\/v2\/types\/actualites"}],"version-history":[{"count":0,"href":"https:\/\/www.generationsanstabac.org\/fr\/wp-json\/wp\/v2\/actualites\/21241\/revisions"}],"wp:featuredmedia":[{"embeddable":true,"href":"https:\/\/www.generationsanstabac.org\/fr\/wp-json\/wp\/v2\/media\/15420"}],"wp:attachment":[{"href":"https:\/\/www.generationsanstabac.org\/fr\/wp-json\/wp\/v2\/media?parent=21241"}],"wp:term":[{"taxonomy":"post_tag","embeddable":true,"href":"https:\/\/www.generationsanstabac.org\/fr\/wp-json\/wp\/v2\/tags?post=21241"},{"taxonomy":"thematique","embeddable":true,"href":"https:\/\/www.generationsanstabac.org\/fr\/wp-json\/wp\/v2\/thematique?post=21241"}],"curies":[{"name":"wp","href":"https:\/\/api.w.org\/{rel}","templated":true}]}}