{"id":21226,"date":"2023-10-21T08:00:28","date_gmt":"2023-10-21T06:00:28","guid":{"rendered":"https:\/\/www.generationsanstabac.org\/actualites\/pression-juridique-sur-la-commission-europeenne-autour-du-tabac-chauffe\/"},"modified":"2023-10-21T08:00:28","modified_gmt":"2023-10-21T06:00:28","slug":"pression-juridique-sur-la-commission-europeenne-autour-du-tabac-chauffe","status":"publish","type":"actualites","link":"https:\/\/www.generationsanstabac.org\/fr\/actualites\/pression-juridique-sur-la-commission-europeenne-autour-du-tabac-chauffe\/","title":{"rendered":"Pression juridique sur la Commission europ\u00e9enne autour du tabac chauff\u00e9"},"content":{"rendered":"<p style=\"text-align: justify;\"><em>Poursuivi par deux entreprises impliqu\u00e9es dans la vente et le marketing des produits de tabac chauff\u00e9 de la marque glo (BAT), l\u2019Etat irlandais devrait saisir la Cour de justice europ\u00e9enne. Il s\u2019agit notamment d\u2019\u00e9tablir si la Commission europ\u00e9enne aurait outrepass\u00e9 ses pouvoirs en interdisant les ar\u00f4mes pour les produits de tabac chauff\u00e9. <\/em><\/p>\n<p style=\"text-align: justify;\">En juin 2022  la Commission europ\u00e9enne a propos\u00e9 aux \u00e9tats-membres d\u2019interdire les <a href=\"https:\/\/www.generationsanstabac.org\/actualites\/la-commission-europeenne-propose-dinterdire-les-aromes-pour-le-tabac-a-chauffer\/\">produits aromatis\u00e9s<\/a> destin\u00e9s aux dispositifs de tabac chauff\u00e9. Cette proposition, qui devait ensuite \u00eatre examin\u00e9e par les 27 gouvernements de l\u2019Union europ\u00e9enne, se justifiait par la rapide croissance des produits de tabac chauff\u00e9 en Europe. Entre 2018 et 2020, le march\u00e9 europ\u00e9en de ces produits \u00e9tait pass\u00e9 de 934 millions d\u2019euros \u00e0 pr\u00e8s de 20 milliards d\u2019euros (+2000 %)<a href=\"#_ftn1\" name=\"_ftnref1\">[1]<\/a>.<\/p>\n<p style=\"text-align: justify;\">La directive interdisant les ar\u00f4mes dans les produits de tabac chauff\u00e9 s\u2019inscrivait dans le cadre de la directive europ\u00e9enne sur les produits du tabac de 2014<a href=\"#_ftn2\" name=\"_ftnref2\">[2]<\/a>. Elle impose \u00e9galement \u00e0 l\u2019ensemble des Etats membres l\u2019obligation d\u2019apposer des avertissements sanitaires pour ces produits de tabac chauff\u00e9. Elle est entr\u00e9e en vigueur le 23 novembre 2022.<\/p>\n<h2 style=\"text-align: justify;\"><strong>Mise en cause des d\u00e9l\u00e9gations de pouvoir de la Commission Europ\u00e9enne <\/strong><\/h2>\n<p style=\"text-align: justify;\">Deux entreprises \u2013 PJ Carroll &amp; Company et Nicoventures Trading \u2013 exer\u00e7ant dans la vente et le marketing en Irlande des produits de tabac chauff\u00e9 de la marque glo, fabriqu\u00e9s par British American Tobacco (BAT), ont estim\u00e9 cette directive abusive. Elles ont poursuivi l\u2019Etat irlandais, qui s\u2019appr\u00eatait \u00e0 transposer cette directive dans sa l\u00e9gislation, au motif que la Commission europ\u00e9enne (CE) aurait outrepass\u00e9 ses pouvoirs. Selon les avocats des plaignants, il s\u2019agirait d\u2019une d\u00e9cision politique, un domaine qui rel\u00e8ve en principe des \u00e9tats-membres et non de la Commission europ\u00e9enne. Quatre \u00e9tats-membres auraient contest\u00e9 en 2022 ce qu\u2019ils estimaient \u00eatre un abus de d\u00e9l\u00e9gation de pouvoir de la CE.<\/p>\n<p style=\"text-align: justify;\">La Cour de Dublin a saisi la Cour de justice de l\u2019Union europ\u00e9enne (CJUE) pour \u00e9clairer ces questions<a href=\"#_ftn3\" name=\"_ftnref3\">[3]<\/a>. L\u2019un des arguments des fabricants est que les produits de tabac chauff\u00e9 n\u2019existaient pas au moment de la directive de 2014 et qu\u2019ils ne seraient pas concern\u00e9s par celle-ci. Il est aussi reproch\u00e9 \u00e0 la Commission europ\u00e9enne de ne pas avoir pris en compte que les b\u00e2tonnets de tabac chauff\u00e9 contiennent moins de tabac qu\u2019une cigarette, un argument d\u00e9j\u00e0 avanc\u00e9 par les fabricants pour tenter d\u2019\u00e9chapper aux lourdes taxes sur les produits du tabac.<\/p>\n<h2 style=\"text-align: justify;\"><strong>Contestation syst\u00e9matique des mesures de sant\u00e9 publique par l\u2019industrie du tabac<\/strong><\/h2>\n<p style=\"text-align: justify;\">Les institutions de l\u2019Union Europ\u00e9enne, cr\u00e9atrices de normes sur les sujets environnementaux, sociaux ou de sant\u00e9, sont des cibles essentielles pour les industriels et notamment l\u2019industrie du tabac.<\/p>\n<p style=\"text-align: justify;\">Cette offensive judiciaire de l\u2019industrie du tabac est conforme \u00e0 sa strat\u00e9gie globale de d\u00e9r\u00e9glementation et de pression sur les institutions publiques. Tout en se pr\u00e9sentant comme des acteurs responsables et soucieux de la sant\u00e9 publique, les industriels du tabac contestent invariablement toute disposition qui pourrait restreindre leurs profits. Afin de combattre des mesures de sant\u00e9 publique, ils poursuivent des \u00e9tats en justice, comme ce fut le cas pour l\u2019Australie, l\u2019Uruguay mais aussi la France. D\u2019une mani\u00e8re plus g\u00e9n\u00e9rale, ils menacent nombre d\u2019Etats de proc\u00e9dures co\u00fbteuses afin de les dissuader d\u2019adopter de telles mesures. Engager une action en justice pour contester l\u2019extension d\u2019une mesure de sant\u00e9 publique, comme c\u2019est ici le cas avec les produits de tabac chauff\u00e9 aromatis\u00e9s, est ainsi une des nombreuses strat\u00e9gies de l\u2019industrie du tabac.<\/p>\n<p style=\"text-align: justify;\">Plusieurs de ses pays \u2013 Irlande, Finlande, Pays-Bas \u2013 font partie des leaders mondiaux de la lutte antitabac. L\u2019une des strat\u00e9gies des industriels est notamment d\u2019utiliser des \u00e9tats qui lui sont favorables (Pologne, Italie, Allemagne, R\u00e9publique Tch\u00e8que\u2026) pour avancer ses positions et emp\u00eacher le consensus entre \u00e9tats-membres.<\/p>\n<p style=\"text-align: justify;\"><em>Pour en savoir davantage sur le tabac chauff\u00e9 et la strat\u00e9gie des \u00ab alternatives \u00e0 la combustion \u00bb, consulter notre <\/em><a href=\"https:\/\/www.generationsanstabac.org\/article\/alternatives-sans-combustion-le-discours-trompeur-de-philip-morris-sur-la-reduction-des-risques\/\"><em>d\u00e9cryptage<\/em><\/a><em>. <\/em><\/p>\n<p style=\"text-align: justify;\"><strong>Mots-cl\u00e9s : tabac chauff\u00e9, glo, BAT, Commission Europ\u00e9enne, lobby, ing\u00e9rence, ar\u00f4mes<\/strong><\/p>\n<p style=\"text-align: justify;\"><strong><a href=\"https:\/\/www.generationsanstabac.org\/\">\u00a9G\u00e9n\u00e9ration Sans Tabac<\/a><\/strong><\/p>\n<p style=\"text-align: right;\"><b><i>MF<\/i><\/b><\/p>\n<hr \/>\n<p style=\"text-align: justify;\"><a href=\"#_ftnref1\" name=\"_ftn1\">[1]<\/a> <a href=\"https:\/\/www.france24.com\/en\/live-news\/20220721-smoke-without-fire-researchers-question-heated-tobacco-products\"><em>Smoke without fire? Researchers question heated tobacco products<\/em><\/a>, France 24\/AFP, publi\u00e9 le 21 juillet 2022, consult\u00e9 le 13 octobre 2023.<\/p>\n<p style=\"text-align: justify;\"><a href=\"#_ftnref2\" name=\"_ftn2\">[2]<\/a> <a href=\"https:\/\/eur-lex.europa.eu\/legal-content\/EN\/TXT\/?uri=uriserv%3AOJ.L_.2022.283.01.0004.01.ENG&amp;toc=OJ%3AL%3A2022%3A283%3ATOC\"><em>Commission Delegated Directive (EU) 2022\/2100 of 29 June 2022 amending Directive 2014\/40\/EU of the European Parliament and of the Council as regards the withdrawal of certain exemptions in respect of heated tobacco products (Text with EEA relevance)<\/em><\/a>, EUR-Lex, publi\u00e9 le 3 novembre 2022, consult\u00e9 le 13 octobre 2023.<\/p>\n<p style=\"text-align: justify;\"><a href=\"#_ftnref3\" name=\"_ftn3\">[3]<\/a> Powell N, <a href=\"https:\/\/www.eureporter.co\/health\/tobacco-2\/2023\/10\/11\/exclusive-commission-to-face-european-court-over-tobacco-law-overreach\/\"><em>Exclusive: Commission to face European court over tobacco law overreach<\/em><\/a>, Eureporter, publi\u00e9 le 11 octobre 2023, consult\u00e9 le 13 octobre 2023.<\/p>\n<p><strong><a href=\"http:\/\/www.cnct.fr\/\" target=\"_blank\" rel=\"noopener noreferrer\">Comit\u00e9 national contre le tabagisme |<\/a><\/strong><\/p>\n","protected":false},"excerpt":{"rendered":"<p>Poursuivi par deux entreprises impliqu\u00e9es dans la vente et le marketing des produits de tabac chauff\u00e9 de la marque glo (BAT), l\u2019Etat irlandais devrait saisir la Cour de justice europ\u00e9enne. Il s\u2019agit notamment d\u2019\u00e9tablir si la Commission europ\u00e9enne aurait outrepass\u00e9 ses pouvoirs en interdisant les ar\u00f4mes pour les produits de tabac chauff\u00e9.<\/p>\n","protected":false},"featured_media":11769,"template":"","tags":[],"thematique":[499],"class_list":["post-21226","actualites","type-actualites","status-publish","has-post-thumbnail","hentry","thematique-lobby"],"acf":[],"_links":{"self":[{"href":"https:\/\/www.generationsanstabac.org\/fr\/wp-json\/wp\/v2\/actualites\/21226","targetHints":{"allow":["GET"]}}],"collection":[{"href":"https:\/\/www.generationsanstabac.org\/fr\/wp-json\/wp\/v2\/actualites"}],"about":[{"href":"https:\/\/www.generationsanstabac.org\/fr\/wp-json\/wp\/v2\/types\/actualites"}],"version-history":[{"count":0,"href":"https:\/\/www.generationsanstabac.org\/fr\/wp-json\/wp\/v2\/actualites\/21226\/revisions"}],"wp:featuredmedia":[{"embeddable":true,"href":"https:\/\/www.generationsanstabac.org\/fr\/wp-json\/wp\/v2\/media\/11769"}],"wp:attachment":[{"href":"https:\/\/www.generationsanstabac.org\/fr\/wp-json\/wp\/v2\/media?parent=21226"}],"wp:term":[{"taxonomy":"post_tag","embeddable":true,"href":"https:\/\/www.generationsanstabac.org\/fr\/wp-json\/wp\/v2\/tags?post=21226"},{"taxonomy":"thematique","embeddable":true,"href":"https:\/\/www.generationsanstabac.org\/fr\/wp-json\/wp\/v2\/thematique?post=21226"}],"curies":[{"name":"wp","href":"https:\/\/api.w.org\/{rel}","templated":true}]}}