{"id":21224,"date":"2023-10-22T07:50:37","date_gmt":"2023-10-22T05:50:37","guid":{"rendered":"https:\/\/www.generationsanstabac.org\/actualites\/reduire-inegalites-sociales-tabagisme\/"},"modified":"2023-10-22T07:50:37","modified_gmt":"2023-10-22T05:50:37","slug":"reduire-inegalites-sociales-tabagisme","status":"publish","type":"actualites","link":"https:\/\/www.generationsanstabac.org\/fr\/actualites\/reduire-inegalites-sociales-tabagisme\/","title":{"rendered":"Des pistes pour r\u00e9duire les in\u00e9galit\u00e9s sociales face au tabagisme"},"content":{"rendered":"<p style=\"text-align: justify;\"><em>Au cours de la 14<sup>\u00e8me<\/sup> Rencontre de Tab\u2019Actu, Romain Guignard de l\u2019agence Sant\u00e9 publique France a rappel\u00e9 pourquoi les cat\u00e9gories sociales les moins favoris\u00e9es sont plus expos\u00e9es au tabagisme. Il a expos\u00e9 les r\u00e9ponses de Sant\u00e9 Publique France \u00e0 cette situation et esquiss\u00e9 quelques pistes pour r\u00e9duire le tabagisme dans cette population.   <\/em><\/p>\n<p style=\"text-align: justify;\">L\u2019enqu\u00eate conduite par Sant\u00e9 Publique France en 2022 sur les derni\u00e8res tendances du tabagisme l\u2019indiquait : l\u2019usage de tabac se maintient <a href=\"https:\/\/www.generationsanstabac.org\/actualites\/interruption-de-la-baisse-du-tabagisme-en-particulier-chez-les-femmes-et-les-plus-precaires\/\">\u00e0 un niveau \u00e9lev\u00e9<\/a> en France. Il reste plus particuli\u00e8rement pr\u00e9occupant dans les cat\u00e9gories socioprofessionnelles les moins favoris\u00e9es, dont l\u2019\u00e9cart de pr\u00e9valence tabagique avec les populations favoris\u00e9es s\u2019est globalement creus\u00e9 au fil des derni\u00e8res d\u00e9cennies.<\/p>\n<p style=\"text-align: justify;\">Intervenant lors de la 14<sup>\u00e8me<\/sup> Rencontre Tab\u2019Actu, organis\u00e9e \u00e0 Villers-les-Nancy le 12 octobre 2023, Romain Guignard, charg\u00e9 d\u2019expertise scientifique \u00e0 Sant\u00e9 Publique France, a bross\u00e9 un tableau de ce ph\u00e9nom\u00e8ne et des possibles moyens d\u2019y rem\u00e9dier.<\/p>\n<h2 style=\"text-align: justify;\"><strong>Diff\u00e9rence importante de la pr\u00e9valence tabagique entre groupes sociaux<\/strong><\/h2>\n<p style=\"text-align: justify;\">Apr\u00e8s s\u2019\u00eatre fortement accrue entre 2000 et 2016, les in\u00e9galit\u00e9s sociales face au tabagisme avaient connu une p\u00e9riode de baisse. L\u2019\u00e9cart de pr\u00e9valence tabagique s\u2019est de nouveau accentu\u00e9 depuis 2019. Il marque \u00e0 pr\u00e9sent une diff\u00e9rence de 14 points entre les personnes dipl\u00f4m\u00e9es et celles ayant un niveau d\u2019\u00e9tudes inf\u00e9rieur au baccalaur\u00e9at, et de 12 points entre les plus hauts et les plus bas revenus<a href=\"#_ftn1\" name=\"_ftnref1\">[1]<\/a>. Le pic de pr\u00e9valence tabagique est atteint chez les ch\u00f4meurs (40 %). Le <a href=\"https:\/\/www.generationsanstabac.org\/actualites\/les-jeunes-reduisent-leur-usage-de-tabac-et-augmentent-celui-des-cigarettes-electroniques\/\">tabagisme des jeunes<\/a> se r\u00e9duit sensiblement, passant de 32,4 % de fumeurs quotidiens \u00e0 17 ans en 2014 \u00e0 15,6 % en 2022<a href=\"#_ftn2\" name=\"_ftnref2\">[2]<\/a>, mais d\u2019importants \u00e9carts s\u2019observent entre les jeunes selon leur parcours scolaire.<\/p>\n<p style=\"text-align: justify;\">La litt\u00e9rature scientifique indique que les fumeurs les plus modestes tentent autant que les autres d\u2019arr\u00eater de fumer, mais y parviennent moins facilement. Si l\u2019intention d\u2019arr\u00eat du tabac augmente lorsque les fumeurs rencontrent des difficult\u00e9s financi\u00e8res, les fumeurs des milieux d\u00e9favoris\u00e9s engagent plus difficilement une d\u00e9marche d\u2019arr\u00eat et connaissent davantage d\u2019\u00e9checs. Les risques li\u00e9s au tabac sont par ailleurs moins bien per\u00e7us parmi les populations d\u00e9favoris\u00e9es, qui se projettent \u00e9galement moins dans l\u2019avenir. Une hypoth\u00e8se \u00e9voque une d\u00e9pendance nicotinique plus forte chez les populations d\u00e9favoris\u00e9es, qui sont davantage expos\u00e9es \u00e0 diff\u00e9rents stress (travail p\u00e9nible, conditions de vie, histoire familiale). L\u2019exposition au tabagisme passif, plus fr\u00e9quente dans les foyers d\u00e9favoris\u00e9s, et l\u2019ancrage de la norme tabagique augmentent par ailleurs le risque pour les jeunes d\u2019entrer dans le tabagisme et de devenir fumeurs.<\/p>\n<h2 style=\"text-align: justify;\"><strong>Motivations et freins \u00e0 l\u2019arr\u00eat du tabac chez les publics d\u00e9favoris\u00e9s<\/strong><\/h2>\n<p style=\"text-align: justify;\">Une \u00e9tude qualitative r\u00e9alis\u00e9e par Sant\u00e9 Publique France et Kantar entre novembre 2020 et f\u00e9vrier 2021 a explor\u00e9 les motivations et les freins \u00e0 l\u2019arr\u00eat du tabac dans les cat\u00e9gories socioprofessionnelles inf\u00e9rieures et interm\u00e9diaires. Les principales motivations \u00e0 l\u2019arr\u00eat \u00e9taient la pr\u00e9servation de la sant\u00e9, le co\u00fbt du tabac (apr\u00e8s le seuil du paquet \u00e0 10 euros) et la lib\u00e9ration d\u2019une addiction. Parmi les freins, la crainte des cons\u00e9quences du sevrage (manque, irritabilit\u00e9, prise de poids), ainsi que la peur de l\u2019\u00e9chec, apparaissaient primordiales. La perte de ce qui est per\u00e7u comme un plaisir et une b\u00e9quille pour faire face au stress, tout comme l\u2019impression de perdre une part de sa sociabilit\u00e9, voire de son identit\u00e9, \u00e9taient aussi exprim\u00e9es. Le sentiment d\u2019\u00eatre seul face au tabagisme, la m\u00e9connaissance des traitements et des aides \u00e0 l\u2019arr\u00eat et une certaine d\u00e9fiance vis-\u00e0-vis des institutions et des messages sanitaires accentuent ces freins \u00e0 l\u2019arr\u00eat.<\/p>\n<h2 style=\"text-align: justify;\"><strong>Des outils permettent de r\u00e9duire les in\u00e9galit\u00e9s sociales face au tabac<\/strong><\/h2>\n<p style=\"text-align: justify;\">R\u00e9duire le tabagisme des populations les plus pr\u00e9caires constitue une priorit\u00e9 de sant\u00e9 publique. Plusieurs pistes ont \u00e9t\u00e9 esquiss\u00e9es pour y parvenir. L\u2019objectif est de mieux accompagner ces populations, de les rapprocher des professionnels de sant\u00e9 et de souligner l\u2019int\u00e9r\u00eat des aides au sevrage valid\u00e9es. Certains principes sont d\u00e9sormais admis :<\/p>\n<ul style=\"text-align: justify;\">\n<li>proposer des services d\u2019aide \u00e0 l\u2019arr\u00eat du tabac au plus pr\u00e8s de ces populations ;<\/li>\n<li>adopter une d\u00e9marche pro-active, en proposant r\u00e9guli\u00e8rement une aide \u00e0 l\u2019arr\u00eat du tabac ;<\/li>\n<li>s\u2019appuyer sur des bases scientifiques solides et les populariser ;<\/li>\n<li>associer les publics-cibles \u00e0 la conception des interventions ;<\/li>\n<li>lever les freins financiers, notamment en informant sur les modalit\u00e9s de remboursement des traitements nicotiniques.<\/li>\n<\/ul>\n<p style=\"text-align: justify;\">Sur le terrain, les op\u00e9rations de marketing social comme le Mois sans tabac offrent l\u2019avantage d\u2019\u00eatre \u00e0 la fois r\u00e9percut\u00e9es par les m\u00e9dias et par les r\u00e9seaux de proximit\u00e9. Des outils ayant montr\u00e9 leur efficacit\u00e9 aupr\u00e8s des fumeurs modestes, comme le site anglais StopAdvisor, gagneraient \u00e0 \u00eatre d\u00e9clin\u00e9s en version fran\u00e7aise<a href=\"#_ftn3\" name=\"_ftnref3\">[3]<\/a>. La ligne 3989, le site et l\u2019application de Tabac Info Service constituent \u00e9galement des moyens tr\u00e8s accessibles d\u2019entrer en contact avec des tabacologues.<\/p>\n<p style=\"text-align: justify;\">Enfin, les campagnes de communication cibl\u00e9es mettant en sc\u00e8ne des t\u00e9moignages de personnes modestes, \u00e0 l\u2019image de celle d\u00e9ploy\u00e9e par Sant\u00e9 Publique France en 2022 sous forme de vid\u00e9os et d\u2019affiches, semblent plus adapt\u00e9es aux populations d\u00e9favoris\u00e9es que les campagnes d\u2019information g\u00e9n\u00e9rale.<\/p>\n<p style=\"text-align: justify;\"><strong>Mots-cl\u00e9s : in\u00e9galit\u00e9s sociales, cat\u00e9gories d\u00e9favoris\u00e9es, Sant\u00e9 Publique France, Mois sans tabac<\/strong><\/p>\n<p style=\"text-align: justify;\"><strong><a href=\"https:\/\/www.generationsanstabac.org\/\">\u00a9G\u00e9n\u00e9ration Sans Tabac<\/a><\/strong><\/p>\n<p style=\"text-align: right;\"><b><i>MF<\/i><\/b><\/p>\n<hr \/>\n<p style=\"text-align: justify;\"><a href=\"#_ftnref1\" name=\"_ftn1\">[1]<\/a> Pasquereau A, Andler R, Guignard R, Soullier N, Beck F, Nguyen-Thanh V. <a href=\"http:\/\/beh.santepubliquefrance.fr\/beh\/2023\/9-10\/2023_9-10_1.html\"><em>Pre\u0301valence du tabagisme et du vapotage en France me\u0301tropolitaine en 2022 parmi les 18-75 ans<\/em><\/a>. Bull E\u0301pide\u0301miol Hebd. 2023;(9-10):152-8.<\/p>\n<p style=\"text-align: justify;\"><a href=\"#_ftnref2\" name=\"_ftn2\">[2]<\/a> OFDT, <a href=\"https:\/\/www.ofdt.fr\/publications\/collections\/tendances\/les-drogues-17-ans-analyse-de-lenquete-escapad-2022-tendances-155-mars-2022\/\"><em>Les drogues \u00e0 17 ans, Analyse de l\u2019enqu\u00eate ESCAPAD 2022<\/em><\/a>, Tendances n\u00b0155, mars 2023, 8 p.<\/p>\n<p style=\"text-align: justify;\"><a href=\"#_ftnref3\" name=\"_ftn3\">[3]<\/a> Arwidson P, Guignard R, Nguyen-Thanh V. <a href=\"http:\/\/beh.santepubliquefrance.fr\/beh\/2016\/16-17\/2016_16-17_7.html\"><em>Conception et \u00e9valuation d\u2019une intervention d\u2019aide \u00e0 l\u2019arr\u00eat du tabac visant \u00e0 la r\u00e9duction des in\u00e9galit\u00e9s de sant\u00e9. L\u2019exemple du site Internet StopAdvisor en Grande-Bretagne.<\/em><\/a> Bull Epid\u00e9miol Hebd. 2016;(16-17):320-5.<\/p>\n<p><strong><a href=\"http:\/\/www.cnct.fr\/\" target=\"_blank\" rel=\"noopener noreferrer\">Comit\u00e9 national contre le tabagisme |<\/a><\/strong><\/p>\n","protected":false},"excerpt":{"rendered":"<p>Romain Guignard de l\u2019agence Sant\u00e9 publique France donne des pistes pour r\u00e9duire les in\u00e9galit\u00e9s sociales li\u00e9es au tabagisme.<\/p>\n","protected":false},"featured_media":11765,"template":"","tags":[],"thematique":[474],"class_list":["post-21224","actualites","type-actualites","status-publish","has-post-thumbnail","hentry","thematique-sante"],"acf":[],"_links":{"self":[{"href":"https:\/\/www.generationsanstabac.org\/fr\/wp-json\/wp\/v2\/actualites\/21224","targetHints":{"allow":["GET"]}}],"collection":[{"href":"https:\/\/www.generationsanstabac.org\/fr\/wp-json\/wp\/v2\/actualites"}],"about":[{"href":"https:\/\/www.generationsanstabac.org\/fr\/wp-json\/wp\/v2\/types\/actualites"}],"version-history":[{"count":0,"href":"https:\/\/www.generationsanstabac.org\/fr\/wp-json\/wp\/v2\/actualites\/21224\/revisions"}],"wp:featuredmedia":[{"embeddable":true,"href":"https:\/\/www.generationsanstabac.org\/fr\/wp-json\/wp\/v2\/media\/11765"}],"wp:attachment":[{"href":"https:\/\/www.generationsanstabac.org\/fr\/wp-json\/wp\/v2\/media?parent=21224"}],"wp:term":[{"taxonomy":"post_tag","embeddable":true,"href":"https:\/\/www.generationsanstabac.org\/fr\/wp-json\/wp\/v2\/tags?post=21224"},{"taxonomy":"thematique","embeddable":true,"href":"https:\/\/www.generationsanstabac.org\/fr\/wp-json\/wp\/v2\/thematique?post=21224"}],"curies":[{"name":"wp","href":"https:\/\/api.w.org\/{rel}","templated":true}]}}