{"id":21215,"date":"2023-10-12T08:00:18","date_gmt":"2023-10-12T06:00:18","guid":{"rendered":"https:\/\/www.generationsanstabac.org\/actualites\/la-colombie-britannique-interessee-par-les-restrictions-de-vente-de-tabac-aux-jeunes\/"},"modified":"2023-10-12T08:00:18","modified_gmt":"2023-10-12T06:00:18","slug":"la-colombie-britannique-interessee-par-les-restrictions-de-vente-de-tabac-aux-jeunes","status":"publish","type":"actualites","link":"https:\/\/www.generationsanstabac.org\/fr\/actualites\/la-colombie-britannique-interessee-par-les-restrictions-de-vente-de-tabac-aux-jeunes\/","title":{"rendered":"La Colombie-Britannique int\u00e9ress\u00e9e par les restrictions de vente de tabac aux jeunes"},"content":{"rendered":"<p style=\"font-weight: 400; text-align: justify;\"><em>Le ministre de la Sant\u00e9 de la Colombie-Britannique au Canada s\u2019est d\u00e9clar\u00e9 tr\u00e8s int\u00e9ress\u00e9 par les projets de fin des ventes de tabac aux jeunes n\u00e9s \u00e0 partir de 2009, adopt\u00e9 en Nouvelle-Z\u00e9lande et annonc\u00e9 en Angleterre. Il estime que cette m\u00e9thode permettrait d\u2019atteindre une g\u00e9n\u00e9ration sans tabac en 2040 dans la province. <\/em><\/p>\n<p style=\"font-weight: 400; text-align: justify;\">Avec 8,7 % de fumeurs quotidiens et 2 % de fumeurs occasionnels en 2022, la Colombie-Britannique est la province canadienne dont la pr\u00e9valence tabagique est la plus basse. Loin de s\u2019en satisfaire, Adrian Dix, le ministre de cette province souhaite aller plus loin et se d\u00e9clare <em>\u00ab ouvert \u00e0 toutes les id\u00e9es qui permettront d\u2019y parvenir \u00bb<\/em>. Les projets, act\u00e9 en <a href=\"applewebdata:\/\/A6756977-AA74-4958-9F75-5E9125A2C333\/La%20Nouvelle-Z%C3%A9lande%20proche%20d%E2%80%99atteindre%20son%20objectif%20de%20g%C3%A9n%C3%A9ration%20sans%20tabac%20d%E2%80%99ici%202025\">Nouvelle-Z\u00e9lande<\/a> et annonc\u00e9 en <a href=\"https:\/\/www.generationsanstabac.org\/actualites\/langleterre-veut-interdire-la-vente-de-cigarettes-aux-personnes-nees-apres-2009\/\">Angleterre<\/a>, de stopper toute vente de produits du tabac aux jeunes n\u00e9s \u00e0 partir de 2009 ont particuli\u00e8rement retenu son attention<a href=\"applewebdata:\/\/A6756977-AA74-4958-9F75-5E9125A2C333#_ftn1\" name=\"_ftnref1\">[1]<\/a>. Adrian Dix esp\u00e8re qu\u2019ils permettront d\u2019atteindre <em>\u00ab presque compl\u00e8tement \u00bb<\/em>une g\u00e9n\u00e9ration sans tabac d\u2019ici 2040<a href=\"applewebdata:\/\/A6756977-AA74-4958-9F75-5E9125A2C333#_ftn2\" name=\"_ftnref2\">[2]<\/a>.<\/p>\n<h2 style=\"font-weight: 400; text-align: justify;\"><strong>Prot\u00e9ger les jeunes du tabagisme <\/strong><\/h2>\n<p style=\"font-weight: 400; text-align: justify;\">La Colombie-Britannique est la seule province du Canada o\u00f9 la vente de produits du tabac est encore autoris\u00e9e dans les pharmacies. A l\u2019exception de la ville de Victoria ou de la m\u00e9tropole de Vancouver, il n\u2019y existe pas encore d\u2019espaces ext\u00e9rieurs sans tabac. Rob Cunningham, intervenant de la Soci\u00e9t\u00e9 Canadienne du Cancer, estime pour sa part que la Colombie-Britannique n\u2019a pris aucune mesure antitabac majeure depuis 15 ans et qu\u2019il est temps d\u2019y rem\u00e9dier. Il pr\u00e9conise non seulement d\u2019adopter sans tarder les projets de restriction de vente de tabac de la Nouvelle-Z\u00e9lande et de l\u2019Angleterre, mais aussi d\u2019appliquer un programme de taxation des produits du tabac plus complet.<\/p>\n<p style=\"font-weight: 400; text-align: justify;\">Une mesure de restriction des ventes a \u00e9t\u00e9 propos\u00e9e en France par le Comit\u00e9 national contre le tabagisme (CNCT), dans un livre blanc publi\u00e9 en mai 2023. Le CNCT sugg\u00e8re ainsi d\u2019interdire la vente des produits du tabac \u00e0 toute personne n\u00e9e \u00e0 partir de 2014. Cette proposition est \u00e9galement soutenue par les organisations de l\u2019Alliance contre le tabac.<\/p>\n<p style=\"font-weight: 400; text-align: justify;\"><strong>Mots-cl\u00e9s : Colombie-Britannique, Canada, Nouvelle-Z\u00e9lande, Angleterre, g\u00e9n\u00e9ration sans tabac.<\/strong><\/p>\n<p><strong><a href=\"https:\/\/www.generationsanstabac.org\/\">\u00a9G\u00e9n\u00e9ration Sans Tabac<\/a><\/strong><\/p>\n<p style=\"text-align: right;\"><em><strong>MF<\/strong><\/em><\/p>\n<p style=\"text-align: justify;\"><a href=\"applewebdata:\/\/A6756977-AA74-4958-9F75-5E9125A2C333#_ftnref1\" name=\"_ftn1\">[1]<\/a> Zussman R, <a href=\"https:\/\/globalnews.ca\/news\/10010166\/bc-health-minister-uk-cigarette-law\/\"><em>B.C. health minister \u2018interested\u2019 in cigarette sale restrictions abroad<\/em><\/a>, Global News, publi\u00e9 le 6 octobre 2023, consult\u00e9 le 10 octobre 2023.<\/p>\n<p style=\"text-align: justify;\"><a href=\"applewebdata:\/\/A6756977-AA74-4958-9F75-5E9125A2C333#_ftnref2\" name=\"_ftn2\">[2]<\/a> L\u2019objectif habituellement affich\u00e9 pour une g\u00e9n\u00e9ration sans tabac est de moins de 5 % de fumeurs chez les jeunes de 18 ans. En Colombie-Britannique, la pr\u00e9valence tabagique \u00e9tait de 5,3 % chez les 15-19 ans en 2022 et de 7,1 % chez les 20-24 ans.<\/p>\n<p><strong><a href=\"http:\/\/www.cnct.fr\/\" target=\"_blank\" rel=\"noopener noreferrer\">Comit\u00e9 national contre le tabagisme |<\/a><\/strong><\/p>\n","protected":false},"excerpt":{"rendered":"<p>Le ministre de la Sant\u00e9 de la Colombie-Britannique s\u2019est d\u00e9clar\u00e9 tr\u00e8s int\u00e9ress\u00e9 par les projets de fin des ventes de tabac aux jeunes n\u00e9s \u00e0 partir de 2009.<\/p>\n","protected":false},"featured_media":11601,"template":"","tags":[],"thematique":[491],"class_list":["post-21215","actualites","type-actualites","status-publish","has-post-thumbnail","hentry","thematique-politiques-publiques"],"acf":[],"_links":{"self":[{"href":"https:\/\/www.generationsanstabac.org\/fr\/wp-json\/wp\/v2\/actualites\/21215","targetHints":{"allow":["GET"]}}],"collection":[{"href":"https:\/\/www.generationsanstabac.org\/fr\/wp-json\/wp\/v2\/actualites"}],"about":[{"href":"https:\/\/www.generationsanstabac.org\/fr\/wp-json\/wp\/v2\/types\/actualites"}],"version-history":[{"count":0,"href":"https:\/\/www.generationsanstabac.org\/fr\/wp-json\/wp\/v2\/actualites\/21215\/revisions"}],"wp:featuredmedia":[{"embeddable":true,"href":"https:\/\/www.generationsanstabac.org\/fr\/wp-json\/wp\/v2\/media\/11601"}],"wp:attachment":[{"href":"https:\/\/www.generationsanstabac.org\/fr\/wp-json\/wp\/v2\/media?parent=21215"}],"wp:term":[{"taxonomy":"post_tag","embeddable":true,"href":"https:\/\/www.generationsanstabac.org\/fr\/wp-json\/wp\/v2\/tags?post=21215"},{"taxonomy":"thematique","embeddable":true,"href":"https:\/\/www.generationsanstabac.org\/fr\/wp-json\/wp\/v2\/thematique?post=21215"}],"curies":[{"name":"wp","href":"https:\/\/api.w.org\/{rel}","templated":true}]}}