{"id":21193,"date":"2023-09-20T13:00:28","date_gmt":"2023-09-20T11:00:28","guid":{"rendered":"https:\/\/www.generationsanstabac.org\/actualites\/la-societe-generale-et-le-credit-mutuel-se-desengagent-du-tabac\/"},"modified":"2023-09-20T13:00:28","modified_gmt":"2023-09-20T11:00:28","slug":"la-societe-generale-et-le-credit-mutuel-se-desengagent-du-tabac","status":"publish","type":"actualites","link":"https:\/\/www.generationsanstabac.org\/fr\/actualites\/la-societe-generale-et-le-credit-mutuel-se-desengagent-du-tabac\/","title":{"rendered":"La Soci\u00e9t\u00e9 G\u00e9n\u00e9rale et le Cr\u00e9dit Mutuel se d\u00e9sengagent du tabac"},"content":{"rendered":"<p style=\"text-align: justify;\"><em>La Soci\u00e9t\u00e9 G\u00e9n\u00e9rale et Cr\u00e9dit Mutuel Alliance F\u00e9d\u00e9rale ont successivement annonc\u00e9 se d\u00e9sengager du secteur tabac en raison des multiples d\u00e9g\u00e2ts que cette industrie occasionne. Le tabac fait l\u2019objet d\u2019une exclusion sectorielle d\u2019un nombre persistant d\u2019acteurs, t\u00e9moignant d\u2019un processus de d\u00e9normalisation de l\u2019industrie dans le monde \u00e9conomique et financier. <\/em><\/p>\n<h2 style=\"text-align: justify;\"><strong>La Soci\u00e9t\u00e9 G\u00e9n\u00e9rale exclut la production de tabac et de produits du tabac<\/strong><\/h2>\n<p style=\"text-align: justify;\">Le Groupe Soci\u00e9t\u00e9 G\u00e9n\u00e9rale a d\u2019abord annonc\u00e9 qu\u2019il ne fournirait plus de nouveaux produits et services bancaires et financiers aux soci\u00e9t\u00e9s dont plus de 25% des revenus proviennent des produits du tabac. Cette d\u00e9cision, imm\u00e9diatement appliqu\u00e9e, est justifi\u00e9e par le groupe au regard des risques environnementaux et soci\u00e9taux qu&rsquo;il fait peser, et en particulier la sant\u00e9 et la s\u00e9curit\u00e9 des personnes, les mauvaises conditions de travail (travail des enfants, maladie du tabac vert, moyens de subsistance), la pollution, la perte de biodiversit\u00e9 et la d\u00e9forestation li\u00e9es \u00e0 la production, ou encore les impacts n\u00e9gatifs sur les communaut\u00e9s locales. Les modalit\u00e9s d\u2019exclusion du secteur tabac ont \u00e9t\u00e9 d\u00e9finies par la Soci\u00e9t\u00e9 G\u00e9n\u00e9rale \u00e0 partir de la Convention-cadre de l\u2019Organisation mondiale de la sant\u00e9 pour la lutte antitabac (CCLAT), mais \u00e9galement au regard des Principes volontaires sur la s\u00e9curit\u00e9 et les droits de l\u2019Homme, ainsi que la D\u00e9claration des nations unies sur les droits des peuples autochtones<a href=\"#_ftn1\" name=\"_ftnref1\">[1]<\/a>.<\/p>\n<h2 style=\"text-align: justify;\"><strong>Le Cr\u00e9dit Mutuel rejoint le Tobacco-Free Finance Pledge<\/strong><\/h2>\n<p style=\"text-align: justify;\">De son c\u00f4t\u00e9, le Cr\u00e9dit Mutuel Alliance F\u00e9d\u00e9rale a annonc\u00e9 dans un communiqu\u00e9 du 19 septembre qu\u2019il se d\u00e9sengageait, avec l\u2019ensemble de ses filiales, de l\u2019industrie du tabac pour leurs activit\u00e9s de financement et d\u2019investissement, en raison des \u00ab nombreux effets n\u00e9fastes de l\u2019industrie tant pour l\u2019environnement que pour la sant\u00e9 humaine \u00bb. Cette exclusion sectorielle s\u2019applique \u00e0 l\u2019ensemble des entreprises productrices ou fabricantes de produits \u00e0 base de tabac et de ses d\u00e9riv\u00e9s. Cette initiative, qui s\u2019inscrit dans les recommandations de la Convention-cadre, a \u00e9t\u00e9 soutenue par le Programme des Nations unies pour l\u2019environnement. Le Cr\u00e9dit Mutuel Alliance F\u00e9d\u00e9rale a \u00e9galement annonc\u00e9 avoir rejoint le Tobacco-Free Finance Pledge, un r\u00e9seau de banques, d&rsquo;assureurs et d&rsquo;investisseurs visant \u00e0 faire la promotion d\u2019un investissement responsable. Le Tobacco-Free Finance Pledge a notamment \u00e9t\u00e9 rejoint par Amundi, BNP Paribas, la Caisse des D\u00e9p\u00f4ts et la Banque postale<a href=\"#_ftn2\" name=\"_ftnref2\">[2]<\/a>.<\/p>\n<p><strong><a href=\"https:\/\/www.generationsanstabac.org\/\">\u00a9G\u00e9n\u00e9ration Sans Tabac<\/a><\/strong><\/p>\n<p style=\"text-align: right;\"><b><i>FT<\/i><\/b><\/p>\n<p style=\"text-align: justify;\"><a href=\"#_ftnref1\" name=\"_ftn1\">[1]<\/a> Groupe Soci\u00e9t\u00e9 G\u00e9n\u00e9rale, <a href=\"https:\/\/www.societegenerale.com\/sites\/default\/files\/documents\/RSE\/Politique-sectorielle-Tabac_FR.pdf\">Politique sectorielle tabac<\/a>, Septembre 2023, (consult\u00e9 le 20\/09\/2023)<\/p>\n<p style=\"text-align: justify;\"><a href=\"#_ftnref2\" name=\"_ftn2\">[2]<\/a> Cr\u00e9dit Mutuel, <a href=\"https:\/\/presse.creditmutuelalliancefederale.fr\/wp-content\/uploads\/2023\/09\/CP-Credit-Mutuel-Alliance-Federale-rejoint-le-Tobacco-Free-Finance-Pledge-19-09-2023.pdf\">Cr\u00e9dit Mutuel Alliance F\u00e9d\u00e9rale officialise son engagement pour une finance sans tabac<\/a>, 19\/09\/2023, (consult\u00e9 le jour-m\u00eame).<\/p>\n<div class=\"entry-content\">\n<div class=\"entry-content\">\n<p><strong><a href=\"http:\/\/www.cnct.fr\/\" target=\"_blank\" rel=\"noopener noreferrer\">Comit\u00e9 national contre le tabagisme |<\/a><\/strong><\/p>\n<\/div>\n<\/div>\n","protected":false},"excerpt":{"rendered":"<p>La Soci\u00e9t\u00e9 G\u00e9n\u00e9rale et Cr\u00e9dit Mutuel Alliance F\u00e9d\u00e9rale ont successivement annonc\u00e9 se d\u00e9sengager du secteur tabac en raison des multiples d\u00e9g\u00e2ts que cette industrie occasionne.<\/p>\n","protected":false},"featured_media":21194,"template":"","tags":[],"thematique":[491],"class_list":["post-21193","actualites","type-actualites","status-publish","has-post-thumbnail","hentry","thematique-politiques-publiques"],"acf":[],"_links":{"self":[{"href":"https:\/\/www.generationsanstabac.org\/fr\/wp-json\/wp\/v2\/actualites\/21193","targetHints":{"allow":["GET"]}}],"collection":[{"href":"https:\/\/www.generationsanstabac.org\/fr\/wp-json\/wp\/v2\/actualites"}],"about":[{"href":"https:\/\/www.generationsanstabac.org\/fr\/wp-json\/wp\/v2\/types\/actualites"}],"version-history":[{"count":0,"href":"https:\/\/www.generationsanstabac.org\/fr\/wp-json\/wp\/v2\/actualites\/21193\/revisions"}],"wp:featuredmedia":[{"embeddable":true,"href":"https:\/\/www.generationsanstabac.org\/fr\/wp-json\/wp\/v2\/media\/21194"}],"wp:attachment":[{"href":"https:\/\/www.generationsanstabac.org\/fr\/wp-json\/wp\/v2\/media?parent=21193"}],"wp:term":[{"taxonomy":"post_tag","embeddable":true,"href":"https:\/\/www.generationsanstabac.org\/fr\/wp-json\/wp\/v2\/tags?post=21193"},{"taxonomy":"thematique","embeddable":true,"href":"https:\/\/www.generationsanstabac.org\/fr\/wp-json\/wp\/v2\/thematique?post=21193"}],"curies":[{"name":"wp","href":"https:\/\/api.w.org\/{rel}","templated":true}]}}