{"id":21183,"date":"2023-09-15T08:00:08","date_gmt":"2023-09-15T06:00:08","guid":{"rendered":"https:\/\/www.generationsanstabac.org\/actualites\/les-pays-bas-projettent-dinterdire-les-filtres-de-cigarettes\/"},"modified":"2023-09-15T08:00:08","modified_gmt":"2023-09-15T06:00:08","slug":"les-pays-bas-projettent-dinterdire-les-filtres-de-cigarettes","status":"publish","type":"actualites","link":"https:\/\/www.generationsanstabac.org\/fr\/actualites\/les-pays-bas-projettent-dinterdire-les-filtres-de-cigarettes\/","title":{"rendered":"Les Pays-Bas projettent d\u2019interdire les filtres de cigarettes"},"content":{"rendered":"<p style=\"font-weight: 400; text-align: justify;\"><em>Dans la lign\u00e9e de la Belgique et du Danemark, les Pays-Bas font \u00e0 leur tour valoir que l\u2019interdiction des filtres de cigarettes permettrait de mieux lutter contre la pollution des d\u00e9chets plastique \u00e0 usage unique. <\/em><\/p>\n<p style=\"font-weight: 400; text-align: justify;\">Aux Pays-Bas, ce sont des activistes de l\u2019environnement qui ont rallum\u00e9 le d\u00e9bat sur les filtres de cigarettes, en appelant la police. Ils souhaitaient signaler des jets de m\u00e9gots au sol dans l\u2019espace urbain et sur les plages, et demandaient aux forces de l\u2019ordre de verbaliser ce comportement, au titre de l\u2019abandon de d\u00e9chets.<\/p>\n<p style=\"font-weight: 400; text-align: justify;\">Ils militent \u00e9galement pour demander le rel\u00e8vement du montant de cette infraction, actuellement limit\u00e9 \u00e0 150 \u20ac, et souhaitent s\u2019inspirer de leurs homologues belges, qui voudraient le fixer \u00e0 350 \u20ac. D\u2019autres associations environnementales r\u00e9clament pour leur part une interdiction de fumer sur les plages, d\u00e9marche qui s\u2019est r\u00e9pandue en <a href=\"https:\/\/www.generationsanstabac.org\/actualites\/espagne-interdit-de-fumer-sur-les-plages-et-terrasses\/\">Espagne<\/a>, en Italie et en <a href=\"https:\/\/www.generationsanstabac.org\/actualites\/multiplication-des-plages-sans-tabac-en-france\/\">France<\/a>.<\/p>\n<h2 style=\"font-weight: 400; text-align: justify;\"><strong>Les filtres, une source de pollution plastique \u00e9vitable <\/strong><\/h2>\n<p style=\"font-weight: 400; text-align: justify;\">Bien qu\u2019il faille \u00e9galement modifier les comportements vis-\u00e0-vis de l\u2019abandon de d\u00e9chets dans l\u2019environnement, supprimer les filtres de cigarettes semble la piste la plus s\u00e9rieuse pour combattre \u00e0 la source le probl\u00e8me de cette pollution plastique. Les filtres de cigarettes sont en effet compos\u00e9s d\u2019ac\u00e9tate de cellulose, une forme de plastique qui ne s\u2019\u00e9limine qu\u2019en une dizaine d\u2019ann\u00e9es. L\u2019organisation Mondiale de la Sant\u00e9 \u00e9value que les m\u00e9gots de cigarettes sont le deuxi\u00e8me d\u00e9chet le plus courant sur les plages europ\u00e9ennes, et l\u2019Organisation des Nations Unies estime pour sa part que les m\u00e9gots sont la premi\u00e8re source de d\u00e9chets rejet\u00e9s dans l\u2019environnement.<\/p>\n<p style=\"font-weight: 400; text-align: justify;\">L\u2019effet protecteur des filtres n\u2019a par ailleurs pas non plus \u00e9t\u00e9 d\u00e9montr\u00e9 et il a davantage constitu\u00e9 un argument marketing pour les fabricants. En avril 2023, le <a href=\"https:\/\/www.generationsanstabac.org\/actualites\/belgique-conseil-superieur-de-la-sante-demande-linterdiction-des-filtres-a-cigarettes\/\">Conseil sup\u00e9rieur belge de la sant\u00e9<\/a> (CSS) a ainsi attir\u00e9 l\u2019attention sur le caract\u00e8re trompeur des filtres de cigarettes, qui sugg\u00e8rerait aux fumeurs une illusion de protection.<\/p>\n<h2 style=\"font-weight: 400; text-align: justify;\"><strong>Les Pays-Bas, la Belgique et le Danemark \u00e9tudient la possibilit\u00e9 d\u2019une interdiction des filtres<\/strong><\/h2>\n<p style=\"font-weight: 400; text-align: justify;\">Au-del\u00e0 des seules sanctions contre les m\u00e9gots jet\u00e9s au sol, d\u2019autres mesures peuvent \u00eatre envisag\u00e9es. Au cours des n\u00e9gociations du trait\u00e9 mondial contre la pollution plastique, qui se sont tenues \u00e0 Paris du 29 mai au 2 juin 2023, <a href=\"https:\/\/www.generationsanstabac.org\/actualites\/traite-sur-la-pollution-plastique-130-associations-appellent-a-interdire-les-filtres-des-cigarettes\/\">130 organisations de sant\u00e9 et environnementales<\/a> avaient appel\u00e9 \u00e0 interdire les filtres de cigarettes. Plusieurs gouvernements, dont ceux de la Belgique, du Danemark et des Pays-Bas, avaient rejoint cette position et ont commenc\u00e9 \u00e0 envisager le caract\u00e8re technique d\u2019une telle mesure<a href=\"applewebdata:\/\/58957BBC-D08A-4B74-B60C-19062E5568DE#_ftn1\" name=\"_ftnref1\">[1]<\/a>. Vivianne Heijnen, qui fut ministre de l\u2019Environnement du pr\u00e9c\u00e9dent gouvernement n\u00e9erlandais et occupe encore ce poste \u00e0 titre transitoire, s\u2019\u00e9tait notamment d\u00e9clar\u00e9e favorable \u00e0 la suppression des filtres de cigarettes.<\/p>\n<p style=\"font-weight: 400; text-align: justify;\">Selon Karl Beerenfenger, directeur de campagne du collectif Plastic Peuken, qui organise chaque ann\u00e9e des ramassages de m\u00e9gots de grande ampleur aux Pays-Bas : <em>\u00ab Le gouvernement n\u00e9erlandais a reconnu le probl\u00e8me et sait \u00e9galement que les mesures de sensibilisation aux d\u00e9chets sauvages n\u2019ont que peu d\u2019effet. M\u00eame avec une r\u00e9duction de 70 % du nombre de m\u00e9gots dans l\u2019environnement, plus d\u2019un milliard de filtres \u00e0 cigarettes finissent encore dans les rues chaque ann\u00e9e, rien qu\u2019aux Pays-Bas. L\u2019interdiction du produit [le filtre], de pr\u00e9f\u00e9rence dans un contexte international, est une \u00e9tape logique. \u00bb<\/em><a href=\"applewebdata:\/\/58957BBC-D08A-4B74-B60C-19062E5568DE#_ftn2\" name=\"_ftnref2\">[2]<\/a><\/p>\n<p style=\"font-weight: 400; text-align: justify;\">Pour en savoir davantage sur la suppression des filtres de cigarettes, consulter notre <a href=\"https:\/\/www.generationsanstabac.org\/article\/interdire-le-filtre-est-le-seul-moyen-pour-reduire-la-pollution-liee-aux-megots\/\">d\u00e9cryptage<\/a>.<\/p>\n<p style=\"font-weight: 400; text-align: justify;\"><strong>Mots-cl\u00e9s : Pays-Bas, Belgique, filtres, m\u00e9gots, environnement, tromperie.<\/strong><\/p>\n<p style=\"text-align: justify;\"><strong><a href=\"https:\/\/www.generationsanstabac.org\/\">\u00a9G\u00e9n\u00e9ration Sans Tabac<\/a><\/strong><\/p>\n<p style=\"text-align: right;\"><b><i>MF<\/i><\/b><\/p>\n<p><a href=\"applewebdata:\/\/58957BBC-D08A-4B74-B60C-19062E5568DE#_ftnref1\" name=\"_ftn1\">[1]<\/a> Proctor E, <a href=\"https:\/\/www.iamexpat.nl\/expat-info\/dutch-expat-news\/netherlands-could-ban-cigarette-filters-combat-littering\"><em>The Netherlands could ban cigarette filters to combat littering<\/em><\/a>, I am expat, publi\u00e9 le 3 septembre 2023, consult\u00e9 le 5 septembre 2023.<\/p>\n<p><a href=\"applewebdata:\/\/58957BBC-D08A-4B74-B60C-19062E5568DE#_ftnref2\" name=\"_ftn2\">[2]<\/a> Beerenfenger K, <a href=\"https:\/\/recyclingnetwerk.org\/fr\/2023\/07\/20\/plus-dun-demi-million-de-megots-de-cigarettes-ramasses-les-appels-a-linterdiction-des-filtres-se-multiplient\/\"><em>Plus d\u2019un demi-million de m\u00e9gots de cigarettes ramass\u00e9s, les appels \u00e0 l\u2019interdiction des filtres se multiplient<\/em><\/a>, Recycling Netwerk Benelux, publi\u00e9 le 20 juillet 2023, consult\u00e9 le 5 septembre 2023.<\/p>\n<div class=\"entry-content\">\n<p><strong><a href=\"http:\/\/www.cnct.fr\/\" target=\"_blank\" rel=\"noopener noreferrer\">Comit\u00e9 national contre le tabagisme |<\/a><\/strong><\/p>\n<\/div>\n","protected":false},"excerpt":{"rendered":"<p>Dans la lign\u00e9e de la Belgique et du Danemark, les Pays-Bas font \u00e0 leur tour valoir que l\u2019interdiction des filtres de cigarettes permettrait de mieux lutter contre la pollution des d\u00e9chets plastique \u00e0 usage unique.<\/p>\n","protected":false},"featured_media":19998,"template":"","tags":[],"thematique":[480,502],"class_list":["post-21183","actualites","type-actualites","status-publish","has-post-thumbnail","hentry","thematique-environnement","thematique-justice"],"acf":[],"_links":{"self":[{"href":"https:\/\/www.generationsanstabac.org\/fr\/wp-json\/wp\/v2\/actualites\/21183","targetHints":{"allow":["GET"]}}],"collection":[{"href":"https:\/\/www.generationsanstabac.org\/fr\/wp-json\/wp\/v2\/actualites"}],"about":[{"href":"https:\/\/www.generationsanstabac.org\/fr\/wp-json\/wp\/v2\/types\/actualites"}],"version-history":[{"count":0,"href":"https:\/\/www.generationsanstabac.org\/fr\/wp-json\/wp\/v2\/actualites\/21183\/revisions"}],"wp:featuredmedia":[{"embeddable":true,"href":"https:\/\/www.generationsanstabac.org\/fr\/wp-json\/wp\/v2\/media\/19998"}],"wp:attachment":[{"href":"https:\/\/www.generationsanstabac.org\/fr\/wp-json\/wp\/v2\/media?parent=21183"}],"wp:term":[{"taxonomy":"post_tag","embeddable":true,"href":"https:\/\/www.generationsanstabac.org\/fr\/wp-json\/wp\/v2\/tags?post=21183"},{"taxonomy":"thematique","embeddable":true,"href":"https:\/\/www.generationsanstabac.org\/fr\/wp-json\/wp\/v2\/thematique?post=21183"}],"curies":[{"name":"wp","href":"https:\/\/api.w.org\/{rel}","templated":true}]}}