{"id":21178,"date":"2023-09-12T08:00:57","date_gmt":"2023-09-12T06:00:57","guid":{"rendered":"https:\/\/www.generationsanstabac.org\/actualites\/les-jeunes-usagers-de-tabac-et-de-cigarettes-electroniques-declarent-davantage-de-symptomes-oculaires\/"},"modified":"2023-09-12T08:00:57","modified_gmt":"2023-09-12T06:00:57","slug":"les-jeunes-usagers-de-tabac-et-de-cigarettes-electroniques-declarent-davantage-de-symptomes-oculaires","status":"publish","type":"actualites","link":"https:\/\/www.generationsanstabac.org\/fr\/actualites\/les-jeunes-usagers-de-tabac-et-de-cigarettes-electroniques-declarent-davantage-de-symptomes-oculaires\/","title":{"rendered":"Les jeunes usagers de tabac et de cigarettes \u00e9lectroniques d\u00e9clarent davantage de sympt\u00f4mes oculaires"},"content":{"rendered":"<p style=\"font-weight: 400; text-align: justify;\"><em>Une \u00e9tude nord-am\u00e9ricaine rel\u00e8ve davantage de sympt\u00f4mes oculaires d\u00e9clar\u00e9s chez les usagers duels de tabac et de cigarettes \u00e9lectroniques que chez les usagers exclusifs de tabac ou de cigarettes \u00e9lectroniques. <\/em><\/p>\n<p style=\"font-weight: 400; text-align: justify;\">Les cons\u00e9quences du tabagisme sur la <a href=\"https:\/\/www.generationsanstabac.org\/actualites\/impact-du-tabagisme-sur-la-sante-oculaire\/\">sant\u00e9 oculaire<\/a> ont d\u00e9j\u00e0 \u00e9t\u00e9 d\u00e9montr\u00e9es, celles du vapotage et de l\u2019usage duel de tabac et de cigarette \u00e9lectronique ne sont pas encore clairement \u00e9tablies. Une \u00e9tude conduite par des chercheurs canadien et \u00e9tatsuniens a tent\u00e9 de combler cette lacune.<\/p>\n<p style=\"font-weight: 400; text-align: justify;\">Les chercheurs ont men\u00e9, du 6 au 14 mai 2020, une \u00e9tude en ligne aupr\u00e8s de 4351 jeunes \u00e9tatsuniens de 13 \u00e0 24 ans, dont pr\u00e8s de 64 % de femmes<a href=\"applewebdata:\/\/5D4D5F55-3F7B-4E80-8118-B347EA639DB9#_ftn1\" name=\"_ftnref1\">[1]<\/a>. Les participants \u00e9taient distingu\u00e9s entrefumeurs au cours de la vies, vapoteurs au cours de la vie, usagers duels de tabac et de cigarettes \u00e9lectronique au cours de la vie et personnes n\u2019ayant jamais fum\u00e9 ni vapot\u00e9. Ils devaient \u00e9galement renseigner les troubles oculaires qu\u2019ils avaient rencontr\u00e9s.<\/p>\n<h2 style=\"font-weight: 400; text-align: justify;\"><strong>Davantage de sympt\u00f4mes oculaires \u00e9prouv\u00e9s par les usagers duels<\/strong><\/h2>\n<p style=\"font-weight: 400; text-align: justify;\">Si la sant\u00e9 oculaire \u00e9tait d\u00e9clar\u00e9e bonne (44,5 %) ou excellente (40,8 %) par la plupart des participants, elle \u00e9tait ressentie comme d\u00e9grad\u00e9e ou tr\u00e8s d\u00e9grad\u00e9e chez pr\u00e8s de 15 % des r\u00e9pondants. Les d\u00e9sagr\u00e9ments et la g\u00eane oculaire \u00e9taient d\u00e9clar\u00e9s comme plus fr\u00e9quents et plus s\u00e9v\u00e8res par les utilisateurs duels de tabac et de cigarettes \u00e9lectroniques, qui devan\u00e7aient les fumeurs exclusifs, eux-m\u00eames devan\u00e7ant les utilisateurs exclusifs de cigarettes \u00e9lectroniques. Les personnes n\u2019ayant jamais fum\u00e9 ou vapot\u00e9 rapportaient le moins de sympt\u00f4mes oculaires.<\/p>\n<p style=\"font-weight: 400; text-align: justify;\">Cette tendance \u00e9tait accentu\u00e9e par la fr\u00e9quence d\u2019usage : les utilisateurs duels de tabac et de cigarettes \u00e9lectroniques dans les 7 derniers jours d\u00e9claraient davantage de sympt\u00f4mes (s\u00e9cheresse, picotements, rougeur, d\u00e9mangeaisons, inconfort, \u00e9blouissement, vision floue, douleur, tension oculaire, maux de t\u00eate) que tous les autres participants. Les fumeurs exclusifs ayant d\u00e9clar\u00e9 avoir fum\u00e9 dans les 30 derniers jours, \u00e9taient ceux qui \u00e9prouvait la vision floue la plus s\u00e9v\u00e8re. Les utilisateurs duels de tabac et de cigarettes \u00e9lectroniques \u00e9prouvaient davantage desympt\u00f4mes (les m\u00eames sympt\u00f4mes que pr\u00e9c\u00e9demment \u00e9voqu\u00e9s \u00e0 l\u2019exception de d\u00e9mangeaisons et de tension oculaire) que tous les autres participants. M\u00eame lorsqu\u2019ils n\u2019\u00e9prouvaient aucun sympt\u00f4me, les utilisateurs exclusifs de cigarettes \u00e9lectroniques se r\u00e9v\u00e9laient plus souvent inquiets pour leur sant\u00e9 oculaire.<\/p>\n<h2 style=\"font-weight: 400; text-align: justify;\"><strong>La piste des radicaux libres et du stress oxydatif<\/strong><\/h2>\n<p style=\"font-weight: 400; text-align: justify;\">L\u2019\u00e9tude \u00e9tant observationnelle et transversale et les donn\u00e9es  uniquement d\u00e9claratives, les auteurs ne s\u2019estiment pas en mesure d\u2019\u00e9tablir une causalit\u00e9 entre troubles oculaires et utilisation de tabac et\/ou de cigarettes \u00e9lectroniques ; ils pr\u00e9f\u00e8rent rester prudents sur ce sujet en attendant d\u2019autres recherches. A titre d\u2019hypoth\u00e8se, ils supposent que les radicaux libres \u00e9mis lors de la consommation de cigarettes ou de cigarettes \u00e9lectroniques seraient \u00e0 l\u2019origine du stress oxydatif qui provoquerait ces multiples sympt\u00f4mes oculaires.<\/p>\n<p style=\"font-weight: 400; text-align: justify;\"><strong>Mots-cl\u00e9s : Sant\u00e9 oculaire, cigarette, cigarettes \u00e9lectroniques, usage duel.<\/strong><\/p>\n<p><strong><a href=\"https:\/\/www.generationsanstabac.org\/\">\u00a9G\u00e9n\u00e9ration Sans Tabac<\/a><\/strong><\/p>\n<p style=\"text-align: right;\"><em><strong>MF<\/strong><\/em><\/p>\n<p style=\"text-align: justify;\"><a href=\"applewebdata:\/\/5D4D5F55-3F7B-4E80-8118-B347EA639DB9#_ftnref1\" name=\"_ftn1\">[1]<\/a> Nguyen AX, Gaiha SM, Chung S, Halpern-Felsher B, Wu AY<a href=\"https:\/\/jamanetwork.com\/journals\/jamaophthalmology\/fullarticle\/2809094#:~:text=Conclusions%20and%20Relevance%20In%20this,day%20users%20or%20ever%20users.\"><em>. Ocular Symptoms in Adolescents and Young Adults With Electronic Cigarette, Cigarette, and Dual Use<\/em><\/a>. JAMA Ophthalmol. Published online August 31, 2023. doi:10.1001\/jamaophthalmol.2023.3852<\/p>\n<p style=\"text-align: justify;\"><a href=\"applewebdata:\/\/5D4D5F55-3F7B-4E80-8118-B347EA639DB9#_ftnref2\" name=\"_ftn2\"><\/a><\/p>\n<p style=\"text-align: justify;\"><strong><a href=\"http:\/\/www.cnct.fr\/\" target=\"_blank\" rel=\"noopener noreferrer\">Comit\u00e9 national contre le tabagisme |<\/a><\/strong><\/p>\n","protected":false},"excerpt":{"rendered":"<p>Une \u00e9tude nord-am\u00e9ricaine rel\u00e8ve davantage de sympt\u00f4mes oculaires d\u00e9clar\u00e9s chez les usagers duels de tabac et de cigarettes \u00e9lectroniques que chez les usagers exclusifs de tabac ou de cigarettes \u00e9lectroniques.<\/p>\n","protected":false},"featured_media":21179,"template":"","tags":[],"thematique":[474],"class_list":["post-21178","actualites","type-actualites","status-publish","has-post-thumbnail","hentry","thematique-sante"],"acf":[],"_links":{"self":[{"href":"https:\/\/www.generationsanstabac.org\/fr\/wp-json\/wp\/v2\/actualites\/21178","targetHints":{"allow":["GET"]}}],"collection":[{"href":"https:\/\/www.generationsanstabac.org\/fr\/wp-json\/wp\/v2\/actualites"}],"about":[{"href":"https:\/\/www.generationsanstabac.org\/fr\/wp-json\/wp\/v2\/types\/actualites"}],"version-history":[{"count":0,"href":"https:\/\/www.generationsanstabac.org\/fr\/wp-json\/wp\/v2\/actualites\/21178\/revisions"}],"wp:featuredmedia":[{"embeddable":true,"href":"https:\/\/www.generationsanstabac.org\/fr\/wp-json\/wp\/v2\/media\/21179"}],"wp:attachment":[{"href":"https:\/\/www.generationsanstabac.org\/fr\/wp-json\/wp\/v2\/media?parent=21178"}],"wp:term":[{"taxonomy":"post_tag","embeddable":true,"href":"https:\/\/www.generationsanstabac.org\/fr\/wp-json\/wp\/v2\/tags?post=21178"},{"taxonomy":"thematique","embeddable":true,"href":"https:\/\/www.generationsanstabac.org\/fr\/wp-json\/wp\/v2\/thematique?post=21178"}],"curies":[{"name":"wp","href":"https:\/\/api.w.org\/{rel}","templated":true}]}}