{"id":21173,"date":"2023-09-08T08:00:50","date_gmt":"2023-09-08T06:00:50","guid":{"rendered":"https:\/\/www.generationsanstabac.org\/actualites\/hausse-importante-du-tabagisme-en-allemagne\/"},"modified":"2023-09-08T08:00:50","modified_gmt":"2023-09-08T06:00:50","slug":"hausse-importante-du-tabagisme-en-allemagne","status":"publish","type":"actualites","link":"https:\/\/www.generationsanstabac.org\/fr\/actualites\/hausse-importante-du-tabagisme-en-allemagne\/","title":{"rendered":"Hausse importante du tabagisme en Allemagne"},"content":{"rendered":"<p style=\"font-weight: 400; text-align: justify;\"><em>Les responsables de la sant\u00e9 publique en Allemagne tirent la sonnette d&rsquo;alarme face \u00e0 une recrudescence massive du tabagisme, y compris chez les jeunes, qui s&rsquo;est renforc\u00e9e dans le sillage des confinements du covid19<a href=\"applewebdata:\/\/97145207-5E7C-4B3C-95D7-349815BDF6F3#_ftn1\" name=\"_ftnref1\"><strong>[1]<\/strong><\/a>. Le taux global de tabagisme en Allemagne \u00e9tait l\u00e9g\u00e8rement sup\u00e9rieur \u00e0 34% en juillet 2022 (contre 26,5% en mars 2020), selon les r\u00e9sultats les plus r\u00e9cents de <\/em><a href=\"https:\/\/www.debra-study.info\/\"><em>DEBRA<\/em><\/a><em>, une enqu\u00eate bimestrielle financ\u00e9e par le minist\u00e8re allemand de la sant\u00e9.<\/em><\/p>\n<p style=\"font-weight: 400; text-align: justify;\">L&rsquo;\u00e9tude DEBRA (Deutsche Befragung zum Rauchverhalten) est une enqu\u00eate bimestrielle repr\u00e9sentative sur la consommation de tabac et les nouveaux produits du tabac et de la nicotine (tabac chauff\u00e9, produits du vapotage) au sein de la population allemande. L\u2019\u00e9tude DEBRA est r\u00e9alis\u00e9e r\u00e9guli\u00e8rement depuis 2016. En 2022, la proportion de fumeurs a atteint un niveau record depuis le d\u00e9but de l&rsquo;enqu\u00eate. Chaque ann\u00e9e, 127 000 personnes d\u00e9c\u00e8dent pr\u00e9matur\u00e9ment des suites du tabagisme en Allemagne.<\/p>\n<h2 style=\"font-weight: 400; text-align: justify;\"><strong>Une hausse importante du tabagisme des adolescents allemands <\/strong><\/h2>\n<p style=\"font-weight: 400; text-align: justify;\">En Allemagne, les adolescents et les jeunes adultes sont presque deux fois plus nombreux \u00e0 fumer en 2022 qu&rsquo;en 2021, bien qu&rsquo;une nette tendance \u00e0 la baisse ait \u00e9t\u00e9 observ\u00e9e auparavant. Chez les 14-17 ans, le pourcentage est pass\u00e9 de 8,7% en 2021 \u00e0 15,9% en 2022. Chez les 18-24 ans, le taux de fumeurs \u00e9tait de 40,8% en 2023 contre 36,1% en 2021.<\/p>\n<p style=\"font-weight: 400; text-align: justify;\">Si la consommation r\u00e9guli\u00e8re de produits du vapotage reste faible chez les adolescents, elle est pass\u00e9e de 0,5% en 2021 \u00e0 2,5% en 2022 chez les adolescents.<\/p>\n<p style=\"font-weight: 400; text-align: justify;\">Pour les auteurs de l\u2019\u00e9tude, le contexte social difficile a pu avoir un impact n\u00e9gatif sur la consommation, en particulier chez les jeunes et les personnes plus vuln\u00e9rables. Cependant, les experts alertent aussi sur la forte pr\u00e9sence de la publicit\u00e9 pour l\u2019ensemble des produits du tabac et de la nicotine, en particulier sur Internet, qui a une influence sur les plus jeunes.<\/p>\n<p style=\"font-weight: 400; text-align: justify;\">Parall\u00e8lement, les r\u00e9sultats montrent que les tentatives d\u2019arr\u00eat chez les fumeurs (dans la population globale), ont fortement diminu\u00e9, puisque seuls 8,6% des fumeurs ont d\u00e9clar\u00e9 avoir effectu\u00e9 une tentative d\u2019arr\u00eat en juillet 2023 (date de la derni\u00e8re collecte), au cours des 12 mois pr\u00e9c\u00e9dents, contre 16% en mars 2021.<\/p>\n<h2 style=\"font-weight: 400; text-align: justify;\"><strong>Retard cons\u00e9quent de l\u2019Allemagne dans la mise en place de mesures protectrices<\/strong><\/h2>\n<p style=\"font-weight: 400; text-align: justify;\">Selon le<a href=\"https:\/\/www.at-schweiz.ch\/userfiles\/files\/Downloads\/Downloads%20News\/TCS_Report_V2.pdf\"> Tobacco Control Scale<\/a> de 2022, l\u2019Allemagne fait partie des pays les moins bien class\u00e9s sur les pays \u00e9valu\u00e9s (34 sur 37), et accuse un fort retard dans la mise en place de politiques de lutte contre le tabagisme, malgr\u00e9 la ratification de la Convention-cadre de l\u2019OMS pour la lutte antitabac (CCLAT) en 2004.<\/p>\n<p style=\"font-weight: 400; text-align: justify;\">L\u2019Allemagne reste tr\u00e8s perm\u00e9able \u00e0 l\u2019ing\u00e9rence de l\u2019industrie du tabac. Le co\u00fbt moyen d&rsquo;un paquet de cigarettes en Allemagne \u00e9tait d&rsquo;environ 6,65 euros en 2022, soit 5\u20ac de moins qu\u2019en France. En 2021, les l\u00e9gislateurs ont approuv\u00e9 une augmentation pluriannuelle des taxes sur les cigarettes d&rsquo;un montant total d&rsquo;environ 50 centimes par paquet et ont pr\u00e9lev\u00e9 de nouvelles taxes sur les nouveaux produits, notamment le tabac chauff\u00e9 et les produits du vapotage. Cependant, pour les experts du Centre allemand de recherche sur le cancer, ces mesures sont loin d\u2019\u00eatre suffisantes car l&rsquo;augmentation du niveau des taxes n\u2019a pas suivi le rythme de l&rsquo;inflation. Le retard pris dans les politiques fiscales est d\u2019autant plus important que l\u2019Allemagne est particuli\u00e8rement touch\u00e9e par le ph\u00e9nom\u00e8ne inflationniste par comparaison avec ses voisins europ\u00e9ens.<\/p>\n<p style=\"font-weight: 400; text-align: justify;\">Par ailleurs, les cigarettes sont toujours disponibles dans un nombre important de points de vente du pays notamment via des distributeurs automatiques, dans les \u00e9piceries et m\u00eame les pharmacies. L\u2019interdiction de vente aux mineurs y est peu respect\u00e9e et cette forte disponibilit\u00e9 des produits participe d\u2019une normalisation constate de ces produits dans la soci\u00e9t\u00e9.<\/p>\n<p style=\"font-weight: 400; text-align: justify;\">Le pays reste l\u2019un des derniers pays en Europe \u00e0 faire de la publicit\u00e9 pour le tabac sur les panneaux d\u2019affichage ext\u00e9rieurs, dans les supermarch\u00e9s, les kiosques, les stations-services, etc. En f\u00e9vrier dernier, le d\u00e9l\u00e9gu\u00e9 du gouvernement f\u00e9d\u00e9ral allemand, Burkhard Blienert, charg\u00e9 de la lutte contre la drogue, a d\u00e9clar\u00e9 vouloir renforcer les lois sur le tabac jug\u00e9es trop lib\u00e9rales. Il a appel\u00e9 \u00e0 interdire compl\u00e8tement, toute publicit\u00e9 en faveur des produits du tabac et de la nicotine, quel qu\u2019en soit le support.<\/p>\n<p style=\"font-weight: 400; text-align: justify;\"><strong>Mots-cl\u00e9s : Allemagne, tabagisme, jeunes, adolescents, publicit\u00e9<\/strong><\/p>\n<p><strong><a href=\"https:\/\/www.generationsanstabac.org\/\">\u00a9G\u00e9n\u00e9ration Sans Tabac<\/a><\/strong><\/p>\n<p style=\"text-align: right;\"><em><strong>AE<\/strong><\/em><\/p>\n<p style=\"text-align: justify;\"><a href=\"applewebdata:\/\/97145207-5E7C-4B3C-95D7-349815BDF6F3#_ftnref1\" name=\"_ftn1\">[1]<\/a> Jimmy Vielkind,<a href=\"https:\/\/www.wsj.com\/world\/europe\/germany-smoking-cigarettes-rise-tobacco-e835f408\"> Smoking Is a Dying Habit. Not in Germany<\/a>, The Wall Street Journal, publi\u00e9 le 31 ao\u00fbt 2023, consult\u00e9 le 4 septembre 2023<\/p>\n<p><strong><a href=\"http:\/\/www.cnct.fr\/\" target=\"_blank\" rel=\"noopener noreferrer\">Comit\u00e9 national contre le tabagisme |<\/a><\/strong><\/p>\n","protected":false},"excerpt":{"rendered":"<p>Les responsables de la sant\u00e9 publique en Allemagne tirent la sonnette d&rsquo;alarme face \u00e0 la forte hausse du tabagisme, y compris chez les jeunes.<\/p>\n","protected":false},"featured_media":11711,"template":"","tags":[],"thematique":[474],"class_list":["post-21173","actualites","type-actualites","status-publish","has-post-thumbnail","hentry","thematique-sante"],"acf":[],"_links":{"self":[{"href":"https:\/\/www.generationsanstabac.org\/fr\/wp-json\/wp\/v2\/actualites\/21173","targetHints":{"allow":["GET"]}}],"collection":[{"href":"https:\/\/www.generationsanstabac.org\/fr\/wp-json\/wp\/v2\/actualites"}],"about":[{"href":"https:\/\/www.generationsanstabac.org\/fr\/wp-json\/wp\/v2\/types\/actualites"}],"version-history":[{"count":0,"href":"https:\/\/www.generationsanstabac.org\/fr\/wp-json\/wp\/v2\/actualites\/21173\/revisions"}],"wp:featuredmedia":[{"embeddable":true,"href":"https:\/\/www.generationsanstabac.org\/fr\/wp-json\/wp\/v2\/media\/11711"}],"wp:attachment":[{"href":"https:\/\/www.generationsanstabac.org\/fr\/wp-json\/wp\/v2\/media?parent=21173"}],"wp:term":[{"taxonomy":"post_tag","embeddable":true,"href":"https:\/\/www.generationsanstabac.org\/fr\/wp-json\/wp\/v2\/tags?post=21173"},{"taxonomy":"thematique","embeddable":true,"href":"https:\/\/www.generationsanstabac.org\/fr\/wp-json\/wp\/v2\/thematique?post=21173"}],"curies":[{"name":"wp","href":"https:\/\/api.w.org\/{rel}","templated":true}]}}