{"id":21166,"date":"2023-09-01T08:00:08","date_gmt":"2023-09-01T06:00:08","guid":{"rendered":"https:\/\/www.generationsanstabac.org\/actualites\/belgique-linterdiction-de-vente-aux-mineurs-de-tabac-produits-du-vapotage-et-dalcool-tres-peu-respectee\/"},"modified":"2023-09-01T08:00:08","modified_gmt":"2023-09-01T06:00:08","slug":"belgique-linterdiction-de-vente-aux-mineurs-de-tabac-produits-du-vapotage-et-dalcool-tres-peu-respectee","status":"publish","type":"actualites","link":"https:\/\/www.generationsanstabac.org\/fr\/actualites\/belgique-linterdiction-de-vente-aux-mineurs-de-tabac-produits-du-vapotage-et-dalcool-tres-peu-respectee\/","title":{"rendered":"Belgique : l\u2019interdiction de vente aux mineurs de tabac, produits du vapotage et d\u2019alcool tr\u00e8s peu respect\u00e9e"},"content":{"rendered":"<p style=\"font-weight: 400; text-align: justify;\"><em>Le Service public f\u00e9d\u00e9ral (SPF) Sant\u00e9 belge a men\u00e9 une enqu\u00eate client-myst\u00e8re avec des mineurs \u00e2g\u00e9s de 15 \u00e0 17 ans pour v\u00e9rifier le respect de l\u2019interdiction de vente des produits du tabac, du vapotage et de l\u2019alcool aux mineurs de moins de 18 ans<a href=\"applewebdata:\/\/30D63620-F8B0-48EC-95BF-ECF1706791BF#_ftn1\" name=\"_ftnref1\"><strong>[1]<\/strong><\/a>. Les r\u00e9sultats montrent que plus de 70 % des commer\u00e7ants test\u00e9s ne respectent pas la r\u00e9glementation concernant la vente de tabac et de produits du vapotage aux mineurs, et 80 \u00e0 90 % pour les boissons alcoolis\u00e9es. <\/em><\/p>\n<p style=\"font-weight: 400; text-align: justify;\">En Belgique, La vente de spiritueux est interdite aux moins de 18 ans, la vente de bi\u00e8re et de vin est interdite aux moins de 16 ans et la vente de tabac et de produits du vapotage est interdite aux moins de 18 ans.<\/p>\n<h2 style=\"font-weight: 400; text-align: justify;\"><strong>Un non-respect de l&rsquo;interdiction de vente g\u00e9n\u00e9ralis\u00e9<\/strong><\/h2>\n<p style=\"font-weight: 400; text-align: justify;\">Le SPF a men\u00e9 une \u00e9tude \u00ab clients myst\u00e8res \u00bb avec des mineurs \u00e2g\u00e9s de 15 \u00e0 17 ans, accompagn\u00e9s d\u2019un adulte en retrait qui observe la situation et constate ou non la vente.<\/p>\n<p style=\"font-weight: 400; text-align: justify;\">Les r\u00e9sultats de cette campagne montrent que le tabac, les produits du vapotage et l\u2019alcool restent tr\u00e8s accessibles aux mineurs puisque plus de 7 d\u00e9taillants sur 10 ont accept\u00e9s de vendre du tabac ou des produits du vapotage \u00e0 des mineurs. On constate le plus grand nombre d&rsquo;infractions dans les supermarch\u00e9s et les stations-service puisqu\u2019ils sont 80 % \u00e0 avoir accept\u00e9 la vente. Concernant la vente d&rsquo;alcool, l&rsquo;interdiction de vendre des spiritueux (pour les -18 ans) n&rsquo;est pas respect\u00e9e dans 90 % des cas. Pour la bi\u00e8re et le vin (-16 ans), le taux d&rsquo;infraction est d&rsquo;environ 80 %. Les \u00e9tablissements horeca<a href=\"applewebdata:\/\/30D63620-F8B0-48EC-95BF-ECF1706791BF#_ftn2\" name=\"_ftnref2\">[2]<\/a> et les stations-service sont les lieux o\u00f9 l&rsquo;alcool est le plus facilement vendu aux mineurs avec plus de 90 % d&rsquo;infractions constat\u00e9es.<\/p>\n<p style=\"font-weight: 400; text-align: justify;\">Des constats similaires ont \u00e9t\u00e9 observ\u00e9s en France par le Comit\u00e9 national contre le tabagisme (CNCT) qui m\u00e8ne depuis plusieurs ann\u00e9es des enqu\u00eates clients-myst\u00e8res aupr\u00e8s des buralistes pour v\u00e9rifier le respect de l\u2019interdiction de vente de tabac aux mineurs. Selon les r\u00e9sultats de l\u2019enqu\u00eate men\u00e9e en 2021, le tabac reste tr\u00e8s accessible en France, puisque <a href=\"https:\/\/cnct.fr\/wp-content\/uploads\/2022\/03\/Dossier-de-presse-Interdiction-de-vente-aux-mineurs-CNCT-1.pdf\">64% des buralistes<\/a> acceptent de vendre du tabac aux mineurs, facilitant ainsi leur entr\u00e9e dans le tabagisme et maintenant la pr\u00e9valence tabagique \u00e0 des taux particuli\u00e8rement \u00e9lev\u00e9s dans le pays. Pour l\u2019alcool, l\u2019association <a href=\"https:\/\/addictions-france.org\/presse\/les-magasins-vendent-de-lalcool-aux-mineurs-en-toute-impunite\/\">Addictions France<\/a> m\u00e8ne le m\u00eame type d\u2019enqu\u00eate et selon les r\u00e9sultats de 2020, 90% des enseignes visit\u00e9es ont vendu de l\u2019alcool \u00e0 des mineurs de moins de 18 ans. Limiter l\u2019acc\u00e8s du tabac et de l\u2019alcool aux mineurs est une \u00e9tape essentielle pour pr\u00e9venir l\u2019initiation et d\u00e9normaliser ces produits.<\/p>\n<h2 style=\"font-weight: 400; text-align: justify;\"><strong>Des renforcements pr\u00e9vus dans les lois <\/strong><\/h2>\n<p style=\"font-weight: 400; text-align: justify;\">Le ministre belge de la sant\u00e9, Frank Vandenbroucke, souhaite renforcer les contr\u00f4les existants pour infliger des amendes aux commer\u00e7ants en infraction. Le ministre souhaite \u00e9galement des mesures suppl\u00e9mentaires visant \u00e0 r\u00e9duire la disponibilit\u00e9 de l&rsquo;alcool et du tabac en limitant les lieux et\/ou les heures o\u00f9 la vente est autoris\u00e9e. La vente de tabac sera interdite dans les distributeurs automatiques d\u2019ici la fin de l\u2019ann\u00e9e 2023. Elle sera suivie plus tard par une interdiction de la vente dans les \u00e9tablissements horeca, dans les points de vente temporaires (comme les festivals de musique par exemple) et les supermarch\u00e9s de plus de 400 m\u00b2.<\/p>\n<p style=\"font-weight: 400; text-align: justify;\">La Belgique a r\u00e9cemment mis en place plusieurs mesures fortes pour lutter contre le tabagisme et parvenir prochainement \u00e0 une<a href=\"https:\/\/www.generationsanstabac.org\/article\/taxes-interdiction-des-puffs-la-belgique-publie-son-plan-de-lutte-contre-le-tabac\/\"> g\u00e9n\u00e9ration sans tabac<\/a>. Elle pr\u00e9voit l\u2019extension des espaces publics sans tabac, de lutter plus efficacement contre l\u2019ing\u00e9rence encore trop forte de l\u2019industrie du tabac, d\u2019augmenter les taxes sur le tabac et d\u2019am\u00e9liorer les avertissements sanitaires sur les emballages. Elle s\u2019est \u00e9galement positionn\u00e9e pour interdire la vente des sachets de nicotine, des dispositifs de vapotage jetables et des filtres de cigarette.<\/p>\n<p style=\"font-weight: 400; text-align: justify;\"><strong>Mots-cl\u00e9s : Belgique, mineurs, interdiction de vente, tabac, vapotage, alcool, g\u00e9n\u00e9ration sans tabac<\/strong><\/p>\n<p style=\"text-align: justify;\"><strong><a href=\"https:\/\/www.generationsanstabac.org\/\">\u00a9G\u00e9n\u00e9ration Sans Tabac<\/a><\/strong><\/p>\n<p style=\"text-align: right;\"><em><strong>AE<\/strong><\/em><\/p>\n<p style=\"text-align: justify;\"><a href=\"applewebdata:\/\/30D63620-F8B0-48EC-95BF-ECF1706791BF#_ftnref1\" name=\"_ftn1\">[1]<\/a> <a href=\"https:\/\/www.health.belgium.be\/fr\/news\/resultats-de-la-campagne-estivale-mystery-shopping\">R\u00e9sultats de la campagne estivale \u2018mystery shopping\u2019<\/a>, Service public f\u00e9d\u00e9ral &#8211; Sant\u00e9 publique, s\u00e9curit\u00e9 de la cha\u00eene alimentaire et environnement, publi\u00e9 le 25 ao\u00fbt 2023, consult\u00e9 le jour m\u00eame.<\/p>\n<p style=\"text-align: justify;\"><a href=\"applewebdata:\/\/30D63620-F8B0-48EC-95BF-ECF1706791BF#_ftnref2\" name=\"_ftn2\">[2]<\/a> Secteur d&rsquo;activit\u00e9s de l&rsquo;h\u00f4tellerie, de la restauration et des caf\u00e9s.<\/p>\n<p><strong><a href=\"http:\/\/www.cnct.fr\/\" target=\"_blank\" rel=\"noopener noreferrer\">Comit\u00e9 national contre le tabagisme |<\/a><\/strong><\/p>\n","protected":false},"excerpt":{"rendered":"<p>Le Service public f\u00e9d\u00e9ral (SPF) Sant\u00e9 belge a men\u00e9 une enqu\u00eate qui montre que plus de 70 % des commer\u00e7ants test\u00e9s ne respectent pas la r\u00e9glementation concernant la vente de tabac et de produits du vapotage aux mineurs.<\/p>\n","protected":false},"featured_media":11699,"template":"","tags":[],"thematique":[502],"class_list":["post-21166","actualites","type-actualites","status-publish","has-post-thumbnail","hentry","thematique-justice"],"acf":[],"_links":{"self":[{"href":"https:\/\/www.generationsanstabac.org\/fr\/wp-json\/wp\/v2\/actualites\/21166","targetHints":{"allow":["GET"]}}],"collection":[{"href":"https:\/\/www.generationsanstabac.org\/fr\/wp-json\/wp\/v2\/actualites"}],"about":[{"href":"https:\/\/www.generationsanstabac.org\/fr\/wp-json\/wp\/v2\/types\/actualites"}],"version-history":[{"count":0,"href":"https:\/\/www.generationsanstabac.org\/fr\/wp-json\/wp\/v2\/actualites\/21166\/revisions"}],"wp:featuredmedia":[{"embeddable":true,"href":"https:\/\/www.generationsanstabac.org\/fr\/wp-json\/wp\/v2\/media\/11699"}],"wp:attachment":[{"href":"https:\/\/www.generationsanstabac.org\/fr\/wp-json\/wp\/v2\/media?parent=21166"}],"wp:term":[{"taxonomy":"post_tag","embeddable":true,"href":"https:\/\/www.generationsanstabac.org\/fr\/wp-json\/wp\/v2\/tags?post=21166"},{"taxonomy":"thematique","embeddable":true,"href":"https:\/\/www.generationsanstabac.org\/fr\/wp-json\/wp\/v2\/thematique?post=21166"}],"curies":[{"name":"wp","href":"https:\/\/api.w.org\/{rel}","templated":true}]}}