{"id":21161,"date":"2023-08-25T08:00:33","date_gmt":"2023-08-25T06:00:33","guid":{"rendered":"https:\/\/www.generationsanstabac.org\/actualites\/israel-envisage-un-nouveau-plan-daction-pour-endiguer-le-tabagisme-et-le-vapotage\/"},"modified":"2023-08-25T08:00:33","modified_gmt":"2023-08-25T06:00:33","slug":"israel-envisage-un-nouveau-plan-daction-pour-endiguer-le-tabagisme-et-le-vapotage","status":"publish","type":"actualites","link":"https:\/\/www.generationsanstabac.org\/fr\/actualites\/israel-envisage-un-nouveau-plan-daction-pour-endiguer-le-tabagisme-et-le-vapotage\/","title":{"rendered":"Isra\u00ebl envisage un nouveau plan d\u2019action pour endiguer le tabagisme et le vapotage"},"content":{"rendered":"<p style=\"font-weight: 400; text-align: justify;\"><em>Le minist\u00e8re de la sant\u00e9 d&rsquo;Isra\u00ebl a ouvert lundi 21 ao\u00fbt une consultation publique sur un plan d&rsquo;action concernant l\u2019ensemble des produits du tabac et du vapotage. Ce plan pr\u00e9voit notamment : l\u2019interdiction des ar\u00f4mes pour le tabac et le vapotage, l\u2019interdiction des puffs et le rel\u00e8vement de l\u2019\u00e2ge de vente \u00e0 21 ans contre 18 ans actuellement. Ce plan d\u2019action est le fruit des r\u00e9flexions d\u2019un groupe de travail national nomm\u00e9 par le minist\u00e8re de la Sant\u00e9 en mai dernier pour proposer des solutions \u00e0 l\u2019\u00e9pid\u00e9mie tabagique dans le pays.<\/em><\/p>\n<p style=\"font-weight: 400; text-align: justify;\">Le taux de tabagisme actuel en Isra\u00ebl pour les personnes \u00e2g\u00e9es de 20 ans est sup\u00e9rieur \u00e0 20 %, ce qui est plus \u00e9lev\u00e9 que dans la plupart des pays occidentaux, et surtout, il n&rsquo;a pas vari\u00e9 depuis 2007, sachant que la communaut\u00e9 arabe fume plus (26,3%), que la communaut\u00e9 juive (18,4%).<\/p>\n<h2 style=\"font-weight: 400; text-align: justify;\"><strong>Un plan d\u2019action complet pour r\u00e9duire la consommation et prot\u00e9ger les jeunes <\/strong><\/h2>\n<p style=\"font-weight: 400; text-align: justify;\">Le plan comporte plusieurs volets<a href=\"applewebdata:\/\/03ECAF9B-D9E4-4AD6-A8D0-62CC6C64C2B5#_ftn1\" name=\"_ftnref1\">[1]<\/a> qui concernent les produits du tabac et ceux du vapotage, ces derniers \u00e9tant tr\u00e8s consomm\u00e9s par les jeunes isra\u00e9liens. Les mesures propos\u00e9es sont nombreuses, y figurent :<\/p>\n<ul style=\"text-align: justify;\">\n<li>L\u2019attribution au minist\u00e8re de la Sant\u00e9 du pouvoir de faire respecter la limite actuelle de concentration de nicotine pour les cigarettes \u00e9lectroniques, la limite du volume de liquide de leurs r\u00e9servoirs autoris\u00e9s ;<\/li>\n<li>L\u2019obligation d&rsquo;apposer des avertissements sanitaires graphiques sur tous les produits du tabac et du vapotage ;<\/li>\n<li>L&rsquo;interdiction de la vente de cigarettes \u00e9lectroniques \u00e0 usage unique (puff) :<\/li>\n<li>La r\u00e9duction du nombre de points de vente :<\/li>\n<li>Le rel\u00e8vement de l&rsquo;\u00e2ge d\u2019autorisation de vente des produits du tabac et du vapotage \u00e0 21 ans ;<\/li>\n<li>L\u2019attribution au minist\u00e8re de la Sant\u00e9 du pouvoir de faire respecter l&rsquo;interdiction de la publicit\u00e9 sur Internet ;<\/li>\n<li>L\u2019uniformisation des taxes sur les dispositifs du vapotage et les produits du tabac ;<\/li>\n<li>L\u2019application d\u2019une taxe sur l\u2019ensemble des produits contenant de la nicotine \u00e0 usage non m\u00e9dical.<\/li>\n<\/ul>\n<p style=\"font-weight: 400; text-align: justify;\">En France, le Comit\u00e9 national contre le tabagisme (CNCT) a publi\u00e9 en mai dernier un Livre blanc avec des recommandations tr\u00e8s proches<a href=\"applewebdata:\/\/03ECAF9B-D9E4-4AD6-A8D0-62CC6C64C2B5#_ftn2\" name=\"_ftnref2\">[2]<\/a> pour parvenir  \u00e0 une g\u00e9n\u00e9ration sans tabac en 2032, telles que : le rel\u00e8vement de l\u2019\u00e2ge l\u00e9gal de vente des produits du tabac et de la nicotine \u00e0 21 ans, en interdisant la vente de tous ces produits aux jeunes n\u00e9s \u00e0 partir de 2014,  l\u2019interdiction des ar\u00f4mes pour le vapotage et l\u2019interdiction des dispositifs de vapotage jetables.<\/p>\n<h2 style=\"font-weight: 400; text-align: justify;\"><strong>Des r\u00e9serves concernant l\u2019int\u00e9r\u00eat du vapotage pour arr\u00eater de fumer<\/strong><\/h2>\n<p style=\"font-weight: 400; text-align: justify;\">Dans son communiqu\u00e9, le minist\u00e8re de la Sant\u00e9 d\u00e9clare que \u00ab <em>les cigarettes \u00e9lectroniques sont la porte d&rsquo;entr\u00e9e vers le tabagisme pour les jeunes qui commencent \u00e0 les exp\u00e9rimenter \u00e0 un jeune \u00e2ge <\/em>\u00bb. Pour le minist\u00e8re, il n&rsquo;existe aucune preuve solide d\u00e9montrant que l&rsquo;usage des cigarettes \u00e9lectroniques aide les fumeurs \u00e0 arr\u00eater, par comparaison avec les traitements de substitution nicotinique avec accompagnement par un professionnel de sant\u00e9. Il pr\u00e9cise que les preuves scientifiques concernant les risques sanitaires des cigarettes \u00e9lectroniques \u00e0 court et \u00e0 moyen terme sont de mieux en mieux connues et qu\u2019ils concernent principalement les syst\u00e8mes respiratoire et cardiovasculaire, les traumatismes et br\u00fblures, et le d\u00e9veloppement chez les jeunes d&rsquo;une d\u00e9pendance \u00e0 la nicotine.<\/p>\n<p style=\"font-weight: 400; text-align: justify;\"><strong>Mots-cl\u00e9s : Isra\u00ebl, lutte antitabac, plan d\u2019action, tabagisme, vapotage, ar\u00f4mes, sevrage<\/strong><\/p>\n<p><strong><a href=\"https:\/\/www.generationsanstabac.org\/\">\u00a9G\u00e9n\u00e9ration Sans Tabac<\/a><\/strong><\/p>\n<p style=\"text-align: right;\"><em><strong>AE<\/strong><\/em><\/p>\n<p style=\"text-align: justify;\"><a href=\"applewebdata:\/\/03ECAF9B-D9E4-4AD6-A8D0-62CC6C64C2B5#_ftnref1\" name=\"_ftn1\">[1]<\/a> Judy Siegel-Itzkovich, <a href=\"https:\/\/www.jpost.com\/health-and-wellness\/article-755567\">Israel&rsquo;s Health Ministry updates tactics to fight smoking<\/a>, The Jerusalem Post, publi\u00e9 le 21 ao\u00fbt 2023, consult\u00e9 le 23 ao\u00fbt 2023<\/p>\n<p style=\"text-align: justify;\"><a href=\"applewebdata:\/\/03ECAF9B-D9E4-4AD6-A8D0-62CC6C64C2B5#_ftnref2\" name=\"_ftn2\">[2]<\/a> Communiqu\u00e9 de presse, <a href=\"https:\/\/cnct.fr\/communiques\/le-comite-national-contre-le-tabagisme-propose-des-mesures-fortes-pour-parvenir-a-une-generation-sans-tabac-dici-2032\/\">Le Comit\u00e9 national contre le tabagisme (CNCT) propose des mesures fortes pour parvenir \u00e0 une g\u00e9n\u00e9ration sans tabac d\u2019ici 2032<\/a>, publi\u00e9 le 2 mai 2023, consult\u00e9 le 23 ao\u00fbt 2023<\/p>\n<p><strong><a href=\"http:\/\/www.cnct.fr\/\" target=\"_blank\" rel=\"noopener noreferrer\">Comit\u00e9 national contre le tabagisme |<\/a><\/strong><\/p>\n","protected":false},"excerpt":{"rendered":"<p>Le minist\u00e8re de la sant\u00e9 d&rsquo;Isra\u00ebl a ouvert lundi 21 ao\u00fbt une consultation publique sur un plan d&rsquo;action concernant l\u2019ensemble des produits du tabac et du vapotage.<\/p>\n","protected":false},"featured_media":10357,"template":"","tags":[],"thematique":[491],"class_list":["post-21161","actualites","type-actualites","status-publish","has-post-thumbnail","hentry","thematique-politiques-publiques"],"acf":[],"_links":{"self":[{"href":"https:\/\/www.generationsanstabac.org\/fr\/wp-json\/wp\/v2\/actualites\/21161","targetHints":{"allow":["GET"]}}],"collection":[{"href":"https:\/\/www.generationsanstabac.org\/fr\/wp-json\/wp\/v2\/actualites"}],"about":[{"href":"https:\/\/www.generationsanstabac.org\/fr\/wp-json\/wp\/v2\/types\/actualites"}],"version-history":[{"count":0,"href":"https:\/\/www.generationsanstabac.org\/fr\/wp-json\/wp\/v2\/actualites\/21161\/revisions"}],"wp:featuredmedia":[{"embeddable":true,"href":"https:\/\/www.generationsanstabac.org\/fr\/wp-json\/wp\/v2\/media\/10357"}],"wp:attachment":[{"href":"https:\/\/www.generationsanstabac.org\/fr\/wp-json\/wp\/v2\/media?parent=21161"}],"wp:term":[{"taxonomy":"post_tag","embeddable":true,"href":"https:\/\/www.generationsanstabac.org\/fr\/wp-json\/wp\/v2\/tags?post=21161"},{"taxonomy":"thematique","embeddable":true,"href":"https:\/\/www.generationsanstabac.org\/fr\/wp-json\/wp\/v2\/thematique?post=21161"}],"curies":[{"name":"wp","href":"https:\/\/api.w.org\/{rel}","templated":true}]}}