{"id":21150,"date":"2023-08-11T08:00:37","date_gmt":"2023-08-11T06:00:37","guid":{"rendered":"https:\/\/www.generationsanstabac.org\/actualites\/la-belgique-va-etendre-linterdiction-de-fumer-aux-parcs-dattraction\/"},"modified":"2023-08-11T08:00:37","modified_gmt":"2023-08-11T06:00:37","slug":"la-belgique-va-etendre-linterdiction-de-fumer-aux-parcs-dattraction","status":"publish","type":"actualites","link":"https:\/\/www.generationsanstabac.org\/fr\/actualites\/la-belgique-va-etendre-linterdiction-de-fumer-aux-parcs-dattraction\/","title":{"rendered":"La Belgique va \u00e9tendre l\u2019interdiction de fumer aux parcs d\u2019attraction"},"content":{"rendered":"<p style=\"font-weight: 400; text-align: justify;\"><em>Pr\u00e9vue pour 2025, l\u2019interdiction de fumer dans les parcs d\u2019attraction belges a d\u00e9j\u00e0 \u00e9t\u00e9 anticip\u00e9e par plusieurs parcs. Les parcs d\u2019attraction fran\u00e7ais se pr\u00e9parent progressivement \u00e0 ce type de mesure. <\/em><\/p>\n<p style=\"font-weight: 400; text-align: justify;\">En Belgique, le plan de lutte contre le tabac adopt\u00e9 en d\u00e9cembre 2022 pr\u00e9voit, \u00e0 partir de janvier 2025, un \u00e9largissement des espaces non-fumeurs \u00e0 diverses cat\u00e9gories d\u2019\u00e9tablissements fr\u00e9quent\u00e9s par les enfants, dont les parcs zoologiques et les parcs d\u2019attraction.<\/p>\n<p style=\"font-weight: 400; text-align: justify;\">Deux parcs d\u2019attraction, Plopsaland de Panne et Plopsa Coo, ont anticip\u00e9 cette l\u00e9gislation en avril 2023 et ont partiellement mis en place cette interdiction du fumer, en accordant cependant cinq espaces ext\u00e9rieurs pour les fumeurs dans l\u2019un et trois dans l\u2019autre. Le responsable de ces parcs a cependant conc\u00e9d\u00e9 qu\u2019il n\u2019\u00e9tait pas toujours facile de faire respecter cette interdiction  par les visiteurs<a href=\"applewebdata:\/\/05B655F1-443C-4B41-8491-80B4C5466DAB#_ftn1\" name=\"_ftnref1\">[1]<\/a>. Le parc Toverland a mis en place des mesures similaires \u00e0 cette m\u00eame date, mais en incluant sept espaces ext\u00e9rieurs fumeurs. D\u2019autres parcs, tels Bobbejaanland ou Fraispertuis City, avaient act\u00e9 ce type de mesure d\u00e8s 2020.<\/p>\n<h2 style=\"font-weight: 400; text-align: justify;\"><strong>En France, une p\u00e9tition r\u00e9clame la g\u00e9n\u00e9ralisation de cette interdiction <\/strong><\/h2>\n<p style=\"font-weight: 400; text-align: justify;\">En France, ce type de mesure n\u2019est pas encore envisag\u00e9, mais certaines voix commencent \u00e0 la r\u00e9clamer. Une <a href=\"https:\/\/www.mesopinions.com\/petition\/sante\/interdiction-cigarettes-parcs-attraction\/211785\">p\u00e9tition<\/a> en ligne a notamment \u00e9t\u00e9 lanc\u00e9e en juillet 2023 pour demander la g\u00e9n\u00e9ralisation de cette interdiction de fumer dans les parcs d\u2019attraction.<\/p>\n<p style=\"font-weight: 400; text-align: justify;\">Les principaux parcs d\u2019attraction, tels Disneyland Paris, Ast\u00e9rix ou Walibi Rh\u00f4ne Alpes, ont toutefois d\u00e9j\u00e0 act\u00e9 cette mesure depuis plusieurs ann\u00e9es, tout en accordant de nombreux espaces aux fumeurs. Pour Fran\u00e7ois Fassier, directeur de la branche parcs de loisirs de la Compagnie des Alpes, <em>\u00ab On se dirige vers \u00e7a, \u00e0 plus ou moins long terme. La cigarette devient de plus en plus un motif de crispation pour les familles. C\u2019est une tendance de fond \u00bb<a href=\"applewebdata:\/\/05B655F1-443C-4B41-8491-80B4C5466DAB#_ftn2\" name=\"_ftnref2\"><strong>[2]<\/strong><\/a><\/em>. Certains parcs, comme le Futuroscope, le Puy du Fou ou Euro Park, autorisent cependant encore les visiteurs \u00e0 fumer dans les all\u00e9es.<\/p>\n<p style=\"font-weight: 400; text-align: justify;\">L\u2019interdiction de fumer dans les parcs d\u2019attraction rejoint celle interdisant de fumer dans d\u2019autres lieux ext\u00e9rieurs ouverts comme les abords des \u00e9tablissements scolaires, les stades, les parcs et jardins ou les plages. Il s\u2019agit d\u2019une tendance qui concerne l\u2019ensemble des pays ayant adopt\u00e9 des dispositions de protection \u00e0 l\u2019\u00e9gard du tabagisme passif. En appui de ces mesures, les autorit\u00e9s mettent en avant la pr\u00e9vention du tabagisme alors que les objectifs de g\u00e9n\u00e9ration sans tabac se multiplient et que le d\u00e9veloppement des lieux sans tabac est \u00e9galement soulign\u00e9 comme une aide pour les fumeurs qui essaient d\u2019arr\u00eater. Dans cette perspective, l\u2019installation d\u2019un nombre limit\u00e9 d\u2019espaces fumeurs appara\u00eet comme une mesure transitoire pour accompagner une mesure extr\u00eamement populaire.<\/p>\n<p style=\"font-weight: 400; text-align: justify;\"><em>Pour en savoir davantage sur le plan de lutte contre le tabac en Belgique, lire notre <\/em><a href=\"https:\/\/www.generationsanstabac.org\/article\/taxes-interdiction-des-puffs-la-belgique-publie-son-plan-de-lutte-contre-le-tabac\/\"><em>d\u00e9cryptage<\/em><\/a><em>.<\/em><\/p>\n<p style=\"font-weight: 400; text-align: justify;\"><strong>Mots-cl\u00e9s : interdiction de fumer, Belgique, parcs d\u2019attraction, p\u00e9tition.<\/strong><\/p>\n<p><strong><a href=\"https:\/\/www.generationsanstabac.org\/\">\u00a9G\u00e9n\u00e9ration Sans Tabac<\/a><\/strong><\/p>\n<p style=\"text-align: right;\"><em><strong>MF<\/strong><\/em><\/p>\n<p style=\"text-align: justify;\"><a href=\"applewebdata:\/\/05B655F1-443C-4B41-8491-80B4C5466DAB#_ftnref1\" name=\"_ftn1\">[1]<\/a> <a href=\"https:\/\/androland.com\/les-parcs-plopsaland-de-panne-plopsa-coo-deviennent-non-fumeurs-33192.html\"><em>Les parcs Plopsaland de Panne &amp; Plopsa Coo deviennent non-fumeurs<\/em><\/a>, Androland, publi\u00e9 le 30 mars 2023, consult\u00e9 le 8 ao\u00fbt 2023.<\/p>\n<p style=\"text-align: justify;\"><a href=\"applewebdata:\/\/05B655F1-443C-4B41-8491-80B4C5466DAB#_ftnref2\" name=\"_ftn2\">[2]<\/a> <a href=\"https:\/\/www.ouest-france.fr\/sante\/addictions\/tabac\/la-belgique-va-interdire-de-fumer-dans-ses-parcs-dattractions-et-si-la-france-faisait-pareil-b3fe8cf4-351f-11ee-b7f3-2e2caca663db\"><em>La Belgique va interdire de fumer dans ses parcs d\u2019attractions : et si la France faisait pareil ?<\/em><\/a>, Ouest France, publi\u00e9 le 7 ao\u00fbt 2023, consult\u00e9 le 8 ao\u00fbt 2023.<\/p>\n<p><strong><a href=\"http:\/\/www.cnct.fr\/\" target=\"_blank\" rel=\"noopener noreferrer\">Comit\u00e9 national contre le tabagisme |<\/a><\/strong><\/p>\n","protected":false},"excerpt":{"rendered":"<p>Pr\u00e9vue pour 2025, l\u2019interdiction de fumer dans les parcs d\u2019attraction belges a d\u00e9j\u00e0 \u00e9t\u00e9 anticip\u00e9e par plusieurs parcs.<\/p>\n","protected":false},"featured_media":11681,"template":"","tags":[],"thematique":[491,474],"class_list":["post-21150","actualites","type-actualites","status-publish","has-post-thumbnail","hentry","thematique-politiques-publiques","thematique-sante"],"acf":[],"_links":{"self":[{"href":"https:\/\/www.generationsanstabac.org\/fr\/wp-json\/wp\/v2\/actualites\/21150","targetHints":{"allow":["GET"]}}],"collection":[{"href":"https:\/\/www.generationsanstabac.org\/fr\/wp-json\/wp\/v2\/actualites"}],"about":[{"href":"https:\/\/www.generationsanstabac.org\/fr\/wp-json\/wp\/v2\/types\/actualites"}],"version-history":[{"count":0,"href":"https:\/\/www.generationsanstabac.org\/fr\/wp-json\/wp\/v2\/actualites\/21150\/revisions"}],"wp:featuredmedia":[{"embeddable":true,"href":"https:\/\/www.generationsanstabac.org\/fr\/wp-json\/wp\/v2\/media\/11681"}],"wp:attachment":[{"href":"https:\/\/www.generationsanstabac.org\/fr\/wp-json\/wp\/v2\/media?parent=21150"}],"wp:term":[{"taxonomy":"post_tag","embeddable":true,"href":"https:\/\/www.generationsanstabac.org\/fr\/wp-json\/wp\/v2\/tags?post=21150"},{"taxonomy":"thematique","embeddable":true,"href":"https:\/\/www.generationsanstabac.org\/fr\/wp-json\/wp\/v2\/thematique?post=21150"}],"curies":[{"name":"wp","href":"https:\/\/api.w.org\/{rel}","templated":true}]}}