{"id":21146,"date":"2023-08-07T08:00:22","date_gmt":"2023-08-07T06:00:22","guid":{"rendered":"https:\/\/www.generationsanstabac.org\/actualites\/le-quebec-interdit-les-aromes-pour-les-produits-du-vapotage\/"},"modified":"2023-08-07T08:00:22","modified_gmt":"2023-08-07T06:00:22","slug":"le-quebec-interdit-les-aromes-pour-les-produits-du-vapotage","status":"publish","type":"actualites","link":"https:\/\/www.generationsanstabac.org\/fr\/actualites\/le-quebec-interdit-les-aromes-pour-les-produits-du-vapotage\/","title":{"rendered":"Le Qu\u00e9bec interdit les ar\u00f4mes pour les produits du vapotage"},"content":{"rendered":"<p style=\"font-weight: 400; text-align: justify;\"><em>La vente de produits de vapotage aromatis\u00e9s, autre que les ar\u00f4mes du tabac, sera interdite au Qu\u00e9bec \u00e0 partir du 31 octobre de cette ann\u00e9e. La nouvelle r\u00e9glementation annonc\u00e9e le 2 ao\u00fbt par le minist\u00e8re de la sant\u00e9 limitera \u00e9galement la concentration maximale de nicotine des produits de vapotage \u00e0 20mg\/ml et exigera que certaines informations figurent sur l&rsquo;\u00e9tiquetage et l&#8217;emballage de ces produits<\/em><a href=\"applewebdata:\/\/0BB837FD-4934-4E98-84DB-644A9057917C#_ftn1\" name=\"_ftnref1\">[1]<\/a><em>.La province contr\u00f4lera \u00e9galement certaines caract\u00e9ristiques des emballages des produits du vapotage afin de les rendre moins attrayants pour les jeunes, selon un communiqu\u00e9 de presse du gouvernement.<\/em><\/p>\n<p style=\"font-weight: 400; text-align: justify;\">Outre le Qu\u00e9bec, l&rsquo;\u00cele-du-Prince-\u00c9douard, la Nouvelle-\u00c9cosse, le Nouveau-Brunswick, le Nunavut et les Territoires du Nord-Ouest interdisent \u00e9galement les ar\u00f4mes dans les produits de vapotage. Cette mesure, port\u00e9e en France par le <a href=\"https:\/\/cnct.fr\/communiques\/le-cnct-alerte-developpement-anarchique-nouveaux-produits-demande-interdiction-des-aromes\/\">Comit\u00e9 national contre le tabagisme<\/a> (CNCT), a d\u00e9j\u00e0 \u00e9t\u00e9 mise en place dans plusieurs pays, comme le Danemark, la Finlande, la Hongrie, la Lituanie, les Pays-Bas et l\u2019Ukraine.<\/p>\n<h2 style=\"font-weight: 400; text-align: justify;\"><strong>Stopper l\u2019addiction des jeunes \u00e0 la nicotine \u00e0 travers les ar\u00f4mes<\/strong><\/h2>\n<p style=\"font-weight: 400; text-align: justify;\"> Le ministre de la sant\u00e9, Christian Dub\u00e9, souhaite, \u00e0 travers cette nouvelle l\u00e9gislation, rendre ces produits moins attractifs, en particulier aupr\u00e8s des jeunes. La consommation des produits du vapotage est tr\u00e8s r\u00e9pandu chez les adolescents qu\u00e9b\u00e9cois puisque, selon l\u2019enqu\u00eate qu\u00e9b\u00e9coise sur le tabac et les produits de vapotage, 18% des 15 \u2013 17 ans ont d\u00e9clar\u00e9 vapoter r\u00e9guli\u00e8rement contre 2,4% des 35 \u2013 64 ans. Plus de 8 adolescents consommateurs sur 10 (82,2%) utilisent des cigarettes \u00e9lectroniques contenant plus de 20mg\/ml de nicotine.<\/p>\n<p style=\"font-weight: 400; text-align: justify;\">La capacit\u00e9 des r\u00e9servoirs et des capsules sera \u00e9galement restreinte \u00e0 2 ml et le volume maximal des contenants de recharge de liquides \u00e0 vapoter, \u00e0 30 ml. De plus, les produits du vapotage ne pourront d\u00e9sormais avoir la forme d\u2019un jouet, d\u2019un bijou, d\u2019un aliment, d\u2019un animal ou d\u2019un personnage r\u00e9el ou fictif ou toute autre forme, apparence ou fonction qui peuvent \u00eatre attrayantes pour les mineurs.<\/p>\n<p style=\"font-weight: 400; text-align: justify;\">Cette interdiction est salu\u00e9e par de nombreuses associations en sant\u00e9 publique. La porte-parole de la Coalition qu\u00e9b\u00e9coise pour le contr\u00f4le du tabac a d\u00e9clar\u00e9 que cette interdiction allait dans le bon sens pour prot\u00e9ger les jeunes : <em>\u00ab Lorsqu\u2019on a interdit les saveurs pour les cigarillos ou les cigarettes menthol\u00e9es, en 2015, \u00e7a a men\u00e9 \u00e0 une baisse de l\u2019usage de ces produits aupr\u00e8s des jeunes \u00bb.<\/em><\/p>\n<p style=\"font-weight: 400; text-align: justify;\">Une r\u00e9cente \u00e9tude publi\u00e9e dans le Journal of Studies on Alcohol and Drugs<a href=\"applewebdata:\/\/0BB837FD-4934-4E98-84DB-644A9057917C#_ftn2\" name=\"_ftnref2\">[2]<\/a> avait montr\u00e9 qu\u2019une interdiction totale des ar\u00f4mes \u00e0 l\u2019exception de la saveur menthol et tabac serait susceptible d\u2019amener les adolescents et les jeunes adultes utilisateurs de cigarettes \u00e9lectroniques \u00e0 arr\u00eater leur consommation.<\/p>\n<p style=\"font-weight: 400; text-align: justify;\">La r\u00e9glementation est vivement critiqu\u00e9e par l\u2019industrie du vapotage, inqui\u00e8te pour ses ventes et qui insiste sur l\u2019importance des ar\u00f4mes dans l\u2019arr\u00eat du tabac fum\u00e9. Pourtant, l\u2019affirmation selon laquelle l\u2019interdiction des ar\u00f4mes s\u2019accompagnerait d\u2019une reprise du tabagisme n\u2019est \u00e0 ce jour pas v\u00e9rifi\u00e9e.<\/p>\n<p style=\"font-weight: 400; text-align: justify;\"><strong>Mots-cl\u00e9s : Ar\u00f4mes, vapotage, saveurs, jeunes, interdiction, cigarette \u00e9lectronique<\/strong><\/p>\n<p style=\"text-align: justify;\"><strong><a href=\"https:\/\/www.generationsanstabac.org\/\">\u00a9G\u00e9n\u00e9ration Sans Tabac<\/a><\/strong><\/p>\n<p style=\"text-align: right;\"><em><strong>MF<\/strong><\/em><\/p>\n<p style=\"text-align: justify;\"><a href=\"applewebdata:\/\/0BB837FD-4934-4E98-84DB-644A9057917C#_ftnref1\" name=\"_ftn1\">[1]<\/a> Alice Girard-Boss\u00e9, <a href=\"https:\/\/www.lapresse.ca\/actualites\/2023-08-02\/vapotage\/la-fin-des-parfums-le-31-octobre.php\">La fin des parfums le 31 octobre<\/a>, La Presse canadienne, publi\u00e9 le 2 ao\u00fbt 2023, consult\u00e9 le 3 ao\u00fbt 2023<\/p>\n<p style=\"text-align: justify;\"><a href=\"applewebdata:\/\/0BB837FD-4934-4E98-84DB-644A9057917C#_ftnref2\" name=\"_ftn2\">[2]<\/a> <a href=\"https:\/\/www.jsad.com\/doi\/abs\/10.15288\/jsad.21-00466\">Adolescent and Young Adult Response to Hypothetical E-Liquid Flavor Restrictions<\/a>, Natasha K. Sidhu, William V. Lechner, Sam N. Cwalina, Lauren Whitted, Sabrina L. Smiley, Jessica L. Barrington-Trimis, Junhan Cho, Theodore L. Wagener, Adam M. Leventhal, and Alayna P. Tackett, Journal of Studies on Alcohol and Drugs 2023 84:2 , 303-308<\/p>\n<p><strong><a href=\"http:\/\/www.cnct.fr\/\" target=\"_blank\" rel=\"noopener noreferrer\">Comit\u00e9 national contre le tabagisme |<\/a><\/strong><\/p>\n","protected":false},"excerpt":{"rendered":"<p>La vente de produits de vapotage aromatis\u00e9s, autre que l\u2019ar\u00f4me tabac, sera interdite au Qu\u00e9bec \u00e0 partir du 31 octobre de cette ann\u00e9e.<\/p>\n","protected":false},"featured_media":19603,"template":"","tags":[],"thematique":[502],"class_list":["post-21146","actualites","type-actualites","status-publish","has-post-thumbnail","hentry","thematique-justice"],"acf":[],"_links":{"self":[{"href":"https:\/\/www.generationsanstabac.org\/fr\/wp-json\/wp\/v2\/actualites\/21146","targetHints":{"allow":["GET"]}}],"collection":[{"href":"https:\/\/www.generationsanstabac.org\/fr\/wp-json\/wp\/v2\/actualites"}],"about":[{"href":"https:\/\/www.generationsanstabac.org\/fr\/wp-json\/wp\/v2\/types\/actualites"}],"version-history":[{"count":0,"href":"https:\/\/www.generationsanstabac.org\/fr\/wp-json\/wp\/v2\/actualites\/21146\/revisions"}],"wp:featuredmedia":[{"embeddable":true,"href":"https:\/\/www.generationsanstabac.org\/fr\/wp-json\/wp\/v2\/media\/19603"}],"wp:attachment":[{"href":"https:\/\/www.generationsanstabac.org\/fr\/wp-json\/wp\/v2\/media?parent=21146"}],"wp:term":[{"taxonomy":"post_tag","embeddable":true,"href":"https:\/\/www.generationsanstabac.org\/fr\/wp-json\/wp\/v2\/tags?post=21146"},{"taxonomy":"thematique","embeddable":true,"href":"https:\/\/www.generationsanstabac.org\/fr\/wp-json\/wp\/v2\/thematique?post=21146"}],"curies":[{"name":"wp","href":"https:\/\/api.w.org\/{rel}","templated":true}]}}