{"id":21145,"date":"2023-08-06T08:00:19","date_gmt":"2023-08-06T06:00:19","guid":{"rendered":"https:\/\/www.generationsanstabac.org\/actualites\/le-tabac-en-france-un-cout-social-majeur-et-a-la-hausse\/"},"modified":"2023-08-06T08:00:19","modified_gmt":"2023-08-06T06:00:19","slug":"le-tabac-en-france-un-cout-social-majeur-et-a-la-hausse","status":"publish","type":"actualites","link":"https:\/\/www.generationsanstabac.org\/fr\/actualites\/le-tabac-en-france-un-cout-social-majeur-et-a-la-hausse\/","title":{"rendered":"Le tabac en France : un co\u00fbt social majeur et \u00e0 la hausse"},"content":{"rendered":"<p style=\"font-weight: 400; text-align: justify;\"><em>Malgr\u00e9 une baisse de la pr\u00e9valence tabagique, le co\u00fbt social du tabac en France en 2019 a \u00e9t\u00e9 \u00e9valu\u00e9 \u00e0 156 milliards d\u2019euros. Ce co\u00fbt est sans rapport avec les taxes per\u00e7ues sur les ventes de tabac. Cette nouvelle \u00e9valuation, publi\u00e9e par l\u2019Observatoire fran\u00e7ais des drogues et des tendances addictives (OFDT)<\/em><a href=\"applewebdata:\/\/E0F2E1AB-C6E4-4B35-A22E-02A70B92124B#_ftn1\" name=\"_ftnref1\">[1]<\/a><em> tient compte, notamment, de l\u2019augmentation de l\u2019esp\u00e9rance de vie en France et d\u2019un calcul plus affin\u00e9 des co\u00fbts li\u00e9s au tabac. <\/em><\/p>\n<p style=\"font-weight: 400; text-align: justify;\">Il est encore courant d\u2019entendre dire que le tabac est une manne financi\u00e8re pour l\u2019Etat, lequel collecte des taxes qui repr\u00e9sentent environ 90 % du prix des produits du tabac. Si en 2019, les taxes sur le tabac ont rapport\u00e9 \u00e0 l\u2019Etat 13,1 milliards d\u2019euros et que 2,8 milliards d\u2019euros de retraites n\u2019ont pas \u00e9t\u00e9 vers\u00e9s du fait des d\u00e9c\u00e8s pr\u00e9matur\u00e9s li\u00e9s au tabac, les d\u00e9penses de sant\u00e9 li\u00e9es au tabac ont \u00e9t\u00e9 de 16,4 milliards d\u2019euros, d\u00e9penses auxquelles il faut ajouter les 778 millions d\u2019euros investis dans la pr\u00e9vention, la r\u00e9pression et les d\u00e9penses sociales. Ainsi, au total, le tabac a cout\u00e9 \u00e0 l\u2019Etat en 2019 plus de 1,6 milliards d\u2019euros soit 2,3 % du d\u00e9ficit public fran\u00e7ais.<\/p>\n<p style=\"font-weight: 400; text-align: justify;\">Selon le dernier calcul r\u00e9alis\u00e9 pour l\u2019OFDT par l\u2019\u00e9conomiste Pierre Kopp, professeur \u00e0 l\u2019Universit\u00e9 Paris 1, le seul tabac a un co\u00fbt social annuel estim\u00e9 \u00e0 156 milliards d\u2019euros. Compte-tenu de la population fran\u00e7aise, ce cout social est d\u2019environ 2 300\u20ac par habitant, fumeur ou non, et quel que soit son \u00e2ge.<\/p>\n<h2 style=\"font-weight: 400; text-align: justify;\"><strong>Un calcul complexe <\/strong><\/h2>\n<p style=\"font-weight: 400; text-align: justify;\">Comme pour les pr\u00e9c\u00e9dentes \u00e9ditions, la derni\u00e8re remontant \u00e0 2015 (avec un cout social \u00e9valu\u00e9 \u00e0 120 milliards d\u2019euros pour l\u2019ann\u00e9e 2010), cette estimation du co\u00fbt social du tabac, de l\u2019alcool et des drogues illicites rel\u00e8ve d\u2019un calcul complexe \u00e0 partir de nombreuses donn\u00e9es, consid\u00e9r\u00e9es comme des co\u00fbts externes : frais m\u00e9dicaux dus au traitement des pathologies, pertes de production du fait des absences au travail, mais aussi ann\u00e9es de vie perdues et perte de qualit\u00e9 de vie occasionn\u00e9e par les pathologies.<\/p>\n<p style=\"font-weight: 400; text-align: justify;\">Les d\u00e9penses publiques de recherche, de pr\u00e9vention, de r\u00e9pression et d\u2019action sociale sont \u00e9galement int\u00e9gr\u00e9es parmi les co\u00fbts. Les co\u00fbts priv\u00e9s, notamment occasionn\u00e9s par la consommation des produits, ne sont en revanche pas pris en compte dans ce total, qui reste ax\u00e9 sur les d\u00e9penses publiques.<\/p>\n<h2 style=\"font-weight: 400; text-align: justify;\"><strong>Une prise en compte plus fine des co\u00fbts li\u00e9s au tabac <\/strong><\/h2>\n<p style=\"font-weight: 400; text-align: justify;\">Plusieurs des indicateurs pris en compte ont \u00e9volu\u00e9 ou ont \u00e9t\u00e9 affin\u00e9s, ce qui explique des variations avec les sommes estim\u00e9es lors des pr\u00e9c\u00e9dentes \u00e9ditions. L\u2019augmentation de l\u2019esp\u00e9rance de vie est l\u2019un des facteurs les plus importants : cette augmentation se r\u00e9percute, d\u2019une part, dans le nombre d\u2019ann\u00e9es de vie perdues ; elle conduit, d\u2019autre part, \u00e0 accro\u00eetre les ann\u00e9es de vie n\u00e9cessitant des soins et incluant des pertes de qualit\u00e9 de vie. Une prise en compte plus pr\u00e9cise des diff\u00e9rents types de pathologies provoqu\u00e9es par le tabac, et non uniquement celles qui induisent des d\u00e9c\u00e8s, a par ailleurs contribu\u00e9 \u00e0 r\u00e9\u00e9valuer les diff\u00e9rents co\u00fbts li\u00e9s au tabac. L\u2019ensemble des co\u00fbts m\u00e9dicaux associ\u00e9s au tabac ont ainsi \u00e9t\u00e9 estim\u00e9s \u00e0 16 milliards d\u2019euros en 2019.<\/p>\n<p style=\"font-weight: 400; text-align: justify;\">Le nombre de d\u00e9c\u00e8s occasionn\u00e9s par l\u2019usage des produits est d\u00e9terminant en termes d\u2019ann\u00e9es de vie perdues et de perte de production, ce qui explique le co\u00fbt social nettement plus \u00e9lev\u00e9 pour le tabac en comparaison avec celui de l\u2019alcool (102 milliards d\u2019euros) ou des drogues illicites (7,7 milliards d\u2019euros).<\/p>\n<h2 style=\"font-weight: 400; text-align: justify;\"><strong>Des comparaisons limit\u00e9es avec les pr\u00e9c\u00e9dentes \u00e9ditions<\/strong><\/h2>\n<p style=\"font-weight: 400; text-align: justify;\">Selon l\u2019auteur, ces nouveaux param\u00e8tres et de nombreuses modifications m\u00e9thodologiques ne permettent pas de comparer les co\u00fbts sociaux estim\u00e9s d\u2019apr\u00e8s les donn\u00e9es de 2019 et ceux d\u2019apr\u00e8s celles de 2010.<\/p>\n<p style=\"font-weight: 400; text-align: justify;\">L\u2019auteur consid\u00e8re \u00e9galement que les co\u00fbts sociaux des diff\u00e9rents produits ne peuvent pas \u00eatre additionn\u00e9s, les donn\u00e9es des soins ne permettant pas de distinguer les usagers poly-consommateurs. Les donn\u00e9es actuelles, align\u00e9es sur les standards internationaux de calcul du co\u00fbt social, offrent donc une vision plus pr\u00e9cise du r\u00e9el co\u00fbt social de chacune des cat\u00e9gories de produits \u00e9tudi\u00e9es.<\/p>\n<p style=\"font-weight: 400; text-align: justify;\"><strong>Mots-cl\u00e9s : OFDT, Pierre Kopp, co\u00fbt social des drogues.<\/strong><\/p>\n<p><strong><a href=\"https:\/\/www.generationsanstabac.org\/\">\u00a9G\u00e9n\u00e9ration Sans Tabac<\/a><\/strong><\/p>\n<p style=\"text-align: right;\"><em><strong>MF<\/strong><\/em><\/p>\n<p style=\"text-align: justify;\"><a href=\"applewebdata:\/\/E0F2E1AB-C6E4-4B35-A22E-02A70B92124B#_ftnref1\" name=\"_ftn1\">[1]<\/a> Kopp P, <a href=\"https:\/\/www.ofdt.fr\/BDD\/publications\/docs\/eisxpk2d7.pdf\"><em>Le co\u00fbt social des drogues : estimation en France en 2019<\/em><\/a>, OFDT, Notes, juillet 2023, 15 p.<\/p>\n<p><strong><a href=\"http:\/\/www.cnct.fr\/\" target=\"_blank\" rel=\"noopener noreferrer\">Comit\u00e9 national contre le tabagisme |<\/a><\/strong><\/p>\n","protected":false},"excerpt":{"rendered":"<p>Malgr\u00e9 une baisse de la pr\u00e9valence tabagique, le co\u00fbt social du tabac en France en 2019 a \u00e9t\u00e9 \u00e9valu\u00e9 \u00e0 156 milliards d\u2019euros.<\/p>\n","protected":false},"featured_media":11674,"template":"","tags":[],"thematique":[491],"class_list":["post-21145","actualites","type-actualites","status-publish","has-post-thumbnail","hentry","thematique-politiques-publiques"],"acf":[],"_links":{"self":[{"href":"https:\/\/www.generationsanstabac.org\/fr\/wp-json\/wp\/v2\/actualites\/21145","targetHints":{"allow":["GET"]}}],"collection":[{"href":"https:\/\/www.generationsanstabac.org\/fr\/wp-json\/wp\/v2\/actualites"}],"about":[{"href":"https:\/\/www.generationsanstabac.org\/fr\/wp-json\/wp\/v2\/types\/actualites"}],"version-history":[{"count":0,"href":"https:\/\/www.generationsanstabac.org\/fr\/wp-json\/wp\/v2\/actualites\/21145\/revisions"}],"wp:featuredmedia":[{"embeddable":true,"href":"https:\/\/www.generationsanstabac.org\/fr\/wp-json\/wp\/v2\/media\/11674"}],"wp:attachment":[{"href":"https:\/\/www.generationsanstabac.org\/fr\/wp-json\/wp\/v2\/media?parent=21145"}],"wp:term":[{"taxonomy":"post_tag","embeddable":true,"href":"https:\/\/www.generationsanstabac.org\/fr\/wp-json\/wp\/v2\/tags?post=21145"},{"taxonomy":"thematique","embeddable":true,"href":"https:\/\/www.generationsanstabac.org\/fr\/wp-json\/wp\/v2\/thematique?post=21145"}],"curies":[{"name":"wp","href":"https:\/\/api.w.org\/{rel}","templated":true}]}}