{"id":21141,"date":"2023-08-03T08:00:43","date_gmt":"2023-08-03T06:00:43","guid":{"rendered":"https:\/\/www.generationsanstabac.org\/actualites\/loms-confirme-que-les-mesures-antitabac-permettent-de-proteger-davantage-de-personnes-dans-le-monde\/"},"modified":"2023-08-03T08:00:43","modified_gmt":"2023-08-03T06:00:43","slug":"loms-confirme-que-les-mesures-antitabac-permettent-de-proteger-davantage-de-personnes-dans-le-monde","status":"publish","type":"actualites","link":"https:\/\/www.generationsanstabac.org\/fr\/actualites\/loms-confirme-que-les-mesures-antitabac-permettent-de-proteger-davantage-de-personnes-dans-le-monde\/","title":{"rendered":"L\u2019OMS confirme que les mesures antitabac permettent de prot\u00e9ger davantage de personnes dans le monde"},"content":{"rendered":"<p style=\"font-weight: 400; text-align: justify;\"><em>Le nouveau rapport de l\u2019OMS sur l\u2019\u00e9pid\u00e9mie mondiale de tabagisme montre que 71 % de la population mondiale b\u00e9n\u00e9ficient d\u2019au moins une mesure de protection antitabac, une proportion cinq fois sup\u00e9rieure \u00e0 celle de 2007. L\u2019Organisation Mondiale de la Sant\u00e9 (OMS) met l\u2019accent sur la protection contre l\u2019exposition passive \u00e0 la fum\u00e9e de tabac.<\/em><\/p>\n<p style=\"font-weight: 400; text-align: justify;\">Dans un rapport publi\u00e9 le 31 juillet 2023, l\u2019OMS \u00e9tablit pour la neuvi\u00e8me fois un bilan de l\u2019\u00e9pid\u00e9mie mondiale de tabagisme<a href=\"applewebdata:\/\/688E7280-CBD1-4619-9F8B-98680DDFAEF5#_ftn1\" name=\"_ftnref1\">[1]<\/a>. Ce rapport indique que 8,7 millions de personnes meurent chaque ann\u00e9e du tabagisme, dont 15 % par tabagisme passif, soit 1,3 millions.<\/p>\n<p style=\"font-weight: 400; text-align: justify;\">Les mesures de lutte contre le tabagisme pr\u00e9conis\u00e9es par la Convention-cadre de l\u2019OMS pour la lutte antitabac (CCLAT) ont contribu\u00e9 \u00e0 r\u00e9duire la pr\u00e9valence tabagique globale de 22,8 % en 2007 \u00e0 17 % en 2021. Elles ont notamment permis \u00e0 300 millions de personnes d\u2019\u00e9viter de devenir fumeur<a href=\"applewebdata:\/\/688E7280-CBD1-4619-9F8B-98680DDFAEF5#_ftn2\" name=\"_ftnref2\">[2]<\/a>. Ces mesures efficaces sont synth\u00e9tis\u00e9es dans les six axes du programme MPOWER<a href=\"applewebdata:\/\/688E7280-CBD1-4619-9F8B-98680DDFAEF5#_ftn3\" name=\"_ftnref3\">[3]<\/a>, promu par l\u2019OMS depuis une quinzaine d\u2019ann\u00e9es.<\/p>\n<h2 style=\"font-weight: 400; text-align: justify;\"><strong>Nette progression des mesures antitabac <\/strong><\/h2>\n<p style=\"font-weight: 400; text-align: justify;\">L\u2019OMS estime que 71 % de la population mondiale est aujourd\u2019hui prot\u00e9g\u00e9e par au moins une des mesures du programme MPOWER, soit cinq fois plus qu\u2019en 2007. Ce sont \u00e0 pr\u00e9sent 151 pays, contre 44 en 2017, qui affichent au moins une de ces mesures ; toutefois, 44 pays, regroupant 2,3 milliards d\u2019habitants, ne poss\u00e8dent en revanche aucune mesure de protection des populations contre le tabac.<\/p>\n<p style=\"font-weight: 400; text-align: justify;\">Seuls quatre pays appliquent enti\u00e8rement le programme MPOWER, Maurice et les Pays-Bas ayant rejoint le Br\u00e9sil et la Turquie. Parmi les huit pays \u00e0 avoir mis en \u0153uvre au moins quatre mesures avec le plus haut niveau d\u2019ach\u00e8vement, on trouve l\u2019Espagne, l\u2019Ethiopie, l\u2019Iran, l\u2019Irlande, la Jordanie, Madagascar, le Mexique, et la Nouvelle-Z\u00e9lande. Enfin, 36 pays ont pleinement accompli trois de ces mesures.<\/p>\n<h2 style=\"font-weight: 400; text-align: justify;\"><strong>Un focus sur les interdictions de fumer <\/strong><\/h2>\n<p style=\"font-weight: 400; text-align: justify;\">Si 40 % des pays, repr\u00e9sentant 2,1 milliards de personnes, b\u00e9n\u00e9ficient \u00e0 pr\u00e9sent de lieux publics non-fumeurs, la moiti\u00e9 des pays ne disposent pas encore de lieux de travail et de restaurants non-fumeurs. De m\u00eame, 53 pays n\u2019ont pas institu\u00e9 leurs \u00e9tablissements de sant\u00e9 comme des lieux enti\u00e8rement non-fumeurs. L\u2019importante mortalit\u00e9 des non-fumeurs due au tabagisme passif incite ainsi l\u2019OMS \u00e0 promouvoir la protection de tous contre la fum\u00e9e du tabac comme l\u2019une des priorit\u00e9s actuelles. En plus de prot\u00e9ger le public contre la fum\u00e9e du tabac et d\u2019aider \u00e0 respirer un air plus pur, les interdictions de fumer dans les lieux clos et les espaces publics contribuent \u00e9galement \u00e0 d\u00e9normaliser le tabac, \u00e0 motiver les fumeurs \u00e0 arr\u00eater de fumer, et \u00e0 tenir les jeunes \u00e0 l\u2019\u00e9cart du tabac et du vapotage.<\/p>\n<p style=\"font-weight: 400; text-align: justify;\">Il reste beaucoup \u00e0 faire en mati\u00e8re de lutte antitabac, mais la mise en \u0153uvre des mesures du programme MPOWER de l\u2019OMS montre qu\u2019il est possible d\u2019agir et de r\u00e9duire le tabagisme, quel que soit le niveau de revenu des pays. En plus des progr\u00e8s obtenus en sant\u00e9 publique, ces politiques permettent par ailleurs de r\u00e9aliser de substantielles \u00e9conomies en termes de co\u00fbts de sant\u00e9, d\u2019environnement et de productivit\u00e9.<\/p>\n<p style=\"font-weight: 400; text-align: justify;\"><strong>Mots-cl\u00e9s : OMS, CCLAT, MPOWER, mesures antitabac.<\/strong><\/p>\n<p><strong><a href=\"https:\/\/www.generationsanstabac.org\/\">\u00a9G\u00e9n\u00e9ration Sans Tabac<\/a><\/strong><\/p>\n<p style=\"text-align: right;\"><em><strong>MF<\/strong><\/em><\/p>\n<hr \/>\n<p style=\"text-align: justify;\"><a href=\"applewebdata:\/\/688E7280-CBD1-4619-9F8B-98680DDFAEF5#_ftnref1\" name=\"_ftn1\">[1]<\/a> WHO, <a href=\"https:\/\/www.who.int\/publications\/i\/item\/9789240077164\"><em>WHO report on the global tobacco epidemic, 2023, Protect people from tobacco smoke<\/em><\/a>, 2023, rapport, 248 p.<\/p>\n<p style=\"text-align: justify;\"><a href=\"applewebdata:\/\/688E7280-CBD1-4619-9F8B-98680DDFAEF5#_ftnref2\" name=\"_ftn2\">[2]<\/a> Roucaute D, <a href=\"https:\/\/www.lemonde.fr\/planete\/article\/2023\/07\/31\/le-tabagisme-continue-de-diminuer-mais-la-majorite-des-pays-n-impose-toujours-pas-de-lieux-publics-clos-totalement-non-fumeurs_6183982_3244.html\"><em>Le tabagisme continue de diminuer, mais la majorit\u00e9 des pays n\u2019impose toujours pas de lieux publics clos totalement non fumeurs<\/em><\/a>, Le Monde, publi\u00e9 le 31 juillet 2023, consult\u00e9 le 1<sup>er<\/sup> ao\u00fbt 2023.<\/p>\n<p style=\"text-align: justify;\"><a href=\"applewebdata:\/\/688E7280-CBD1-4619-9F8B-98680DDFAEF5#_ftnref3\" name=\"_ftn3\">[3]<\/a> Les six axes de MPOWER : 1- Surveiller la consommation de tabac et les politiques de pr\u00e9vention ; 2- Prot\u00e9ger la population contre la fum\u00e9e du tabac ; 3- Offrir une aide aux personnes qui veulent renoncer au tabac ; 4- Mettre en garde contre les m\u00e9faits du tabagisme ; 5- Faire respecter l\u2019interdiction de la publicit\u00e9, de la promotion et du parrainage en faveur du tabac ; 6- Augmenter les taxes sur le tabac.<\/p>\n<p><strong><a href=\"http:\/\/www.cnct.fr\/\" target=\"_blank\" rel=\"noopener noreferrer\">Comit\u00e9 national contre le tabagisme |<\/a><\/strong><\/p>\n","protected":false},"excerpt":{"rendered":"<p>Le nouveau rapport de l\u2019OMS sur l\u2019\u00e9pid\u00e9mie mondiale de tabagisme montre que 71 % de la population mondiale b\u00e9n\u00e9ficient d\u2019au moins une mesure antitabac, une proportion cinq fois sup\u00e9rieure \u00e0 celle de 2007.<\/p>\n","protected":false},"featured_media":11545,"template":"","tags":[],"thematique":[491,474],"class_list":["post-21141","actualites","type-actualites","status-publish","has-post-thumbnail","hentry","thematique-politiques-publiques","thematique-sante"],"acf":[],"_links":{"self":[{"href":"https:\/\/www.generationsanstabac.org\/fr\/wp-json\/wp\/v2\/actualites\/21141","targetHints":{"allow":["GET"]}}],"collection":[{"href":"https:\/\/www.generationsanstabac.org\/fr\/wp-json\/wp\/v2\/actualites"}],"about":[{"href":"https:\/\/www.generationsanstabac.org\/fr\/wp-json\/wp\/v2\/types\/actualites"}],"version-history":[{"count":0,"href":"https:\/\/www.generationsanstabac.org\/fr\/wp-json\/wp\/v2\/actualites\/21141\/revisions"}],"wp:featuredmedia":[{"embeddable":true,"href":"https:\/\/www.generationsanstabac.org\/fr\/wp-json\/wp\/v2\/media\/11545"}],"wp:attachment":[{"href":"https:\/\/www.generationsanstabac.org\/fr\/wp-json\/wp\/v2\/media?parent=21141"}],"wp:term":[{"taxonomy":"post_tag","embeddable":true,"href":"https:\/\/www.generationsanstabac.org\/fr\/wp-json\/wp\/v2\/tags?post=21141"},{"taxonomy":"thematique","embeddable":true,"href":"https:\/\/www.generationsanstabac.org\/fr\/wp-json\/wp\/v2\/thematique?post=21141"}],"curies":[{"name":"wp","href":"https:\/\/api.w.org\/{rel}","templated":true}]}}