{"id":21133,"date":"2023-07-25T08:00:41","date_gmt":"2023-07-25T06:00:41","guid":{"rendered":"https:\/\/www.generationsanstabac.org\/actualites\/cop10-une-petition-pour-tenir-responsable-lindustrie-du-tabac-de-ses-activites-nefastes\/"},"modified":"2023-07-25T08:00:41","modified_gmt":"2023-07-25T06:00:41","slug":"cop10-une-petition-pour-tenir-responsable-lindustrie-du-tabac-de-ses-activites-nefastes","status":"publish","type":"actualites","link":"https:\/\/www.generationsanstabac.org\/fr\/actualites\/cop10-une-petition-pour-tenir-responsable-lindustrie-du-tabac-de-ses-activites-nefastes\/","title":{"rendered":"COP10 : Une p\u00e9tition pour tenir responsable l\u2019industrie du tabac de ses activit\u00e9s n\u00e9fastes"},"content":{"rendered":"<p style=\"text-align: justify;\"><em>En vue de la prochaine Conf\u00e9rence des Parties \u00e0 la Convention-cadre de l&rsquo;OMS (COP10 de la CCLAT) qui se tiendra en novembre prochain au Panama, Corporate Accountability et la coalition Make Big Tobacco Pay invitent, \u00e0 travers une p\u00e9tition, les acteurs impliqu\u00e9s dans la lutte contre le tabagisme, \u00e0 signer une lettre appelant les d\u00e9l\u00e9gu\u00e9s des pays \u00e0 la CCLAT \u00e0 promouvoir des politiques visant \u00e0 tenir l&rsquo;industrie du tabac pour responsable de ses actions d\u00e9l\u00e9t\u00e8res.<\/em><\/p>\n<p style=\"text-align: justify;\">Depuis les ann\u00e9es 1990, Corporate Accountability joue un r\u00f4le de premier plan dans les campagnes visant \u00e0 responsabiliser les entreprises transnationales ainsi qu\u2019\u00e0 accompagner et aider les populations affect\u00e9es par ces entreprises en menant des campagnes dans quatre domaines majeurs : l&rsquo;alimentation, l&rsquo;eau, le climat et le tabac.<\/p>\n<p style=\"text-align: justify;\">Outre les 8 millions de d\u00e9c\u00e8s annuels dans le monde, les activit\u00e9s de l\u2019industrie du tabac ont aussi un impact \u00e9conomique important : le co\u00fbt du tabagisme s&rsquo;\u00e9l\u00e8ve \u00e0 1,85 trillion de dollars, principalement en ce qui concerne les co\u00fbts li\u00e9s \u00e0 la sant\u00e9. Cela \u00e9quivaut \u00e0 1,8 % du produit int\u00e9rieur brut annuel mondial et pr\u00e8s de 40 % de ces co\u00fbts sont support\u00e9s par les pays du sud. Il existe \u00e9galement des co\u00fbts environnementaux li\u00e9s \u00e0 la d\u00e9forestation et \u00e0 l&rsquo;\u00e9puisement de l&rsquo;eau en raison de la culture et de la transformation du tabac, ainsi que des co\u00fbts li\u00e9s \u00e0 la pollution caus\u00e9e par la consommation m\u00eame des produits du tabac. La production de tabac \u00e9met et consomme plus de 80 millions de tonnes d&rsquo;\u00e9quivalent CO2 par an.<\/p>\n<h2 style=\"text-align: justify;\"><strong>Tenir l\u2019industrie du tabac responsable des dommages occasionn\u00e9s, une obligation du trait\u00e9<\/strong><\/h2>\n<p style=\"text-align: justify;\">Les signataires appellent les 181 pays, parties au trait\u00e9, \u00e0 prendre des mesures dans ce domaine du trait\u00e9, lors de la prochaine COP10. L\u2019article 19 de la <a href=\"https:\/\/apps.who.int\/iris\/bitstream\/handle\/10665\/42812\/9242591017.pdf\">Convention-cadre de l&rsquo;OMS pour la lutte antitabac<\/a> (CCLAT) pr\u00e9voit en effet que l\u2019industrie du tabac soit tenue pour responsable des dommages induits par ses activit\u00e9s. Il dispose ainsi que les Parties conviennent \u00ab <em>d\u2019envisager de prendre des mesures l\u00e9gislatives ou de promouvoir les lois existantes en mati\u00e8re de responsabilit\u00e9 et de s\u2019accorder une assistance juridique mutuelle pour toute proc\u00e9dure judiciaire relative \u00e0 la responsabilit\u00e9, selon qu\u2019il conviendra et d\u2019un commun accord <\/em>\u00bb. Contraindre l\u2019industrie du tabac \u00e0 assumer les cons\u00e9quences d\u00e9l\u00e9t\u00e8res de ses activit\u00e9s et ses produits \u00e0 travers des sanctions dissuasives ou encore via des m\u00e9canismes fiscaux pour financer la r\u00e9paration des pr\u00e9judices participe directement de la lutte contre l\u2019\u00e9pid\u00e9mie tabagique.<\/p>\n<p style=\"text-align: justify;\">La CCLAT de l&rsquo;OMS reconna\u00eet le potentiel de la mise en cause de la responsabilit\u00e9 de cette industrie et les gouvernements des quelques 180 pays ayant ratifi\u00e9 le trait\u00e9 se sont engag\u00e9s \u00e0 recourir \u00e0 cette voie. Cette derni\u00e8re s\u2019inscrit tout particuli\u00e8rement dans une optique de coop\u00e9ration internationale et bilat\u00e9rale.<\/p>\n<p style=\"text-align: justify;\">Les signataires de la p\u00e9tition appellent donc les gouvernements \u00e0 :<\/p>\n<ul style=\"text-align: justify;\">\n<li>Faire progresser les mesures relatives \u00e0 la responsabilit\u00e9 de cette industrie lors de la 10e conf\u00e9rence des parties du trait\u00e9 ;<\/li>\n<li>Financer davantage le secr\u00e9tariat de la CCLAT de l&rsquo;OMS pour qu&rsquo;il puisse :<\/li>\n<\/ul>\n<p style=\"text-align: justify;\">&#8211; fournir une assistance technique sur ce sujet aupr\u00e8s des pays demandeurs ;<\/p>\n<p style=\"text-align: justify;\">&#8211; structurer et mettre en place de meilleurs cadres de coop\u00e9ration internationale, tels que des r\u00e9gimes de responsabilit\u00e9 internationale ;<\/p>\n<ul style=\"text-align: justify;\">\n<li>Mettre en \u0153uvre l&rsquo;article 19 de la CCLAT de l&rsquo;OMS et faire progresser la responsabilit\u00e9 en collaborant avec les organisations locales de la soci\u00e9t\u00e9 civile, les universitaires et les experts juridiques notamment en engageant des poursuites judiciaires \u00e0 l\u2019encontre des fabricants de tabac et en imposant des sanctions fortes et dissuasives.<\/li>\n<\/ul>\n<p style=\"text-align: justify;\">Lien de la p\u00e9tition : <a href=\"https:\/\/actionnetwork.org\/petitions\/organizational-sign-on-letter-make-big-tobacco-pay\">https:\/\/actionnetwork.org\/petitions\/organizational-sign-on-letter-make-big-tobacco-pay<\/a><\/p>\n<p style=\"text-align: justify;\"><strong>Mots-cl\u00e9s : Corporate Accountability, COP10, Article 19, CCLAT, OMS, ing\u00e9rence, lobby, p\u00e9tition<\/strong><\/p>\n<p><strong><a href=\"https:\/\/www.generationsanstabac.org\/\">\u00a9G\u00e9n\u00e9ration Sans Tabac<\/a><\/strong><\/p>\n<p style=\"text-align: right;\"><em><strong>AE<\/strong><\/em><\/p>\n<p><strong><a href=\"http:\/\/www.cnct.fr\/\" target=\"_blank\" rel=\"noopener noreferrer\">Comit\u00e9 national contre le tabagisme |<\/a><\/strong><\/p>\n","protected":false},"excerpt":{"rendered":"<p>En vue de la prochaine Conf\u00e9rence des Parties \u00e0 la Convention-cadre de l&rsquo;OMS (COP10 de la CCLAT) qui se tiendra en novembre prochain au Panama, Corporate Accountability et la coalition Make Big Tobacco Pay invitent, \u00e0 travers une p\u00e9tition, les acteurs impliqu\u00e9s dans la lutte contre le tabagisme, \u00e0 signer une lettre appelant les d\u00e9l\u00e9gu\u00e9s des pays \u00e0 la CCLAT \u00e0 promouvoir des politiques visant \u00e0 tenir l&rsquo;industrie du tabac pour responsable de ses actions d\u00e9l\u00e9t\u00e8res.<\/p>\n","protected":false},"featured_media":11660,"template":"","tags":[],"thematique":[491],"class_list":["post-21133","actualites","type-actualites","status-publish","has-post-thumbnail","hentry","thematique-politiques-publiques"],"acf":[],"_links":{"self":[{"href":"https:\/\/www.generationsanstabac.org\/fr\/wp-json\/wp\/v2\/actualites\/21133","targetHints":{"allow":["GET"]}}],"collection":[{"href":"https:\/\/www.generationsanstabac.org\/fr\/wp-json\/wp\/v2\/actualites"}],"about":[{"href":"https:\/\/www.generationsanstabac.org\/fr\/wp-json\/wp\/v2\/types\/actualites"}],"version-history":[{"count":0,"href":"https:\/\/www.generationsanstabac.org\/fr\/wp-json\/wp\/v2\/actualites\/21133\/revisions"}],"wp:featuredmedia":[{"embeddable":true,"href":"https:\/\/www.generationsanstabac.org\/fr\/wp-json\/wp\/v2\/media\/11660"}],"wp:attachment":[{"href":"https:\/\/www.generationsanstabac.org\/fr\/wp-json\/wp\/v2\/media?parent=21133"}],"wp:term":[{"taxonomy":"post_tag","embeddable":true,"href":"https:\/\/www.generationsanstabac.org\/fr\/wp-json\/wp\/v2\/tags?post=21133"},{"taxonomy":"thematique","embeddable":true,"href":"https:\/\/www.generationsanstabac.org\/fr\/wp-json\/wp\/v2\/thematique?post=21133"}],"curies":[{"name":"wp","href":"https:\/\/api.w.org\/{rel}","templated":true}]}}