{"id":21124,"date":"2023-07-16T08:00:36","date_gmt":"2023-07-16T06:00:36","guid":{"rendered":"https:\/\/www.generationsanstabac.org\/actualites\/le-ministre-allemand-de-la-sante-veut-interdire-de-fumer-dans-les-voitures-en-presence-de-mineurs-et-femmes-enceintes\/"},"modified":"2023-07-16T08:00:36","modified_gmt":"2023-07-16T06:00:36","slug":"le-ministre-allemand-de-la-sante-veut-interdire-de-fumer-dans-les-voitures-en-presence-de-mineurs-et-femmes-enceintes","status":"publish","type":"actualites","link":"https:\/\/www.generationsanstabac.org\/fr\/actualites\/le-ministre-allemand-de-la-sante-veut-interdire-de-fumer-dans-les-voitures-en-presence-de-mineurs-et-femmes-enceintes\/","title":{"rendered":"Le ministre allemand de la sant\u00e9 veut interdire de fumer dans les voitures en pr\u00e9sence de mineurs et femmes enceintes"},"content":{"rendered":"<p style=\"text-align: justify;\"><em>Le minist\u00e8re f\u00e9d\u00e9ral de la Sant\u00e9, dirig\u00e9 par Karl Lauterbach (Parti social-d\u00e9mocrate SPD), envisage d&rsquo;interdire de fumer dans les voitures en pr\u00e9sence d&rsquo;enfants ou de femmes enceintes. Cette disposition r\u00e9sulte du projet de loi sur la l\u00e9galisation du cannabis, conduisant \u00e0 amender la protection actuelle des non-fumeurs. L&rsquo;interdiction s\u2019appliquerait au cannabis, \u00e0 l\u2019ensemble des produits du tabacs fum\u00e9s y compris le tabac chauff\u00e9 et aux produits du vapotage<a href=\"#_ftn1\" name=\"_ftnref1\"><strong>[1]<\/strong><\/a>.<\/em><\/p>\n<p style=\"text-align: justify;\">Le projet de loi doit encore \u00eatre coordonn\u00e9 avec d&rsquo;autres minist\u00e8res avant d&rsquo;\u00eatre pr\u00e9sent\u00e9 au gouvernement.<\/p>\n<p style=\"text-align: justify;\">En avril dernier, le Conseil f\u00e9d\u00e9ral (Budesrat \u2013 qui repr\u00e9sente les 16 L\u00e4nder) avait d\u00e9j\u00e0 pr\u00e9sent\u00e9 un projet de loi pr\u00e9conisant l&rsquo;interdiction de fumer dans les voitures en pr\u00e9sence de mineurs et de femmes enceintes en se r\u00e9f\u00e9rant aux estimations du Centre allemand de recherche sur le cancer, selon lesquelles environ un million d&rsquo;enfants et d&rsquo;adolescents sont expos\u00e9s \u00e0 la fum\u00e9e de tabac en Allemagne.<\/p>\n<h2 style=\"text-align: justify;\"><strong>Les risques aggrav\u00e9s du tabagisme passif sur les enfants <\/strong><\/h2>\n<p style=\"text-align: justify;\">L&rsquo;organisation de protection de l&rsquo;enfance a express\u00e9ment salu\u00e9 l\u2019annonce du minist\u00e8re f\u00e9d\u00e9ral de la sant\u00e9 et a soulign\u00e9 que fumer une seule cigarette dans une voiture entra\u00eene en quelques minutes une concentration de fum\u00e9e de tabac jusqu\u2019\u00e0 5 fois plus \u00e9lev\u00e9e que celle mesur\u00e9e dans un restaurant tr\u00e8s enfum\u00e9.<\/p>\n<p style=\"text-align: justify;\">L\u2019exposition \u00e0 la fum\u00e9e du tabac nuit gravement \u00e0 la sant\u00e9, en particulier chez les enfants. Elle endommage les poumons en d\u00e9veloppement, provoque des probl\u00e8mes et des maladies respiratoires et en alt\u00e8re la fonction pulmonaire. Si les femmes enceintes sont expos\u00e9es \u00e0 la fum\u00e9e de tabac, les risques de fausse couche, naissance pr\u00e9matur\u00e9e et mortinaissance sont renforc\u00e9s ainsi qu\u2019une atteinte \u00e0 la croissance de l\u2019enfant \u00e0 na\u00eetre au niveau du poids, de la taille du corps et de la t\u00eate. \u00c0 cela s\u2019ajoute enfin une aggravation du risque de mort subite du nourrisson.<\/p>\n<h2 style=\"text-align: justify;\"><strong>Un projet de loi sujet aux critiques de la part des autres partis politiques<\/strong><\/h2>\n<p style=\"text-align: justify;\">Kristine L\u00fctke, la porte-parole du groupe parlementaire du FDP (Parti lib\u00e9ral-d\u00e9mocrate) au Bundestag pour les questions de d\u00e9pendance et de drogue a qualifi\u00e9 la proposition du ministre Lauterbach de \u00ab folie \u00bb. Selon elle, \u00ab<em> Lauterbach vise manifestement une soci\u00e9t\u00e9 enti\u00e8rement sans tabac et sans alcool. Ne pas fumer en voiture avec des mineurs ou des femmes enceintes est d\u00e9j\u00e0 exclu par le bon sens &#8211; il n&rsquo;y a pas besoin d&rsquo;une interdiction s<\/em>uppl\u00e9mentaire \u00bb<a href=\"#_ftn2\" name=\"_ftnref2\"><sup>[2]<\/sup><\/a>.<\/p>\n<p style=\"text-align: justify;\">Le porte-parole du groupe parlementaire CDU\/CSU (<a href=\"https:\/\/fr.wikipedia.org\/wiki\/Droite_(politique)\">droite<\/a> d\u00e9mocrate-chr\u00e9tienne et conservatrice) au Bundestag pour les questions de sant\u00e9, Tino Sorge, a, quant \u00e0 lui, exprim\u00e9 des r\u00e9serves sur le plan constitutionnel car cette loi ferait intrusion dans la sph\u00e8re priv\u00e9e. Pourtant, depuis 2019, plusieurs L\u00e4nders allemands ont d\u00e9j\u00e0 lanc\u00e9 des initiatives visant \u00e0 interdire de fumer dans les voitures avec des enfants.<\/p>\n<h2 style=\"text-align: justify;\"><strong>Le comit\u00e9 des Nations Unies avait d\u00e9j\u00e0 demand\u00e9 \u00e0 l\u2019Allemagne de mieux prot\u00e9ger les enfants du tabac<\/strong><\/h2>\n<p style=\"text-align: justify;\">En octobre dernier<a href=\"#_ftn3\" name=\"_ftnref3\">[3]<\/a>, le Comit\u00e9 de la Convention des droits de l\u2019enfant des Nations unies (CDE) avait \u00e9mis des recommandations \u00e0 l\u2019intention du gouvernement allemand afin qu\u2019il prot\u00e8ge davantage les enfants contre les violations de leurs droits \u00e0 l\u2019\u00e9gard de la protection du tabac et de son industrie. Le Comit\u00e9 avait exprim\u00e9 de s\u00e9rieuses pr\u00e9occupations \u00e0 propos du grand nombre d\u2019enfants expos\u00e9s \u00e0 la fum\u00e9e secondaire en Allemagne, tout particuli\u00e8rement ceux vivant dans des conditions socio-\u00e9conomiques d\u00e9favoris\u00e9es. Le Comit\u00e9 avait appel\u00e9 l\u2019Allemagne \u00e0 renforcer l\u2019\u00e9ducation sur les risques du tabagisme et de la fum\u00e9e secondaire sur la sant\u00e9, \u00e0 mieux r\u00e9glementer la vente de tabac aupr\u00e8s des enfants. Il avait enfin appel\u00e9 \u00e0 tenir les fabricants de tabac responsables des violations des droits des enfants dans la cha\u00eene d\u2019approvisionnement de ces produits faisant notamment r\u00e9f\u00e9rence \u00e0 l\u2019exploitation du travail des enfants dans la culture du tabac \u00e0 la source des produits consomm\u00e9s en Allemagne.<\/p>\n<p style=\"text-align: justify;\"><strong>Mots-cl\u00e9s : Allemagne, tabagisme passif, enfants, interdiction de fumer, femmes enceintes, fum\u00e9e de tabac<\/strong><\/p>\n<p><strong><a href=\"https:\/\/www.generationsanstabac.org\/\">\u00a9G\u00e9n\u00e9ration Sans Tabac<\/a><\/strong><\/p>\n<p style=\"text-align: right;\"><em><strong>AE<\/strong><\/em><\/p>\n<p style=\"text-align: justify;\"><a href=\"#_ftnref1\" name=\"_ftn1\">[1]<\/a> <a href=\"https:\/\/www.tagesschau.de\/inland\/rauchverbot-autos-kinder-schwangere-100.html\">Rauchverbot im Auto soll Kinder sch\u00fctzen<\/a>, Tagesschau, publi\u00e9 le 7 juillet 2023, consult\u00e9 le 10 juillet 2023<\/p>\n<p style=\"text-align: justify;\"><a href=\"#_ftnref2\" name=\"_ftn2\">[2]<\/a><a href=\"https:\/\/www.badische-zeitung.de\/debatte-um-rauchverbot-im-auto-weitet-sich-aus--273245766.html\"> Debatte um Rauchverbot im Auto weitet sich aus<\/a>, Badische Zeitung, publi\u00e9 le 9 juillet 2023, consult\u00e9 le 10 juillet 2023<\/p>\n<p style=\"text-align: justify;\"><a href=\"#_ftnref3\" name=\"_ftn3\">[3]<\/a> G\u00e9n\u00e9ration sans tabac, <a href=\"https:\/\/www.generationsanstabac.org\/actualites\/le-comite-des-nations-unies-demande-allemagne-de-mieux-proteger-les-enfants-du-tabac\/\">Le Comit\u00e9 des Nations unies demande \u00e0 l\u2019Allemagne de mieux prot\u00e9ger les enfants du tabac<\/a>, publi\u00e9 le 20 octobre 2022, consult\u00e9 le 10 juillet 2023<\/p>\n<p><strong><a href=\"http:\/\/www.cnct.fr\/\" target=\"_blank\" rel=\"noopener noreferrer\">Comit\u00e9 national contre le tabagisme |<\/a><\/strong><\/p>\n","protected":false},"excerpt":{"rendered":"<p>Le minist\u00e8re f\u00e9d\u00e9ral de la Sant\u00e9 envisage d&rsquo;interdire de fumer dans les voitures en pr\u00e9sence d&rsquo;enfants ou de femmes enceintes.<\/p>\n","protected":false},"featured_media":11645,"template":"","tags":[],"thematique":[491,474],"class_list":["post-21124","actualites","type-actualites","status-publish","has-post-thumbnail","hentry","thematique-politiques-publiques","thematique-sante"],"acf":[],"_links":{"self":[{"href":"https:\/\/www.generationsanstabac.org\/fr\/wp-json\/wp\/v2\/actualites\/21124","targetHints":{"allow":["GET"]}}],"collection":[{"href":"https:\/\/www.generationsanstabac.org\/fr\/wp-json\/wp\/v2\/actualites"}],"about":[{"href":"https:\/\/www.generationsanstabac.org\/fr\/wp-json\/wp\/v2\/types\/actualites"}],"version-history":[{"count":0,"href":"https:\/\/www.generationsanstabac.org\/fr\/wp-json\/wp\/v2\/actualites\/21124\/revisions"}],"wp:featuredmedia":[{"embeddable":true,"href":"https:\/\/www.generationsanstabac.org\/fr\/wp-json\/wp\/v2\/media\/11645"}],"wp:attachment":[{"href":"https:\/\/www.generationsanstabac.org\/fr\/wp-json\/wp\/v2\/media?parent=21124"}],"wp:term":[{"taxonomy":"post_tag","embeddable":true,"href":"https:\/\/www.generationsanstabac.org\/fr\/wp-json\/wp\/v2\/tags?post=21124"},{"taxonomy":"thematique","embeddable":true,"href":"https:\/\/www.generationsanstabac.org\/fr\/wp-json\/wp\/v2\/thematique?post=21124"}],"curies":[{"name":"wp","href":"https:\/\/api.w.org\/{rel}","templated":true}]}}