{"id":21115,"date":"2023-07-10T08:00:52","date_gmt":"2023-07-10T06:00:52","guid":{"rendered":"https:\/\/www.generationsanstabac.org\/actualites\/lecosse-cherche-a-endiguer-limpact-environnemental-des-puffs\/"},"modified":"2023-07-10T08:00:52","modified_gmt":"2023-07-10T06:00:52","slug":"lecosse-cherche-a-endiguer-limpact-environnemental-des-puffs","status":"publish","type":"actualites","link":"https:\/\/www.generationsanstabac.org\/fr\/actualites\/lecosse-cherche-a-endiguer-limpact-environnemental-des-puffs\/","title":{"rendered":"L\u2019\u00c9cosse cherche \u00e0 endiguer l\u2019impact environnemental des puffs"},"content":{"rendered":"<p style=\"text-align: justify;\"><em>Un rapport de l\u2019ONG Zero Waste Scotland \u00e9met plusieurs propositions pour limiter les nombreuses cons\u00e9quences environnementales des cigarettes \u00e9lectroniques jetables dites \u00ab\u00a0puffs\u00a0\u00bb. L\u2019interdiction de ces produits est envisag\u00e9e, et d\u2019autres mesures sont sugg\u00e9r\u00e9es pour contenir et r\u00e9guler ce secteur. <\/em><\/p>\n<p style=\"text-align: justify;\">Entre 21 et 26 millions de cigarettes \u00e9lectroniques jetables (\u00ab puffs \u00bb) auraient \u00e9t\u00e9 consomm\u00e9es en \u00c9cosse en un an, d\u2019avril 2022 \u00e0 avril 2023. La progression des ventes de puffs est tr\u00e8s rapide : elles ont doubl\u00e9 depuis 2022 et pourraient encore doubler d\u2019ici 2027 \u2013 et avec elles leurs cons\u00e9quences environnementales \u2013 si rien n\u2019est fait d\u2019ici l\u00e0 pour freiner cette tendance.<\/p>\n<p style=\"text-align: justify;\">Ces estimations sont issues d\u2019un rapport <a href=\"https:\/\/www.generationsanstabac.org\/actualites\/lecosse-lance-une-etude-sur-limpact-environnemental-des-puffs\/\">commandit\u00e9<\/a> en janvier 2023 par le gouvernement \u00e9cossais \u00e0 l\u2019organisation Zero Waste Scotland, dont les conclusions ont \u00e9t\u00e9 rendues publiques le 30 juin 2023<a href=\"#_ftn1\" name=\"_ftnref1\">[1]<\/a>. L\u2019objectif \u00e9tait d\u2019estimer les diff\u00e9rentes cons\u00e9quences environnementales de l\u2019usage des puffs.<\/p>\n<h2 style=\"text-align: justify;\"><strong>Le bilan environnemental d\u00e9sastreux des puffs <\/strong><\/h2>\n<p style=\"text-align: justify;\">19 000 \u00e0 24 000 m3 d\u2019eau ainsi que 3 375 \u00e0 4 292 tonnes de CO2 sont actuellement n\u00e9cessaires pour la seule fabrication des composants des puffs consomm\u00e9es en \u00c9cosse. Les batteries au lithium de ces puffs pourraient \u00eatre recharg\u00e9es 500 fois mais ne sont pas pr\u00e9vues pour l\u2019\u00eatre, occasionnant d\u2019importantes pertes de ce m\u00e9tal rare.<\/p>\n<p style=\"text-align: justify;\">Le total de ces puffs repr\u00e9senterait pour une ann\u00e9e entre 800 et 1 000 tonnes de d\u00e9chets, dont pr\u00e8s du quart pour les emballages. 3,5 % \u00e0 10,6 % des puffs seraient jet\u00e9s au sol et pr\u00e8s de la moiti\u00e9 serait jet\u00e9e parmi les d\u00e9chets m\u00e9nagers, le reste \u00e9tant d\u00e9pos\u00e9 dans des bacs de recyclage ou rapport\u00e9 en magasin. Les puffs jet\u00e9es au sol sont particuli\u00e8rement probl\u00e9matiques, puisqu\u2019elles lib\u00e8rent dans l\u2019environnement du lithium, des m\u00e9taux lourds, des substances toxiques et du plastique. Les puffs constituent \u00e9galement un probl\u00e8me pour les centres de traitement des d\u00e9chets, o\u00f9 les batteries au lithium multiplient <a href=\"https:\/\/www.generationsanstabac.org\/actualites\/au-royaume-uni-les-batteries-des-cigarettes-electroniques-jetables-perturbent-le-traitement-des-dechets\/\">les incendies<\/a>.<\/p>\n<h2 style=\"text-align: justify;\"><strong>Interdiction ou autres mesures, plusieurs options sont sur la table<\/strong><\/h2>\n<p style=\"text-align: justify;\">Les auteurs du rapport pr\u00e9conisent plusieurs recommandations pour r\u00e9duire significativement l\u2019impact environnemental des puffs. Les interdire est l\u2019une des options privil\u00e9gi\u00e9es, pour peu que le reste du Royaume-Uni suive ce mouvement. La ministre \u00e9cossaise de l\u2019Economie circulaire, Lorna Slater, a indiqu\u00e9 avoir sollicit\u00e9 ses homologues du Royaume-Uni pour convenir d\u2019une position commune<a href=\"#_ftn2\" name=\"_ftnref2\">[2]<\/a>.<\/p>\n<p style=\"text-align: justify;\">D\u2019autres options, qui pourraient se combiner entre elles, ont \u00e9t\u00e9 \u00e9mises :<\/p>\n<ul style=\"text-align: justify;\">\n<li>Des crit\u00e8res de conception pourraient \u00eatre \u00e9dict\u00e9s pour toutes les cigarettes \u00e9lectroniques.<\/li>\n<li>Une obligation \u2013 qui pourrait \u00eatre \u00e9tendue \u00e0 tous les appareils \u00e9lectriques et \u00e9lectroniques \u2013 selon laquelle toute batterie puisse \u00eatre retir\u00e9e et remplac\u00e9e.<\/li>\n<li>Un syst\u00e8me de consigne financi\u00e8re, qui serait restitu\u00e9e au retour de la puff usag\u00e9e.<\/li>\n<li>Une taxe, li\u00e9e au niveau de recyclabilit\u00e9 des produits.<\/li>\n<li>Une modification de la r\u00e9glementation sur les d\u00e9chets des \u00e9quipements \u00e9lectriques et \u00e9lectroniques, afin de d\u00e9finir une cat\u00e9gorie, des co\u00fbts et des objectifs pr\u00e9cis pour toutes les cigarettes \u00e9lectroniques.<\/li>\n<li>Un pr\u00e9l\u00e8vement sur les ventes, pay\u00e9 par les consommateurs.<\/li>\n<li>Une interdiction des ar\u00f4mes pour toutes les cigarettes \u00e9lectroniques.<\/li>\n<li>Un renforcement de l\u2019application des lois sur la vente de ces produits aux mineurs.<\/li>\n<\/ul>\n<p style=\"text-align: justify;\">L\u2019Organisation Action on Smoking and Health (ASH) Scotland s\u2019est pour sa part d\u00e9clar\u00e9e favorable \u00e0 une interdiction compl\u00e8te et rapide des puffs, estimant que l\u2019heure n\u2019est plus aux demi-mesures et que le gouvernement \u00e9cossais a d\u00e9j\u00e0 manqu\u00e9 plusieurs occasions de restreindre ce march\u00e9<a href=\"#_ftn3\" name=\"_ftnref3\">[3]<\/a>. Une telle interdiction permettrait \u00e0 la fois de contrer les cons\u00e9quences environnementales des puffs et <a href=\"https:\/\/www.generationsanstabac.org\/actualites\/des-pediatres-appellent-a-interdire-les-puffs-en-ecosse\/\">l\u2019\u00e9pid\u00e9mie p\u00e9diatrique<\/a> dont elles font l\u2019objet. ASH Scotland a \u00e9galement fait valoir que l\u2019Irlande et la France \u00e9valuaient actuellement l\u2019option d\u2019une interdiction des puffs.<\/p>\n<p style=\"text-align: justify;\"><strong>Mots-cl\u00e9s : \u00c9cosse, puffs, cigarettes \u00e9lectroniques jetables, environnement.<\/strong><\/p>\n<p style=\"text-align: justify;\"><strong><a href=\"https:\/\/www.generationsanstabac.org\/\">\u00a9G\u00e9n\u00e9ration Sans Tabac<\/a><\/strong><\/p>\n<p style=\"text-align: right;\"><em><strong>MF<\/strong><\/em><\/p>\n<p style=\"text-align: justify;\"><a href=\"#_ftnref1\" name=\"_ftn1\">[1]<\/a> Dr Dominic Hogg, Equanimator LTD, Zero Waste Scotland, <em><a href=\"https:\/\/cdn.zerowastescotland.org.uk\/managed-downloads\/mf-thteewjk-1688050310d\">Scoping policy options<\/a><\/em><\/p>\n<p style=\"text-align: justify;\"><em><a href=\"https:\/\/cdn.zerowastescotland.org.uk\/managed-downloads\/mf-thteewjk-1688050310d\">for Scotland focusing on understanding and managing the environmental impact of single use e-cigarettes<\/a><\/em>, rapport de synth\u00e8se, juin 2023, 28 p.<\/p>\n<p style=\"text-align: justify;\"><a href=\"#_ftnref2\" name=\"_ftn2\">[2]<\/a> Scottish Governement, <a href=\"https:\/\/www.gov.scot\/news\/tackling-the-environmental-impact-of-disposable-vapes\/\"><em>Tackling the environmental impact of disposable vapes<\/em><\/a>, publi\u00e9 le 30 juin 2023, consult\u00e9 le 3 juillet 2023.<\/p>\n<p style=\"text-align: justify;\"><a href=\"#_ftnref3\" name=\"_ftn3\">[3]<\/a> ASH Scotland, <a href=\"https:\/\/www.ashscotland.org.uk\/news-and-events\/news\/2023\/06\/ash-scotland-urges-outright-ban-of-disposable-e-cigarettes-following-publication-of-zero-waste-scotland-s-review-of-the-environmental-and-health-harming-products\/\"><em>ASH Scotland urges outright ban of disposable e-cigarettes, following publication of Zero Waste Scotland\u2019s review of the environmental and health-harming products<\/em><\/a>, publi\u00e9 le 30 juin 2023, consult\u00e9 le 3 juillet 2023.<\/p>\n<p style=\"text-align: justify;\"><strong><a href=\"http:\/\/www.cnct.fr\/\" target=\"_blank\" rel=\"noopener noreferrer\">Comit\u00e9 national contre le tabagisme |<\/a><\/strong><\/p>\n","protected":false},"excerpt":{"rendered":"<p>Un rapport de l\u2019ONG Zero Waste Scotland \u00e9met plusieurs propositions pour limiter les nombreuses cons\u00e9quences environnementales des cigarettes \u00e9lectroniques jetables dites \u00ab\u00a0puffs\u00a0\u00bb.<\/p>\n","protected":false},"featured_media":21116,"template":"","tags":[],"thematique":[480],"class_list":["post-21115","actualites","type-actualites","status-publish","has-post-thumbnail","hentry","thematique-environnement"],"acf":[],"_links":{"self":[{"href":"https:\/\/www.generationsanstabac.org\/fr\/wp-json\/wp\/v2\/actualites\/21115","targetHints":{"allow":["GET"]}}],"collection":[{"href":"https:\/\/www.generationsanstabac.org\/fr\/wp-json\/wp\/v2\/actualites"}],"about":[{"href":"https:\/\/www.generationsanstabac.org\/fr\/wp-json\/wp\/v2\/types\/actualites"}],"version-history":[{"count":0,"href":"https:\/\/www.generationsanstabac.org\/fr\/wp-json\/wp\/v2\/actualites\/21115\/revisions"}],"wp:featuredmedia":[{"embeddable":true,"href":"https:\/\/www.generationsanstabac.org\/fr\/wp-json\/wp\/v2\/media\/21116"}],"wp:attachment":[{"href":"https:\/\/www.generationsanstabac.org\/fr\/wp-json\/wp\/v2\/media?parent=21115"}],"wp:term":[{"taxonomy":"post_tag","embeddable":true,"href":"https:\/\/www.generationsanstabac.org\/fr\/wp-json\/wp\/v2\/tags?post=21115"},{"taxonomy":"thematique","embeddable":true,"href":"https:\/\/www.generationsanstabac.org\/fr\/wp-json\/wp\/v2\/thematique?post=21115"}],"curies":[{"name":"wp","href":"https:\/\/api.w.org\/{rel}","templated":true}]}}