{"id":21112,"date":"2023-07-07T08:00:11","date_gmt":"2023-07-07T06:00:11","guid":{"rendered":"https:\/\/www.generationsanstabac.org\/actualites\/le-senat-du-maine-vote-linterdiction-des-aromes-pour-les-produits-du-tabac-et-du-vapotage\/"},"modified":"2023-07-07T08:00:11","modified_gmt":"2023-07-07T06:00:11","slug":"le-senat-du-maine-vote-linterdiction-des-aromes-pour-les-produits-du-tabac-et-du-vapotage","status":"publish","type":"actualites","link":"https:\/\/www.generationsanstabac.org\/fr\/actualites\/le-senat-du-maine-vote-linterdiction-des-aromes-pour-les-produits-du-tabac-et-du-vapotage\/","title":{"rendered":"Le S\u00e9nat du Maine vote l\u2019interdiction des ar\u00f4mes pour les produits du tabac et du vapotage"},"content":{"rendered":"<p style=\"text-align: justify;\"><em>Le S\u00e9nat du Maine a approuv\u00e9 une proposition de loi visant \u00e0 interdire la vente de produits aromatis\u00e9s du tabac et du vapotage dans l\u2019\u00c9tat. Une mesure largement soutenue par la population.<\/em><\/p>\n<p style=\"text-align: justify;\">Pr\u00e9sent\u00e9 par la s\u00e9natrice d\u00e9mocrate Jill Duson, cette proposition de loi a \u00e9t\u00e9 vot\u00e9e \u00e0 18 voix pour et 16 contre le 21 juin 2023. Elle sera ensuite discut\u00e9e par la chambre des repr\u00e9sentants. Si celle-ci l\u2019approuve, l\u2019\u00c9tat de la Nouvelle-Angleterre interdira la vente de produits aromatis\u00e9s du tabac et du vapotage comme ceux \u00e0 la menthe, \u00e0 la vanille ou \u00e0 des saveurs de fruits. Le texte ne pr\u00e9voit pas de p\u00e9nalisation de l\u2019usage, de l\u2019achat ou de la possession de ces produits par les consommateurs, pr\u00e9f\u00e9rant se concentrer sur l\u2019interdiction de la vente par les commer\u00e7ants.<\/p>\n<p style=\"text-align: justify;\">\u00ab\u00a0Je prends la d\u00e9fense des jeunes du Maine\u00a0\u00bb, a d\u00e9clar\u00e9 Jill Duson devant la presse mercredi 21 juin. \u00ab\u00a0Chacun d&rsquo;entre eux est la cible de l&rsquo;industrie du tabac, une industrie impitoyable et pr\u00e9datrice qui ne se soucie pas le moins du monde d&rsquo;eux ou de la valeur qu&rsquo;ils repr\u00e9sentent pour notre \u00c9tat. L&rsquo;industrie du tabac n&rsquo;a qu&rsquo;un seul objectif : le profit\u00a0\u00bb<a href=\"#_ftn1\" name=\"_ftnref1\">[1]<\/a>.<\/p>\n<p style=\"text-align: justify;\">Dans les objections soulev\u00e9es \u00e0 l\u2019encontre de la mesure au S\u00e9nat, figurait plus particuli\u00e8rement la pr\u00e9occupation que les recettes li\u00e9es \u00e0 la vente des produits aromatis\u00e9es soient perdues au profit d&rsquo;autres \u00c9tats les consommateurs s\u2019approvisionnant en dehors du Maine ou encore en ligne. Toutefois, les partisans de la mesure pr\u00e9voient des \u00e9conomies au fil du temps, sachant que les personnes qui ne consomment pas ces produits risquent moins de tomber malades et de co\u00fbter de l&rsquo;argent au syst\u00e8me de sant\u00e9.  Avec un taux de pr\u00e9valence tabagique de 16,5% chez les adultes et de 6,8% chez les lyc\u00e9ens en 2019<a href=\"#_ftn2\" name=\"_ftnref2\">[2]<\/a>,  le Maine Centers for Disease Control and Prevention a indiqu\u00e9 que \u00ab\u00a0le tabagisme est li\u00e9 \u00e0 80 \u00e0 90 % des d\u00e9c\u00e8s par cancer du poumon\u00a0\u00bb et que le tabagisme a co\u00fbt\u00e9 au syst\u00e8me de sant\u00e9 du Maine plus de 811 millions de dollars en 2019<a href=\"#_ftn3\" name=\"_ftnref3\">[3]<\/a>.<\/p>\n<h2 style=\"text-align: justify;\"><strong>Un fort soutien populaire pour interdire les ar\u00f4mes<\/strong><\/h2>\n<p style=\"text-align: justify;\">Cette proposition de loi dispose d\u2019un fort soutien dans la population de l\u2019\u00c9tat du Maine. Selon un sondage de Flavors Hook Kids Maine, 63% des \u00e9lecteurs de l\u2019\u00c9tat ont d\u00e9clar\u00e9 soutenir l\u2019interdiction de vente de produits du tabac et du vapotage aromatis\u00e9s<a href=\"#_ftn4\" name=\"_ftnref4\">[4]<\/a>. En avril 2023, le comt\u00e9 de South Portland a rejoint ceux de Brunswick, Portland et Bangor en interdisant la vente de produits du tabac et du vapotage aromatis\u00e9s sur son territoire<a href=\"#_ftn5\" name=\"_ftnref5\">[5]<\/a>.<\/p>\n<p style=\"text-align: justify;\">L\u2019appel \u00e0 interdire les ar\u00f4mes pour les produits du tabac et du vapotage est notamment soutenu en raison des strat\u00e9gies marketing des industriels du tabac, qui visent les personnes vuln\u00e9rables comme les jeunes ou les populations en difficult\u00e9 ainsi que les minorit\u00e9s ethniques. Un rapport de l\u2019organisation Campaign for Tobacco-Free Kids publi\u00e9 le 21 f\u00e9vrier 2023 \u00e9tablissait que les industriels du tabac ciblaient tout particuli\u00e8rement les populations noires dans la promotion des cigarettes au menthol, plus abordables financi\u00e8rement que les cigarettes classiques. Ce ciblage s\u2019est traduit par une progression de la consommation de ces produits au sein de cette partie de la population. Ainsi, dans les ann\u00e9es 1950, seulement 10% des fumeurs noirs fumaient des cigarettes au menthol, en 2023 ce chiffre a atteint 85%<a href=\"#_ftn6\" name=\"_ftnref6\">[6]<\/a>.<\/p>\n<p style=\"text-align: justify;\"><strong>Mots-cl\u00e9s : Maine, ar\u00f4mes, vapotage, cigarettes, menthol, S\u00e9nat, vote, interdiction.<\/strong><\/p>\n<p style=\"text-align: justify;\"><strong><a href=\"https:\/\/www.generationsanstabac.org\/\">\u00a9G\u00e9n\u00e9ration Sans Tabac<\/a><\/strong><\/p>\n<p style=\"text-align: right;\"><em><strong>HD<\/strong><\/em><\/p>\n<p style=\"text-align: justify;\"><a href=\"#_ftnref1\" name=\"_ftn1\">[1]<\/a> <a href=\"https:\/\/www.pressherald.com\/2023\/06\/21\/maine-senate-votes-to-ban-flavored-tobacco-products\/\">Maine Senate votes to ban flavored tobacco products<\/a>, Portland Press Herald, 21 juin 2023, consult\u00e9 le 28 juin 2023.<\/p>\n<p style=\"text-align: justify;\"><a href=\"#_ftnref2\" name=\"_ftn2\">[2]<\/a> <a href=\"https:\/\/truthinitiative.org\/research-resources\/smoking-region\/tobacco-use-maine-2021\">Tobacco use in Maine 2021<\/a>, Truth Initiative, 31 janvier 2022, consult\u00e9 le 29 juin 2023<\/p>\n<p style=\"text-align: justify;\"><a href=\"#_ftnref3\" name=\"_ftn3\">[3]<\/a> <a href=\"https:\/\/www.lung.org\/media\/press-releases\/state-of-tobacco-control-report-2022-maine\">State of Tobacco Control Report 2022 Maine<\/a>, American Lung Association, 25 janvier 2022, consult\u00e9 le 28 juin 2023<\/p>\n<p style=\"text-align: justify;\"><a href=\"#_ftnref4\" name=\"_ftn4\"><\/a><a href=\"https:\/\/flavorshookkidsmaine.org\/wp-content\/uploads\/2022\/02\/press_release_2022_01_03.pdf\"><sup><u>[4]<\/u><\/sup> Two-Thirds of Mainers Support Ending Sale of Flavored Tobacco Products<\/a>, Flavors Hook Kids Maine, 3 janvier 2022, consult\u00e9 le 28 juin 2023<\/p>\n<p style=\"text-align: justify;\"><a href=\"#_ftnref5\" name=\"_ftn5\">[5]<\/a> <a href=\"https:\/\/www.bangordailynews.com\/2022\/12\/21\/news\/portland\/flavored-tobacco-sales-banned-in-south-portland-starting-april-1\/\">Flavored tobacco sales banned in South Portland starting April 1<\/a>, Bangor Daily News, 21 d\u00e9cembre 2022, consult\u00e9 le 28 juin 2023<\/p>\n<p style=\"text-align: justify;\"><a href=\"#_ftnref6\" name=\"_ftn6\">[6]<\/a> <a href=\"https:\/\/www.tobaccofreekids.org\/what-we-do\/industry-watch\/menthol-report\">STOPPING MENTHOL, SAVING LIVES<\/a>, Campaign for Tobacco-Free Kids, 21 f\u00e9vrier 2023, consult\u00e9 le 28 juin 2023<\/p>\n<p style=\"text-align: justify;\"><a href=\"#_ftnref1\" name=\"_ftn1\"><\/a><a href=\"#_ftnref2\" name=\"_ftn2\"><\/a><\/p>\n<div class=\"entry-content\">\n<p style=\"text-align: justify;\"><strong><a href=\"http:\/\/www.cnct.fr\/\" target=\"_blank\" rel=\"noopener noreferrer\">Comit\u00e9 national contre le tabagisme |<\/a><\/strong><\/p>\n<\/div>\n","protected":false},"excerpt":{"rendered":"<p>Le S\u00e9nat du Maine a approuv\u00e9 une proposition de loi visant \u00e0 interdire la vente de produits aromatis\u00e9s du tabac et du vapotage dans l\u2019\u00c9tat.<\/p>\n","protected":false},"featured_media":11632,"template":"","tags":[],"thematique":[502],"class_list":["post-21112","actualites","type-actualites","status-publish","has-post-thumbnail","hentry","thematique-justice"],"acf":[],"_links":{"self":[{"href":"https:\/\/www.generationsanstabac.org\/fr\/wp-json\/wp\/v2\/actualites\/21112","targetHints":{"allow":["GET"]}}],"collection":[{"href":"https:\/\/www.generationsanstabac.org\/fr\/wp-json\/wp\/v2\/actualites"}],"about":[{"href":"https:\/\/www.generationsanstabac.org\/fr\/wp-json\/wp\/v2\/types\/actualites"}],"version-history":[{"count":0,"href":"https:\/\/www.generationsanstabac.org\/fr\/wp-json\/wp\/v2\/actualites\/21112\/revisions"}],"wp:featuredmedia":[{"embeddable":true,"href":"https:\/\/www.generationsanstabac.org\/fr\/wp-json\/wp\/v2\/media\/11632"}],"wp:attachment":[{"href":"https:\/\/www.generationsanstabac.org\/fr\/wp-json\/wp\/v2\/media?parent=21112"}],"wp:term":[{"taxonomy":"post_tag","embeddable":true,"href":"https:\/\/www.generationsanstabac.org\/fr\/wp-json\/wp\/v2\/tags?post=21112"},{"taxonomy":"thematique","embeddable":true,"href":"https:\/\/www.generationsanstabac.org\/fr\/wp-json\/wp\/v2\/thematique?post=21112"}],"curies":[{"name":"wp","href":"https:\/\/api.w.org\/{rel}","templated":true}]}}