{"id":21094,"date":"2023-06-20T08:00:44","date_gmt":"2023-06-20T06:00:44","guid":{"rendered":"https:\/\/www.generationsanstabac.org\/actualites\/lutte-antitabac-en-france-des-mesures-particulierement-couts-efficaces\/"},"modified":"2025-01-16T15:51:38","modified_gmt":"2025-01-16T14:51:38","slug":"lutte-antitabac-en-france-des-mesures-particulierement-couts-efficaces","status":"publish","type":"actualites","link":"https:\/\/www.generationsanstabac.org\/fr\/actualites\/lutte-antitabac-en-france-des-mesures-particulierement-couts-efficaces\/","title":{"rendered":"Lutte antitabac en France : des mesures particuli\u00e8rement co\u00fbts-efficaces"},"content":{"rendered":"<p style=\"text-align: justify\"><em>Un rapport de l\u2019OCDE s\u2019est pench\u00e9 sur le retour sur investissement des actions de lutte antitabac en France et conclut \u00e0 un rendement moyen de quatre euros \u00e9pargn\u00e9s pour un euro investi. Parmi les actions engag\u00e9es, le Mois sans tabac se distingue avec un rendement de sept euros par euro investi. <\/em><\/p>\n<p style=\"text-align: justify\">A l\u2019approche de la publication du prochain Programme national de lutte contre le tabac (PNLT), un rapport de l\u2019Organisation de Coop\u00e9ration et de D\u00e9veloppement Economiques (OCDE) vient d\u00e9montrer que les actions engag\u00e9es dans ce cadre sont co\u00fbts-efficaces, c\u2019est-\u00e0-dire qu\u2019elles permettent d\u2019\u00e9conomiser davantage que ce qui est investi.<\/p>\n<p style=\"text-align: justify\">Ce rapport de l\u2019OCDE, financ\u00e9 par Sant\u00e9 publique France et s\u2019appuyant sur les \u00e9tudes publi\u00e9es par cette agence, \u00e9value l\u2019impact sanitaire et \u00e9conomique des actions du programme national de lutte contre le tabac mises en place entre 2016 et 2020<a href=\"#_ftn1\" name=\"_ftnref1\">[1]<\/a>. Parmi les mesures d\u00e9ploy\u00e9es durant cette p\u00e9riode, on compte l\u2019apparition du Mois sans tabac (2016), l\u2019instauration du paquet neutre (2017), trois hausses importantes du prix du tabac (+41 % de 2017 \u00e0 2020) et l\u2019extension du remboursement des substituts nicotiniques (2019).<\/p>\n<h2 style=\"text-align: justify\"><strong>Des gains en ann\u00e9es de vie, en d\u00e9penses de sant\u00e9 et en productivit\u00e9 <\/strong><\/h2>\n<p style=\"text-align: justify\">Pour produire leur \u00e9valuation, les auteurs ont utilis\u00e9 le mod\u00e8le de microsimulation de l\u2019OCDE pour la planification strat\u00e9gique de la sante\u0301 publique pour les maladies non transmissibles (SPHeP-NCD). Cette mod\u00e9lisation permet de calculer des indicateurs de sant\u00e9 et a estim\u00e9 que les mesures du PNLT \u00e9viteraient l\u2019apparition de 4 millions de maladies et de gagner 644 000 ann\u00e9es de vie entre 2023 et 2050. En termes de r\u00e9percussions \u00e9conomiques, ce sont chaque ann\u00e9e 578 millions d\u2019euros de d\u00e9penses de sant\u00e9 qui seraient \u00e9vit\u00e9s et 19 800 \u00e9quivalents temps plein (ETP) \u2013 soit 715 millions d\u2019euros \u2013 qui seraient gagn\u00e9s.<\/p>\n<p style=\"text-align: justify\">Le co\u00fbt des mesures de lutte contre le tabagisme ayant \u00e9t\u00e9 estim\u00e9 annuellement \u00e0 148 millions d\u2019euros, l\u2019ensemble des investissements r\u00e9alis\u00e9s affiche un bon rendement, puisque chaque euro investi permet d\u2019en \u00e9conomiser quatre. Le retour sur investissement s\u2019av\u00e8re encore plus rentable pour l\u2019op\u00e9ration Mois sans tabac, puisque son rendement s\u2019\u00e9tablit \u00e0 sept euros \u00e9pargn\u00e9s pour un euro investi. Le Mois sans tabac se distingue notamment en ce qu\u2019il invite les employeurs \u00e0 s\u2019associer \u00e0 l\u2019op\u00e9ration pour r\u00e9duire le tabagisme chez les salari\u00e9s. Les r\u00e9sultats des \u00e9ditions 2020 et 2021 du Mois sans tabac affichent cependant un recul global de la participation.<\/p>\n<p style=\"text-align: justify\">Au final, les actions de lutte contre le tabagisme se pr\u00e9sentent comme un investissement \u00e0 bon taux de rendement, qui permettent d\u2019augmenter la qualit\u00e9 de vie de la population en r\u00e9duisant les maladies chroniques.<\/p>\n<h2 style=\"text-align: justify\"><strong>Lancement d\u2019une plateforme antitabac sur l\u2019article 12 de la CCLAT<\/strong><\/h2>\n<p style=\"text-align: justify\">La publication de ce rapport offre \u00e9galement \u00e0 Sant\u00e9 publique France une occasion de communiquer sur la prochaine plateforme de connaissances bilingue (fran\u00e7ais-anglais), portant sur l\u2019article 12 de la Convention cadre de l\u2019OMS pour la lutte antitabac (CCLAT)<a href=\"#_ftn2\" name=\"_ftnref2\">[2]<\/a>. L\u2019article 12 de la CCLAT pr\u00e9voit de diffuser des connaissances sur le tabagisme en recourant \u00e0 l\u2019\u00e9ducation, \u00e0 la communication, \u00e0 la formation et \u00e0 la sensibilisation du public.<\/p>\n<p style=\"text-align: justify\"><strong>Mots-cl\u00e9s : OCDE, Sant\u00e9 publique France, PNLT, retour sur investissement.<\/strong><\/p>\n<p style=\"text-align: justify\"><strong><a href=\"https:\/\/www.generationsanstabac.org\/\">\u00a9G\u00e9n\u00e9ration Sans Tabac<\/a><\/strong><\/p>\n<p style=\"text-align: right\"><em><strong>MF<\/strong><\/em><\/p>\n<p style=\"text-align: justify\"><a href=\"#_ftnref1\" name=\"_ftn1\">[1]<\/a> Devaux M, Aldea A, Lerouge A, Dorfmuller Ciampi M, Cecchini M, <a href=\"https:\/\/www.oecd-ilibrary.org\/social-issues-migration-health\/evaluation-du-programme-national-de-lutte-contre-le-tabagisme-en-france_b656e9ac-fr;jsessionid=Bb2IWFp71XA0eZaY-ad43gLfAArnqBvuwy4ISoNe.ip-10-240-5-43\"><em>E\u0301valuation du programme national de lutte contre le tabagisme en France<\/em><\/a>, Documents de travail de l&rsquo;OCDE sur la sante\u0301, No. 155, juin 2023, 64 p.<\/p>\n<p style=\"text-align: justify\"><a href=\"#_ftnref2\" name=\"_ftn2\">[2]<\/a> <a href=\"https:\/\/www.santepubliquefrance.fr\/presse\/2023\/premiere-evaluation-economique-de-mois-sans-tabac-un-dispositif-juge-efficace-et-qui-genere-des-economies-de-sante\"><em>Premi\u00e8re \u00e9valuation \u00e9conomique de Mois sans tabac : un dispositif jug\u00e9 efficace et qui g\u00e9n\u00e8re des \u00e9conomies de sant\u00e9<\/em><\/a>, Sant\u00e9 publique France, publi\u00e9 le 16 juin 2023, consult\u00e9 le 17 juin 2023.<\/p>\n<p style=\"text-align: justify\"><strong><a href=\"http:\/\/www.cnct.fr\/\" target=\"_blank\" rel=\"noopener noreferrer\">Comit\u00e9 national contre le tabagisme |<\/a><\/strong><\/p>\n","protected":false},"excerpt":{"rendered":"<p>Un rapport de l\u2019OCDE s\u2019est pench\u00e9 sur le retour sur investissement des actions de lutte antitabac en France et conclut \u00e0 un rendement moyen de quatre euros \u00e9pargn\u00e9s pour un euro investi.<\/p>\n","protected":false},"featured_media":10357,"template":"","tags":[],"thematique":[491,474,565],"class_list":["post-21094","actualites","type-actualites","status-publish","has-post-thumbnail","hentry","thematique-politiques-publiques","thematique-sante","thematique-sensibilisation"],"acf":[],"_links":{"self":[{"href":"https:\/\/www.generationsanstabac.org\/fr\/wp-json\/wp\/v2\/actualites\/21094","targetHints":{"allow":["GET"]}}],"collection":[{"href":"https:\/\/www.generationsanstabac.org\/fr\/wp-json\/wp\/v2\/actualites"}],"about":[{"href":"https:\/\/www.generationsanstabac.org\/fr\/wp-json\/wp\/v2\/types\/actualites"}],"version-history":[{"count":0,"href":"https:\/\/www.generationsanstabac.org\/fr\/wp-json\/wp\/v2\/actualites\/21094\/revisions"}],"wp:featuredmedia":[{"embeddable":true,"href":"https:\/\/www.generationsanstabac.org\/fr\/wp-json\/wp\/v2\/media\/10357"}],"wp:attachment":[{"href":"https:\/\/www.generationsanstabac.org\/fr\/wp-json\/wp\/v2\/media?parent=21094"}],"wp:term":[{"taxonomy":"post_tag","embeddable":true,"href":"https:\/\/www.generationsanstabac.org\/fr\/wp-json\/wp\/v2\/tags?post=21094"},{"taxonomy":"thematique","embeddable":true,"href":"https:\/\/www.generationsanstabac.org\/fr\/wp-json\/wp\/v2\/thematique?post=21094"}],"curies":[{"name":"wp","href":"https:\/\/api.w.org\/{rel}","templated":true}]}}