{"id":21093,"date":"2023-06-17T08:00:44","date_gmt":"2023-06-17T06:00:44","guid":{"rendered":"https:\/\/www.generationsanstabac.org\/actualites\/questions-sur-la-tracabilite-et-la-taxation-des-produits-du-tabac-en-europe\/"},"modified":"2023-06-17T08:00:44","modified_gmt":"2023-06-17T06:00:44","slug":"questions-sur-la-tracabilite-et-la-taxation-des-produits-du-tabac-en-europe","status":"publish","type":"actualites","link":"https:\/\/www.generationsanstabac.org\/fr\/actualites\/questions-sur-la-tracabilite-et-la-taxation-des-produits-du-tabac-en-europe\/","title":{"rendered":"Questions sur la tra\u00e7abilit\u00e9 et la taxation des produits du tabac en Europe"},"content":{"rendered":"<p style=\"text-align: justify;\"><em>\u00ab Taxation, tra\u00e7abilit\u00e9, des leviers dans la lutte contre le march\u00e9 parall\u00e8le \u00bb \u00e9tait l\u2019intitul\u00e9 d\u2019une table ronde organis\u00e9e au Parlement europ\u00e9en par des eurod\u00e9put\u00e9es du groupe The Left. Elle a permis d\u2019\u00e9voquer les blocages actuels autour de la r\u00e9vision de la directive europ\u00e9enne sur les produits du tabac et place la question des taxes au centre du d\u00e9bat europ\u00e9en. <\/em><\/p>\n<p style=\"text-align: justify;\">Le commerce illicite de tabac est un th\u00e8me habituellement brandi par l\u2019industrie du tabac pour contrer les hausses de taxes sur les produits du tabac. Ces hausses des taxes et de prix des produits du tabac sont pourtant un des outils essentiels pour r\u00e9duire la pr\u00e9valence tabagique. Elles devaient \u00eatre au c\u0153ur de la r\u00e9vision de la directive europ\u00e9enne 2011\/64\/UE sur la taxation des produits du tabac, pr\u00e9vue pour septembre 2022. Cette r\u00e9vision a \u00e9t\u00e9 report\u00e9e en 2023, sans indication d\u2019\u00e9ch\u00e9ance.<\/p>\n<p style=\"text-align: justify;\">C\u2019est pour mettre en lumi\u00e8re l\u2019importance de la taxation des produits et \u00e9claircir les donn\u00e9es du commerce parall\u00e8le que les eurod\u00e9put\u00e9es Mich\u00e8le Rivasi et Anne-Sophie Pelletier ont r\u00e9uni le 14 juin 2023 un panel d\u2019intervenants autour d\u2019une table ronde, qui s\u2019est tenue en ligne et au Parlement europ\u00e9en.<\/p>\n<h2 style=\"text-align: justify;\"><strong>Le projet de r\u00e9vision de la directive sur les taxes bloqu\u00e9 par Philip Morris ?  <\/strong><\/h2>\n<p style=\"text-align: justify;\">Les intervenants de la table ronde ont nettement insist\u00e9 sur la n\u00e9cessit\u00e9 d\u2019une harmonisation des taxes sur le tabac en Europe :<\/p>\n<ul style=\"text-align: justify;\">\n<li>Martin Drago (Alliance contre le tabac\/ACT) a d\u00e9taill\u00e9 comment l\u2019industrie du tabac instrumentalise le th\u00e8me du commerce parall\u00e8le. Les chiffres des <a href=\"https:\/\/www.generationsanstabac.org\/actualites\/contestation-des-chiffres-du-rapport-de-kpmg-sur-le-commerce-illicite-du-tabac\/\">rapports de KPMG<\/a>, dont la m\u00e9thodologie est tr\u00e8s critiqu\u00e9e, sont repris sans discernement par la plupart des m\u00e9dias et par les acteurs politiques favorables \u00e0 l\u2019industrie du tabac. En France, la focalisation actuelle sur la contrebande et les flottements dans l\u2019adoption de la taxation du tabac chauff\u00e9 sont deux exemples d\u2019interf\u00e9rences des industriels du tabac.<\/li>\n<li>Lilia Olifir (Smoke Free Partnership\/SFP) a mis en parall\u00e8le le report de la r\u00e9vision de la directives sur les taxes, le 23 novembre 2022, sans d\u00e9tailler d\u2019autres motifs que l\u2019inflation et le prix de l\u2019\u00e9nergie, et le <a href=\"https:\/\/www.generationsanstabac.org\/actualites\/pourparlers-rachat-swedish-match-snus-philip-morris\/\">rachat de Swedish Match<\/a> par Philip Morris International (PMI), finalis\u00e9 le 5 d\u00e9cembre 2022. Une rumeur selon laquelle la Su\u00e8de quitterait l\u2019Union Europ\u00e9enne (UE) en cas de taxation du snus<a href=\"#_ftn1\" name=\"_ftnref1\">[1]<\/a> aurait ainsi contribu\u00e9 \u00e0 bloquer les discussions sur l\u2019harmonisation des taxes. Or, le report de la directive 2011\/64\/UE compromet \u00e9galement le Plan europ\u00e9en pour vaincre le cancer (PEVC) et son objectif d\u2019une g\u00e9n\u00e9ration sans tabac en Europe en 2040.<\/li>\n<li>Robert Branston (Universit\u00e9 de Bath) a point\u00e9 la n\u00e9cessit\u00e9 d\u2019harmoniser les taxes entre pays europ\u00e9ens, notamment en imposant des minimas de perception qui \u00e9viteraient les larges \u00e9carts de prix d\u2019un pays \u00e0 l\u2019autre. La convergence de la fiscalit\u00e9 des produits du tabac et de la nicotine s\u2019av\u00e8re tout aussi indispensable pour parer aux d\u00e9clinaisons de produits dans des niches de taxation et pour \u00e9viter les reports de consommation.<\/li>\n<li>Le cardiologue Olivier Milleron (H\u00f4pital Bichat\/AP-HP) a enfin rappel\u00e9 le poids de l\u2019industrie du tabac dans l\u2019histoire du capitalisme mondial. Il s\u2019est interrog\u00e9 sur le manque de mobilisation des mouvements militants, notamment \u00e9cologistes, contre les nombreuses cons\u00e9quences \u00e9conomiques, sociales et environnementales de la production et du commerce du tabac.<\/li>\n<\/ul>\n<p style=\"text-align: justify;\">Pour lutter contre le sur-approvisionnement de certains pays, ce qui alimente les achats transfrontaliers, l\u2019article 7 du <a href=\"https:\/\/apps.who.int\/iris\/bitstream\/handle\/10665\/80882\/9789242505245_fre.pdf\">Protocole pour \u00e9liminer le commerce illicite des produits du tabac<\/a> propose tout simplement de limiter au prorata de sa population les quantit\u00e9s de tabac livr\u00e9es \u00e0 un pays.<\/p>\n<h2 style=\"text-align: justify;\"><strong>La tra\u00e7abilit\u00e9 des produits du tabac entrav\u00e9e par les conflits d\u2019int\u00e9r\u00eats<\/strong><\/h2>\n<p style=\"text-align: justify;\">Mich\u00e8le Rivasi a annonc\u00e9 son intention de porter devant la justice le <a href=\"https:\/\/www.generationsanstabac.org\/actualites\/commission-europeenne-un-conflit-dinterets-entre-un-haut-fonctionnaire-et-lindustrie-du-tabac\/\">conflit d\u2019int\u00e9r\u00eats<\/a> pos\u00e9 par l\u2019embauche par Dentsu de Jan Hoffmann, un ancien haut fonctionnaire europ\u00e9en. Dentsu, le groupe en charge de la tra\u00e7abilit\u00e9 des produits du tabac dans l\u2019UE, a \u00e9t\u00e9 tr\u00e8s critiqu\u00e9 pour ses liens directs avec l\u2019industrie du tabac : il compte Japan Tobacco International (JTI) parmi ses clients et avait rachet\u00e9 Blue-Infinity, une entreprise technologique li\u00e9e \u00e0 l\u2019industrie du tabac, ce qui ne permet pas de garantir son ind\u00e9pendance. Jan Hoffmann \u00e9tait de son c\u00f4t\u00e9 en charge du syst\u00e8me de s\u00e9lection de l\u2019entreprise devant assurer la tra\u00e7abilit\u00e9 des produits du tabac, et de l\u2019\u00e9valuation de cette entreprise. Rejoindre ensuite la m\u00eame entreprise appara\u00eet comme un conflit d\u2019int\u00e9r\u00eats manifeste.<\/p>\n<p style=\"text-align: justify;\">Mme Rivasi a d\u2019autre part exprim\u00e9 ses regrets face au manque de volont\u00e9 politique des \u00e9tats membres et des institutions europ\u00e9ennes sur la question du tabac, sources du retard de la r\u00e9vision de la directive sur la taxation des produits du tabac.<\/p>\n<p style=\"text-align: justify;\"><strong>Mots-cl\u00e9s : Union Europ\u00e9enne, Mich\u00e8le Rivasi, TPD, harmonisation des taxes, tra\u00e7abilit\u00e9, Dentsu, PMI, JTI<\/strong><\/p>\n<p><strong><a href=\"https:\/\/www.generationsanstabac.org\/\">\u00a9G\u00e9n\u00e9ration Sans Tabac<\/a><\/strong><\/p>\n<p style=\"text-align: right;\"><em><strong>MF<\/strong><\/em><\/p>\n<hr \/>\n<p style=\"text-align: justify;\"><a href=\"#_ftnref1\" name=\"_ftn1\">[1]<\/a> Les snus sont des sachets de tabac qui se placent entre la l\u00e8vre et la gencive. En Europe, ils ne sont commercialis\u00e9s qu\u2019en Su\u00e8de, en Norv\u00e8ge et en Suisse. A ne pas confondre avec les sachets de nicotine (pouches), qui ne contiennent pas de tabac. Swedish Match est un leader mondial sur les segments des snus et des sachets de nicotine.<\/p>\n<p><strong><a href=\"http:\/\/www.cnct.fr\/\" target=\"_blank\" rel=\"noopener noreferrer\">Comit\u00e9 national contre le tabagisme |<\/a><\/strong><\/p>\n","protected":false},"excerpt":{"rendered":"<p>\u00ab Taxation, tra\u00e7abilit\u00e9, des leviers dans la lutte contre le march\u00e9 parall\u00e8le \u00bb \u00e9tait l\u2019intitul\u00e9 d\u2019une table ronde organis\u00e9e au Parlement europ\u00e9en par des eurod\u00e9put\u00e9es du groupe The Left. Elle a permis d\u2019\u00e9voquer les blocages actuels autour de la r\u00e9vision de la directive europ\u00e9enne sur les produits du tabac et place la question des taxes au centre du d\u00e9bat europ\u00e9en.<\/p>\n","protected":false},"featured_media":20217,"template":"","tags":[],"thematique":[538,491],"class_list":["post-21093","actualites","type-actualites","status-publish","has-post-thumbnail","hentry","thematique-marches-paralleles","thematique-politiques-publiques"],"acf":[],"_links":{"self":[{"href":"https:\/\/www.generationsanstabac.org\/fr\/wp-json\/wp\/v2\/actualites\/21093","targetHints":{"allow":["GET"]}}],"collection":[{"href":"https:\/\/www.generationsanstabac.org\/fr\/wp-json\/wp\/v2\/actualites"}],"about":[{"href":"https:\/\/www.generationsanstabac.org\/fr\/wp-json\/wp\/v2\/types\/actualites"}],"version-history":[{"count":0,"href":"https:\/\/www.generationsanstabac.org\/fr\/wp-json\/wp\/v2\/actualites\/21093\/revisions"}],"wp:featuredmedia":[{"embeddable":true,"href":"https:\/\/www.generationsanstabac.org\/fr\/wp-json\/wp\/v2\/media\/20217"}],"wp:attachment":[{"href":"https:\/\/www.generationsanstabac.org\/fr\/wp-json\/wp\/v2\/media?parent=21093"}],"wp:term":[{"taxonomy":"post_tag","embeddable":true,"href":"https:\/\/www.generationsanstabac.org\/fr\/wp-json\/wp\/v2\/tags?post=21093"},{"taxonomy":"thematique","embeddable":true,"href":"https:\/\/www.generationsanstabac.org\/fr\/wp-json\/wp\/v2\/thematique?post=21093"}],"curies":[{"name":"wp","href":"https:\/\/api.w.org\/{rel}","templated":true}]}}