{"id":21091,"date":"2023-06-19T08:00:14","date_gmt":"2023-06-19T06:00:14","guid":{"rendered":"https:\/\/www.generationsanstabac.org\/actualites\/caraibes-un-rapport-sur-la-cigarette-electronique-invite-les-decideurs-a-decourager-le-vapotage-chez-les-jeunes\/"},"modified":"2023-06-19T08:00:14","modified_gmt":"2023-06-19T06:00:14","slug":"caraibes-un-rapport-sur-la-cigarette-electronique-invite-les-decideurs-a-decourager-le-vapotage-chez-les-jeunes","status":"publish","type":"actualites","link":"https:\/\/www.generationsanstabac.org\/fr\/actualites\/caraibes-un-rapport-sur-la-cigarette-electronique-invite-les-decideurs-a-decourager-le-vapotage-chez-les-jeunes\/","title":{"rendered":"Cara\u00efbes : Un rapport sur la cigarette \u00e9lectronique invite les d\u00e9cideurs \u00e0 d\u00e9courager le vapotage chez les jeunes"},"content":{"rendered":"<p style=\"text-align: justify;\"><em>Un rapport de l&rsquo;ONG carib\u00e9enne Healthy Caribbean Coalition (HCC) recommande aux pays des Cara\u00efbes de se focaliser sur les politiques publiques visant \u00e0 d\u00e9courager l&rsquo;utilisation des cigarettes \u00e9lectroniques par les enfants et adolescents.<\/em><\/p>\n<p style=\"text-align: justify;\">Le rapport, publi\u00e9 le 12 juin 2023 et intitul\u00e9 \u00ab\u00a0Vaping among adolescents and youth in the Caribbean : Situation, policy responses and recommended actions\u00a0\u00bb, analyse la situation concernant l&rsquo;utilisation des cigarettes \u00e9lectroniques par les enfants et les adolescents dans les Cara\u00efbes. Il aborde \u00e9galement les r\u00e9ponses politiques dans la r\u00e9gion qui s&rsquo;attaquent \u00e0 ce probl\u00e8me croissant, ainsi que les meilleures pratiques \u00e0 adopter \u00e0 ce niveau<a href=\"#_ftn1\" name=\"_ftnref1\">[1]<\/a>.<\/p>\n<p style=\"text-align: justify;\">Le document de 31 pages indique qu\u2019une forte politique fiscale aurait un effet dissuasif sur l&rsquo;utilisation des produits du vapotage et pr\u00e9viendrait l&rsquo;initiation des jeunes, et que les recettes collect\u00e9es gr\u00e2ce \u00e0 cette mesure pourraient \u00eatre affect\u00e9es au budget des interventions de promotion de la sant\u00e9.<\/p>\n<p style=\"text-align: justify;\">Selon le rapport, la politique fiscale devrait pr\u00e9voir des droits de consommation qui pourraient correspondre \u00e0 un certain pourcentage (ad valorem) ou \u00e0 une part fixe, dite taxe sp\u00e9cifique ou encore la combinaison de ces deux taxes : variables et fixes.  Cette taxe devrait s\u2019appliquer aux e-liquides utilis\u00e9s pour la consommation de ces produits, que ces e-liquides contiennent ou pas de la nicotine et cette taxe devrait \u00e9galement concerner les dispositifs en tant que tels. Le type de fiscalit\u00e9 peut enfin \u00eatre fonction de la capacit\u00e9 administrative nationale dans le domaine de la taxation.<\/p>\n<h2 style=\"text-align: justify;\"><strong>Priorit\u00e9 \u00e0 la lutte contre le vapotage chez les plus jeunes aux Cara\u00efbes<\/strong><\/h2>\n<p style=\"text-align: justify;\">\u00ab\u00a0Le tabagisme est l&rsquo;un des principaux facteurs de risque des maladies non transmissibles. Dans la r\u00e9gion des Cara\u00efbes, comme dans le reste du monde, des progr\u00e8s ont \u00e9t\u00e9 r\u00e9alis\u00e9s dans la r\u00e9duction de la consommation de tabac, notamment chez les adolescents et les jeunes\u00a0\u00bb, indique la HCC. \u00ab\u00a0Toutefois, ces progr\u00e8s sont mis en p\u00e9ril par une augmentation de l&rsquo;utilisation des cigarettes \u00e9lectroniques, en particulier chez les jeunes\u00a0\u00bb. La HCC indique qu\u2019en 2018 l&rsquo;utilisation des cigarettes \u00e9lectroniques chez les 13-15 ans varie de 4,0 % \u00e0 Antigua-et-Barbuda \u00e0 11,0 % \u00e0 Sainte-Lucie, 11,7 % en Jama\u00efque et 17,2 % \u00e0 Trinit\u00e9-et-Tobago.<\/p>\n<p style=\"text-align: justify;\">En r\u00e9f\u00e9rence \u00e0 la Convention cadre pour la lutte antitabac de l\u2019OMS, la HCC pr\u00e9conise une strat\u00e9gie d\u2019ensemble. Elle demande l&rsquo;interdiction de l&rsquo;utilisation des dispositifs de vapotage dans tous les espaces publics int\u00e9rieurs, sur les lieux de travail, dans les transports publics et dans d&rsquo;autres lieux o\u00f9 il est interdit de fumer d\u2019une mani\u00e8re g\u00e9n\u00e9rale. L&rsquo;interdiction des ar\u00f4mes autres que l\u2019ar\u00f4me tabac fait partie de l\u2019arsenal recommand\u00e9 afin de pr\u00e9venir la consommation de ces produits par les jeunes. La HCC recommande \u00e9galement que l&rsquo;\u00e2ge l\u00e9gal d&rsquo;achat pour que ces produits soient vendus soit port\u00e9 de 18 ans \u00e0 21 ans et que les l\u00e9gislations relatives aux interdits protecteurs soient strictement appliqu\u00e9es. Enfin, les auteurs du rapport insistent sur l&rsquo;interdiction de la publicit\u00e9, de la promotion et du parrainage des cigarettes \u00e9lectroniques.<\/p>\n<p style=\"text-align: justify;\">Le rapport fait \u00e9tat de plusieurs obstacles \u00e0 la pr\u00e9vention et \u00e0 la r\u00e9duction de l&rsquo;usage des produits du vapotage par les jeunes, notamment le manque de volont\u00e9 politique ainsi que le manque d&rsquo;\u00e9ducation et de connaissances sur les dangers de ces produits par les diff\u00e9rentes autorit\u00e9s publiques Face \u00e0 cette situation, les chercheurs de la HCC pr\u00e9conisent de \u00ab\u00a0sensibiliser les d\u00e9cideurs politiques pour obtenir leur adh\u00e9sion, et porter ce sujet \u00e0 l\u2019agenda politique. Ils appellent \u00e9galement \u00e0 cibler les adolescents et les jeunes eux-m\u00eames, ainsi que les personnels de sant\u00e9, les acteurs des communaut\u00e9s fr\u00e9quent\u00e9es par ces jeunes notamment le monde de l\u2019\u00e9ducation, ou encore le monde du travail.<\/p>\n<p style=\"text-align: justify;\"><strong>Mots-cl\u00e9s : Cara\u00efbes, vapotage, jeunes, politique, taxes, cigarettes \u00e9lectroniques, adolescents<\/strong><\/p>\n<p><strong><a href=\"https:\/\/www.generationsanstabac.org\/\">\u00a9G\u00e9n\u00e9ration Sans Tabac<\/a><\/strong><\/p>\n<p style=\"text-align: right;\"><em><strong>HD<\/strong><\/em><\/p>\n<p style=\"text-align: justify;\"><a href=\"#_ftnref1\" name=\"_ftn1\">[1]<\/a> <a href=\"https:\/\/www.healthycaribbean.org\/wp-content\/uploads\/2023\/06\/Vaping-Among-Adolescents-and-Youth-in-the-Caribbean-Situation-Policy-Responses-and-Recommended-Actions-HCC-June-2023-1.pdf\">Vaping among adolescents and youth in the Caribbean : Situation, policy responses and recommended actions<\/a>, Healthy Caribbean Coalition, 12 juin 2023, consult\u00e9 le 14 juin 2023<\/p>\n<p><strong><a href=\"http:\/\/www.cnct.fr\/\" target=\"_blank\" rel=\"noopener noreferrer\">Comit\u00e9 national contre le tabagisme |<\/a><\/strong><\/p>\n","protected":false},"excerpt":{"rendered":"<p>Un rapport de l&rsquo;ONG carib\u00e9enne Healthy Caribbean Coalition (HCC) recommande aux pays des Cara\u00efbes de se focaliser sur les politiques publiques visant \u00e0 d\u00e9courager l&rsquo;utilisation des cigarettes \u00e9lectroniques par les enfants et adolescents.<\/p>\n","protected":false},"featured_media":11605,"template":"","tags":[],"thematique":[516,474],"class_list":["post-21091","actualites","type-actualites","status-publish","has-post-thumbnail","hentry","thematique-nouveaux-produits","thematique-sante"],"acf":[],"_links":{"self":[{"href":"https:\/\/www.generationsanstabac.org\/fr\/wp-json\/wp\/v2\/actualites\/21091","targetHints":{"allow":["GET"]}}],"collection":[{"href":"https:\/\/www.generationsanstabac.org\/fr\/wp-json\/wp\/v2\/actualites"}],"about":[{"href":"https:\/\/www.generationsanstabac.org\/fr\/wp-json\/wp\/v2\/types\/actualites"}],"version-history":[{"count":0,"href":"https:\/\/www.generationsanstabac.org\/fr\/wp-json\/wp\/v2\/actualites\/21091\/revisions"}],"wp:featuredmedia":[{"embeddable":true,"href":"https:\/\/www.generationsanstabac.org\/fr\/wp-json\/wp\/v2\/media\/11605"}],"wp:attachment":[{"href":"https:\/\/www.generationsanstabac.org\/fr\/wp-json\/wp\/v2\/media?parent=21091"}],"wp:term":[{"taxonomy":"post_tag","embeddable":true,"href":"https:\/\/www.generationsanstabac.org\/fr\/wp-json\/wp\/v2\/tags?post=21091"},{"taxonomy":"thematique","embeddable":true,"href":"https:\/\/www.generationsanstabac.org\/fr\/wp-json\/wp\/v2\/thematique?post=21091"}],"curies":[{"name":"wp","href":"https:\/\/api.w.org\/{rel}","templated":true}]}}